{"id":20807,"date":"2025-02-24T10:59:00","date_gmt":"2025-02-24T13:59:00","guid":{"rendered":"https:\/\/sgvaimudar.com.br\/?p=20807"},"modified":"2025-02-24T09:00:47","modified_gmt":"2025-02-24T12:00:47","slug":"homem-morre-esfaqueado-em-bar-de-niteroi","status":"publish","type":"post","link":"https:\/\/sgvaimudar.com.br\/index.php\/2025\/02\/24\/homem-morre-esfaqueado-em-bar-de-niteroi\/","title":{"rendered":"Homem morre esfaqueado em bar de Niter\u00f3i"},"content":{"rendered":"\n<p><em>Segundo testemunhas, acusada teria fugido do local<\/em><\/p>\n\n\n\n<p>Um homem morreu ap\u00f3s ser esfaqueado dentro de um bar na noite de s\u00e1bado (22), na Rua Visconde do Uruguai, no centro de Niter\u00f3i. Segundo testemunhas, uma mulher \u00e9 suspeita de cometer o crime e fugiu depois da agress\u00e3o. V\u00edtima n\u00e3o foi identificada.<\/p>\n\n\n\n<p>A Pol\u00edcia Militar (PM) informou que uma equipe do 12\u00ba BPM (Niter\u00f3i) foi acionada por volta das 23h30 para atender a ocorr\u00eancia de les\u00e3o corporal por arma branca.<\/p>\n\n\n\n<p>No local, os agentes encontraram a v\u00edtima ca\u00edda no ch\u00e3o com ferimentos que pareciam ser de faca. O Servi\u00e7o de Atendimento M\u00f3vel de Urg\u00eancia (SAMU) foi chamado e confirmou a morte do homem.<\/p>\n\n\n\n<p>A Pol\u00edcia Civil informou que a Delegacia de Homic\u00eddios de Niter\u00f3i, S\u00e3o Gon\u00e7alo e Itabora\u00ed (DHNSG) investiga o caso.<\/p>\n\n\n\n<p>O corpo da v\u00edtima foi levado para o Instituto M\u00e9dico Legal (IML) do Barreto, na Zona Norte da cidade.<\/p>\n\n\n\n<p><em>Fonte: enfoco<\/em><\/p>\n\n\n\n<figure class=\"wp-block-image size-full\"><img decoding=\"async\" width=\"317\" height=\"110\" src=\"https:\/\/sgvaimudar.com.br\/wp-content\/uploads\/2023\/08\/cropped-Logo-Provisoria-2-2.png\" alt=\"\" class=\"wp-image-2782\" srcset=\"https:\/\/sgvaimudar.com.br\/wp-content\/uploads\/2023\/08\/cropped-Logo-Provisoria-2-2.png 317w, https:\/\/sgvaimudar.com.br\/wp-content\/uploads\/2023\/08\/cropped-Logo-Provisoria-2-2-300x104.png 300w\" sizes=\"(max-width: 317px) 100vw, 317px\" \/><\/figure>\n","protected":false},"excerpt":{"rendered":"<p>Segundo testemunhas, acusada teria fugido do local Um homem morreu ap\u00f3s ser esfaqueado dentro de um bar na noite de&hellip;<\/p>\n","protected":false},"author":5,"featured_media":20808,"comment_status":"open","ping_status":"open","sticky":false,"template":"","format":"standard","meta":{"fifu_image_url":"","fifu_image_alt":"","footnotes":""},"categories":[32],"tags":[39],"class_list":["post-20807","post","type-post","status-publish","format-standard","has-post-thumbnail","hentry","category-casos-de-policia","tag-ataque"],"_links":{"self":[{"href":"https:\/\/sgvaimudar.com.br\/index.php\/wp-json\/wp\/v2\/posts\/20807","targetHints":{"allow":["GET"]}}],"collection":[{"href":"https:\/\/sgvaimudar.com.br\/index.php\/wp-json\/wp\/v2\/posts"}],"about":[{"href":"https:\/\/sgvaimudar.com.br\/index.php\/wp-json\/wp\/v2\/types\/post"}],"author":[{"embeddable":true,"href":"https:\/\/sgvaimudar.com.br\/index.php\/wp-json\/wp\/v2\/users\/5"}],"replies":[{"embeddable":true,"href":"https:\/\/sgvaimudar.com.br\/index.php\/wp-json\/wp\/v2\/comments?post=20807"}],"version-history":[{"count":1,"href":"https:\/\/sgvaimudar.com.br\/index.php\/wp-json\/wp\/v2\/posts\/20807\/revisions"}],"predecessor-version":[{"id":20809,"href":"https:\/\/sgvaimudar.com.br\/index.php\/wp-json\/wp\/v2\/posts\/20807\/revisions\/20809"}],"wp:featuredmedia":[{"embeddable":true,"href":"https:\/\/sgvaimudar.com.br\/index.php\/wp-json\/wp\/v2\/media\/20808"}],"wp:attachment":[{"href":"https:\/\/sgvaimudar.com.br\/index.php\/wp-json\/wp\/v2\/media?parent=20807"}],"wp:term":[{"taxonomy":"category","embeddable":true,"href":"https:\/\/sgvaimudar.com.br\/index.php\/wp-json\/wp\/v2\/categories?post=20807"},{"taxonomy":"post_tag","embeddable":true,"href":"https:\/\/sgvaimudar.com.br\/index.php\/wp-json\/wp\/v2\/tags?post=20807"}],"curies":[{"name":"wp","href":"https:\/\/api.w.org\/{rel}","templated":true}]}}