{"id":20788,"date":"2025-02-24T07:29:39","date_gmt":"2025-02-24T10:29:39","guid":{"rendered":"https:\/\/sgvaimudar.com.br\/?p=20788"},"modified":"2025-02-24T07:29:39","modified_gmt":"2025-02-24T10:29:39","slug":"secretaria-de-assistencia-social-vai-realizar-baile-de-carnaval-para-pcds","status":"publish","type":"post","link":"https:\/\/sgvaimudar.com.br\/index.php\/2025\/02\/24\/secretaria-de-assistencia-social-vai-realizar-baile-de-carnaval-para-pcds\/","title":{"rendered":"Secretaria de Assist\u00eancia Social vai realizar baile de carnaval para PCDs"},"content":{"rendered":"\n<p><em>PCD Folia vai acontecer na pr\u00f3xima ter\u00e7a (25) no Partage<\/em><\/p>\n\n\n\n<p>O Carnaval est\u00e1 chegando e, para antecipar as comemora\u00e7\u00f5es, a Secretaria de Assist\u00eancia Social da Prefeitura de S\u00e3o Gon\u00e7alo, atrav\u00e9s da Subsecretaria da Pessoa com Defici\u00eancia, vai realizar um baile na pr\u00f3xima ter\u00e7a-feira (25), \u00e0s 14h. O evento vai acontecer no Shopping Partage, no Espa\u00e7o Mais Conhecimento.<\/p>\n\n\n\n<p>No local, o p\u00fablico poder\u00e1 se divertir com m\u00fasicas, incluindo marchinhas de carnaval, comandadas pelo MC Helinho. Al\u00e9m disso, a assistente social e animadora Silvana Pinheiro vai realizar diversas atividades com os participantes.<\/p>\n\n\n\n<figure class=\"wp-block-image size-large\"><img fetchpriority=\"high\" decoding=\"async\" width=\"819\" height=\"1024\" src=\"https:\/\/sgvaimudar.com.br\/wp-content\/uploads\/2025\/02\/unnamed-5-17-819x1024.jpg\" alt=\"\" class=\"wp-image-20789\" srcset=\"https:\/\/sgvaimudar.com.br\/wp-content\/uploads\/2025\/02\/unnamed-5-17-819x1024.jpg 819w, https:\/\/sgvaimudar.com.br\/wp-content\/uploads\/2025\/02\/unnamed-5-17-240x300.jpg 240w, https:\/\/sgvaimudar.com.br\/wp-content\/uploads\/2025\/02\/unnamed-5-17-768x960.jpg 768w, https:\/\/sgvaimudar.com.br\/wp-content\/uploads\/2025\/02\/unnamed-5-17.jpg 1080w\" sizes=\"(max-width: 819px) 100vw, 819px\" \/><\/figure>\n\n\n\n<p>Apesar do PCD Folia ser voltado \u00e0s pessoas com defici\u00eancia, todos os gon\u00e7alenses podem participar. Cabe destacar que, por conta das m\u00fasicas e movimenta\u00e7\u00e3o de pessoas, o baile n\u00e3o \u00e9 recomendado para as pessoas com defici\u00eancia que possuem hipersensibilidade auditiva.<\/p>\n\n\n\n<p>Ainda no ritmo de carnaval, haver\u00e1 uma oficina de confec\u00e7\u00e3o de m\u00e1scaras carnavalescas especialmente para pessoas autistas. Para participar, \u00e9 necess\u00e1rio realizar uma inscri\u00e7\u00e3o atrav\u00e9s do e-mail:&nbsp;<a href=\"mailto:eventosinclusivos.espacoazul@gmail.com\" rel=\"noreferrer noopener\" target=\"_blank\">eventosinclusivos.espacoazul@gmail.com<\/a>. A atividade ser\u00e1 realizada na quinta-feira (27), no Espa\u00e7o Azul, no Shopping S\u00e3o Gon\u00e7alo, a partir das 14h.<\/p>\n\n\n\n<p><strong>Servi\u00e7o:<\/strong><\/p>\n\n\n\n<ol class=\"wp-block-list\">\n<li>O Espa\u00e7o Mais Conhecimento est\u00e1 localizado no segundo piso do Shopping Partage, que fica na Av. Presidente Kennedy, 425, no Centro.<\/li>\n\n\n\n<li>O Espa\u00e7o Azul est\u00e1 localizado no Shopping S\u00e3o Gon\u00e7alo, que fica na Avenida S\u00e3o Gon\u00e7alo ou Rod. Niter\u00f3i-Manilha, 100, no bairro Boa Vista.<\/li>\n<\/ol>\n\n\n\n<p><strong><em>S\u00e3o Gon\u00e7alo vai mudar: Not\u00edcias de S\u00e3o Gon\u00e7alo e toda regi\u00e3o.<\/em><\/strong><\/p>\n\n\n\n<p><\/p>\n","protected":false},"excerpt":{"rendered":"<p>PCD Folia vai acontecer na pr\u00f3xima ter\u00e7a (25) no Partage O Carnaval est\u00e1 chegando e, para antecipar as comemora\u00e7\u00f5es, a&hellip;<\/p>\n","protected":false},"author":5,"featured_media":5839,"comment_status":"open","ping_status":"open","sticky":false,"template":"","format":"standard","meta":{"fifu_image_url":"","fifu_image_alt":"","footnotes":""},"categories":[3],"tags":[47,75],"class_list":["post-20788","post","type-post","status-publish","format-standard","has-post-thumbnail","hentry","category-sao-goncalo","tag-rj","tag-sao-goncalo"],"_links":{"self":[{"href":"https:\/\/sgvaimudar.com.br\/index.php\/wp-json\/wp\/v2\/posts\/20788","targetHints":{"allow":["GET"]}}],"collection":[{"href":"https:\/\/sgvaimudar.com.br\/index.php\/wp-json\/wp\/v2\/posts"}],"about":[{"href":"https:\/\/sgvaimudar.com.br\/index.php\/wp-json\/wp\/v2\/types\/post"}],"author":[{"embeddable":true,"href":"https:\/\/sgvaimudar.com.br\/index.php\/wp-json\/wp\/v2\/users\/5"}],"replies":[{"embeddable":true,"href":"https:\/\/sgvaimudar.com.br\/index.php\/wp-json\/wp\/v2\/comments?post=20788"}],"version-history":[{"count":1,"href":"https:\/\/sgvaimudar.com.br\/index.php\/wp-json\/wp\/v2\/posts\/20788\/revisions"}],"predecessor-version":[{"id":20790,"href":"https:\/\/sgvaimudar.com.br\/index.php\/wp-json\/wp\/v2\/posts\/20788\/revisions\/20790"}],"wp:featuredmedia":[{"embeddable":true,"href":"https:\/\/sgvaimudar.com.br\/index.php\/wp-json\/wp\/v2\/media\/5839"}],"wp:attachment":[{"href":"https:\/\/sgvaimudar.com.br\/index.php\/wp-json\/wp\/v2\/media?parent=20788"}],"wp:term":[{"taxonomy":"category","embeddable":true,"href":"https:\/\/sgvaimudar.com.br\/index.php\/wp-json\/wp\/v2\/categories?post=20788"},{"taxonomy":"post_tag","embeddable":true,"href":"https:\/\/sgvaimudar.com.br\/index.php\/wp-json\/wp\/v2\/tags?post=20788"}],"curies":[{"name":"wp","href":"https:\/\/api.w.org\/{rel}","templated":true}]}}