{"id":20775,"date":"2025-02-23T12:00:00","date_gmt":"2025-02-23T15:00:00","guid":{"rendered":"https:\/\/sgvaimudar.com.br\/?p=20775"},"modified":"2025-02-23T05:57:27","modified_gmt":"2025-02-23T08:57:27","slug":"cidade-ilustrada-em-sao-goncalo-homenageia-a-artista-amanda-cabocla","status":"publish","type":"post","link":"https:\/\/sgvaimudar.com.br\/index.php\/2025\/02\/23\/cidade-ilustrada-em-sao-goncalo-homenageia-a-artista-amanda-cabocla\/","title":{"rendered":"Cidade Ilustrada em S\u00e3o Gon\u00e7alo homenageia a artista Amanda Cabocla"},"content":{"rendered":"\n<p><em>Novo painel est\u00e1 localizado no bairro Mangueira&nbsp;<\/em><\/p>\n\n\n\n<p>O\u00a0projeto Cidade Ilustrada, desenvolvido pela Secretaria de Turismo e Cultura da Prefeitura de S\u00e3o Gon\u00e7alo, est\u00e1 prestando uma homenagem p\u00f3stuma \u00e0 artista gon\u00e7alense Amanda Freitas, mais conhecida como Amanda Cabocla. <\/p>\n\n\n\n<p>Ela foi integrante do Cidade Ilustrada e faleceu no in\u00edcio de 2023, ap\u00f3s um tr\u00e1gico acidente com um quadriciclo, deixando sua contribui\u00e7\u00e3o para o movimento art\u00edstico de S\u00e3o Gon\u00e7alo.<\/p>\n\n\n\n<p>O trabalho da artista sempre focou nas figuras femininas e suas conex\u00f5es com as culturas ancestrais e segue como uma grande inspira\u00e7\u00e3o para a cena da street art da cidade. Amanda sempre retratou essas identidades em suas obras, sendo suas pinturas reconhecidas por representar a for\u00e7a e a beleza dessas culturas. Um elemento marcante de seu trabalho era a presen\u00e7a de figuras com dreads no cabelo, refletindo suas pr\u00f3prias ra\u00edzes e conex\u00e3o com a ancestralidade.\u00a0<\/p>\n\n\n\n<figure class=\"wp-block-image size-full\"><img fetchpriority=\"high\" decoding=\"async\" width=\"1024\" height=\"681\" src=\"https:\/\/sgvaimudar.com.br\/wp-content\/uploads\/2025\/02\/unnamed-4-18.jpg\" alt=\"\" class=\"wp-image-20776\" srcset=\"https:\/\/sgvaimudar.com.br\/wp-content\/uploads\/2025\/02\/unnamed-4-18.jpg 1024w, https:\/\/sgvaimudar.com.br\/wp-content\/uploads\/2025\/02\/unnamed-4-18-300x200.jpg 300w, https:\/\/sgvaimudar.com.br\/wp-content\/uploads\/2025\/02\/unnamed-4-18-768x511.jpg 768w\" sizes=\"(max-width: 1024px) 100vw, 1024px\" \/><\/figure>\n\n\n\n<p>Para homenage\u00e1-la, um mural est\u00e1 sendo criado na cidade, no bairro Mangueira. Com curadoria de Marcelo Eco, tamb\u00e9m gon\u00e7alense, e coordena\u00e7\u00e3o de Raffael Pereira, o Cidade Ilustrada garante que cada mural seja uma obra \u00fanica, com a participa\u00e7\u00e3o ativa dos artistas da regi\u00e3o. Este mural, em especial, celebra a arte da Amanda Cabocla.<\/p>\n\n\n\n<p>Os artistas do Cidade Ilustrada est\u00e3o atualmente preenchendo e finalizando as imagens que foram previamente desenhadas, com previs\u00e3o de t\u00e9rmino em at\u00e9 tr\u00eas semanas. O painel contar\u00e1 com a participa\u00e7\u00e3o da Leda Daguimar, Victor Barreto Ara\u00fajo (Victor 32), Thiago Moreira da Silva (Trep), Gustavo Amaral (Gut) e M\u00e1rcio Vieira (Mac).<\/p>\n\n\n\n<p>A secret\u00e1ria de Turismo e Cultura da Prefeitura de S\u00e3o Gon\u00e7alo, Julia Sobreira, destacou a import\u00e2ncia do projeto. &#8220;O Cidade Ilustrada continua seu trabalho de transformar os espa\u00e7os p\u00fablicos da cidade em galerias de arte, enquanto conscientiza a popula\u00e7\u00e3o sobre a import\u00e2ncia de preservar e cuidar dos ambientes urbanos&#8221;.<\/p>\n\n\n\n<p><em>Fotos: Luiz Carlos de Carvalh<\/em>o<\/p>\n\n\n\n<p><strong><em>S\u00e3o Gon\u00e7alo vai mudar: Not\u00edcias de S\u00e3o Gon\u00e7alo e toda regi\u00e3o.<\/em><\/strong><\/p>\n\n\n\n<figure class=\"wp-block-image size-full\"><img decoding=\"async\" width=\"317\" height=\"110\" src=\"https:\/\/sgvaimudar.com.br\/wp-content\/uploads\/2023\/08\/cropped-Logo-Provisoria-2-2.png\" alt=\"\" class=\"wp-image-2782\" srcset=\"https:\/\/sgvaimudar.com.br\/wp-content\/uploads\/2023\/08\/cropped-Logo-Provisoria-2-2.png 317w, https:\/\/sgvaimudar.com.br\/wp-content\/uploads\/2023\/08\/cropped-Logo-Provisoria-2-2-300x104.png 300w\" sizes=\"(max-width: 317px) 100vw, 317px\" \/><\/figure>\n","protected":false},"excerpt":{"rendered":"<p>Novo painel est\u00e1 localizado no bairro Mangueira&nbsp; O\u00a0projeto Cidade Ilustrada, desenvolvido pela Secretaria de Turismo e Cultura da Prefeitura de&hellip;<\/p>\n","protected":false},"author":5,"featured_media":20777,"comment_status":"open","ping_status":"open","sticky":false,"template":"","format":"standard","meta":{"fifu_image_url":"","fifu_image_alt":"","footnotes":""},"categories":[6],"tags":[47,75],"class_list":["post-20775","post","type-post","status-publish","format-standard","has-post-thumbnail","hentry","category-entretenimento","tag-rj","tag-sao-goncalo"],"_links":{"self":[{"href":"https:\/\/sgvaimudar.com.br\/index.php\/wp-json\/wp\/v2\/posts\/20775","targetHints":{"allow":["GET"]}}],"collection":[{"href":"https:\/\/sgvaimudar.com.br\/index.php\/wp-json\/wp\/v2\/posts"}],"about":[{"href":"https:\/\/sgvaimudar.com.br\/index.php\/wp-json\/wp\/v2\/types\/post"}],"author":[{"embeddable":true,"href":"https:\/\/sgvaimudar.com.br\/index.php\/wp-json\/wp\/v2\/users\/5"}],"replies":[{"embeddable":true,"href":"https:\/\/sgvaimudar.com.br\/index.php\/wp-json\/wp\/v2\/comments?post=20775"}],"version-history":[{"count":2,"href":"https:\/\/sgvaimudar.com.br\/index.php\/wp-json\/wp\/v2\/posts\/20775\/revisions"}],"predecessor-version":[{"id":20780,"href":"https:\/\/sgvaimudar.com.br\/index.php\/wp-json\/wp\/v2\/posts\/20775\/revisions\/20780"}],"wp:featuredmedia":[{"embeddable":true,"href":"https:\/\/sgvaimudar.com.br\/index.php\/wp-json\/wp\/v2\/media\/20777"}],"wp:attachment":[{"href":"https:\/\/sgvaimudar.com.br\/index.php\/wp-json\/wp\/v2\/media?parent=20775"}],"wp:term":[{"taxonomy":"category","embeddable":true,"href":"https:\/\/sgvaimudar.com.br\/index.php\/wp-json\/wp\/v2\/categories?post=20775"},{"taxonomy":"post_tag","embeddable":true,"href":"https:\/\/sgvaimudar.com.br\/index.php\/wp-json\/wp\/v2\/tags?post=20775"}],"curies":[{"name":"wp","href":"https:\/\/api.w.org\/{rel}","templated":true}]}}