{"id":20743,"date":"2025-02-22T12:00:00","date_gmt":"2025-02-22T15:00:00","guid":{"rendered":"https:\/\/sgvaimudar.com.br\/?p=20743"},"modified":"2025-02-22T06:24:53","modified_gmt":"2025-02-22T09:24:53","slug":"sai-resultado-preliminar-do-recadastramento-de-comerciantes-do-espaco-raul-veiga","status":"publish","type":"post","link":"https:\/\/sgvaimudar.com.br\/index.php\/2025\/02\/22\/sai-resultado-preliminar-do-recadastramento-de-comerciantes-do-espaco-raul-veiga\/","title":{"rendered":"Sai resultado preliminar do recadastramento de comerciantes do Espa\u00e7o Raul Veiga"},"content":{"rendered":"\n<p><em>Lista completa pode ser conferida no Di\u00e1rio Oficial do munic\u00edpio<\/em><\/p>\n\n\n\n<p>Foi publicado o resultado preliminar do processo de recadastramento dos autorizados ao exerc\u00edcio da atividade de com\u00e9rcio varejista do Espa\u00e7o Raul Veiga. Os nomes foram publicados no Di\u00e1rio Oficial do munic\u00edpio desta sexta-feira (21). Os comerciantes autorizados realizaram o recadastramento junto \u00e0 sede da Subsecretaria de Fiscaliza\u00e7\u00e3o de Posturas, ligada \u00e0 Secretaria de Ordem P\u00fablica, no Partage Shopping, no per\u00edodo entre o dia 13 de janeiro ao dia 24 de janeiro.<\/p>\n\n\n\n<p>A lista completa com o resultado preliminar pode ser conferida no seguinte link:&nbsp;<a href=\"https:\/\/click.cse360.com.br\/Click\/AddCampaignEmailClick\/3078d5c9-0546-4f9e-635e-08dd50071b70\/https%253a%252f%252fdo.pmsg.rj.gov.br%252fdiario%252f2025_02_21.pdf\/ac66966e-2b55-4484-fb2c-08dc491eed5f\/jornalistaws@gmail.com\/False\" rel=\"noreferrer noopener\" target=\"_blank\">https:\/\/do.pmsg.rj.gov.br\/diario\/2025_02_21.pdf<\/a>. Os comerciantes que tiveram o recadastro indeferido poder\u00e3o apresentar recurso, atrav\u00e9s de processo administrativo, at\u00e9 o dia 27 de fevereiro, na sede da Subsecret\u00e1ria.<\/p>\n\n\n\n<p><strong>Calend\u00e1rio<\/strong>&nbsp;&#8211; Realizar o recadastramento \u00e9 importante para que os comerciantes se mantenham na legalidade. Est\u00e3o convocados todos os autorizados ao exerc\u00edcio da atividade. Os comerciantes devem realizar o recadastramento seguindo as seguintes datas:<\/p>\n\n\n\n<p>. De 24 de fevereiro a 14 de mar\u00e7o: comerciantes aut\u00f4nomos das ruas Dezoito do Forte, da Pra\u00e7a Luiz Palmier at\u00e9 a antiga estrada de ferro, inclusive a Travessa Gr\u00e9cia, no Centro;<\/p>\n\n\n\n<p>. De 17 a 28 de mar\u00e7o: comerciantes aut\u00f4nomos da Rua Visconde de Ita\u00fana, da Rua Francisco Portela at\u00e9 a antiga estrada de ferro, no Para\u00edso;<\/p>\n\n\n\n<p>. De 31 de mar\u00e7o a 11 de abril: comerciantes aut\u00f4nomos em localidades variadas do munic\u00edpio, que n\u00e3o as elencadas acima.<\/p>\n\n\n\n<p>Vale destacar que o recadastramento poder\u00e1 ser realizado por procurador constitu\u00eddo em procura\u00e7\u00e3o espec\u00edfica para tal finalidade, com firma reconhecida em cart\u00f3rio, acompanhada de c\u00f3pia simples de RG e CPF (ou CNH) do candidato e de seu procurador.<\/p>\n\n\n\n<p>No ato do recadastramento, o comerciante varejista receber\u00e1 um protocolo de atendimento que dever\u00e1 ser apresentado em futuras fiscaliza\u00e7\u00f5es, caso seja necess\u00e1rio. Os comerciantes que n\u00e3o realizarem o recadastramento no prazo estabelecido poder\u00e3o ter a licen\u00e7a cassada.<\/p>\n\n\n\n<p>A Subsecretaria de Fiscaliza\u00e7\u00e3o de Posturas, ap\u00f3s an\u00e1lise da documenta\u00e7\u00e3o apresentada, emitir\u00e1 um certificado de recadastramento para os comerciantes que atenderem aos requisitos exigidos. O certificado ser\u00e1 utilizado como instrumento de renova\u00e7\u00e3o para exerc\u00edcio 2025, sendo entregue aos habilitados ap\u00f3s o fim do processo.<\/p>\n\n\n\n<p><strong>Documenta\u00e7\u00e3o<\/strong>&nbsp;\u2013 Os comerciantes autorizados dever\u00e3o comparecer \u00e0 Subsecretaria com a seguinte documenta\u00e7\u00e3o:<\/p>\n\n\n\n<p>Documento oficial com foto (RG ou CNH); CPF; comprovante de resid\u00eancia atualizado (validade de at\u00e9 90 dias); autoriza\u00e7\u00e3o para o exerc\u00edcio do com\u00e9rcio varejista aut\u00f4nomo, caso possua; fotos da barraca utilizada para a atividade comercial (3 fotos: frontal, lateral e superior); duas fotos do titular da autoriza\u00e7\u00e3o, no tamanho 5X7, com data do ano corrente; rela\u00e7\u00e3o dos produtos comercializados; laudo m\u00e9dico que ateste a condi\u00e7\u00e3o de sa\u00fade para o exerc\u00edcio da atividade, no caso de deficientes f\u00edsicos e idosos (conforme crit\u00e9rios do Art. 3\u00ba do Decreto n\u00ba 080\/2022, se aplic\u00e1vel); documento que comprove a condi\u00e7\u00e3o de egresso do sistema penitenci\u00e1rio (se aplic\u00e1vel); Certid\u00e3o Negativa de D\u00e9bitos Municipais; formul\u00e1rio devidamente preenchido, contido no Anexo I do Edital publicado no DO (<a href=\"https:\/\/click.cse360.com.br\/Click\/AddCampaignEmailClick\/3078d5c9-0546-4f9e-635e-08dd50071b70\/https%253a%252f%252fdo.pmsg.rj.gov.br%252fdiario%252f2024_12_23.pdf\/ac66966e-2b55-4484-fb2c-08dc491eed5f\/jornalistaws@gmail.com\/False\" rel=\"noreferrer noopener\" target=\"_blank\">https:\/\/do.pmsg.rj.gov.br\/diario\/2024_12_23.pdf<\/a>).<\/p>\n\n\n\n<p><strong>Sevi\u00e7o:<\/strong>&nbsp;A sede da Subsecretaria de Fiscaliza\u00e7\u00e3o de Posturas fica localizada na Av. Presidente Kennedy, 425, Loja 226, 2\u00ba piso, Centro, S\u00e3o Gon\u00e7alo. O atendimento \u00e9 realizado das 9h \u00e0s 17h.<\/p>\n\n\n\n<p><em>Foto: Renan Otto<\/em><\/p>\n\n\n\n<p><strong><em>S\u00e3o Gon\u00e7alo vai mudar: Not\u00edcias de S\u00e3o Gon\u00e7alo e toda regi\u00e3o.<\/em><\/strong><\/p>\n\n\n\n<figure class=\"wp-block-image size-full\"><img decoding=\"async\" width=\"317\" height=\"110\" src=\"https:\/\/sgvaimudar.com.br\/wp-content\/uploads\/2023\/08\/cropped-Logo-Provisoria-2-2.png\" alt=\"\" class=\"wp-image-2782\" srcset=\"https:\/\/sgvaimudar.com.br\/wp-content\/uploads\/2023\/08\/cropped-Logo-Provisoria-2-2.png 317w, https:\/\/sgvaimudar.com.br\/wp-content\/uploads\/2023\/08\/cropped-Logo-Provisoria-2-2-300x104.png 300w\" sizes=\"(max-width: 317px) 100vw, 317px\" \/><\/figure>\n","protected":false},"excerpt":{"rendered":"<p>Lista completa pode ser conferida no Di\u00e1rio Oficial do munic\u00edpio Foi publicado o resultado preliminar do processo de recadastramento dos&hellip;<\/p>\n","protected":false},"author":5,"featured_media":20744,"comment_status":"open","ping_status":"open","sticky":false,"template":"","format":"standard","meta":{"fifu_image_url":"","fifu_image_alt":"","footnotes":""},"categories":[3],"tags":[47,75],"class_list":["post-20743","post","type-post","status-publish","format-standard","has-post-thumbnail","hentry","category-sao-goncalo","tag-rj","tag-sao-goncalo"],"_links":{"self":[{"href":"https:\/\/sgvaimudar.com.br\/index.php\/wp-json\/wp\/v2\/posts\/20743","targetHints":{"allow":["GET"]}}],"collection":[{"href":"https:\/\/sgvaimudar.com.br\/index.php\/wp-json\/wp\/v2\/posts"}],"about":[{"href":"https:\/\/sgvaimudar.com.br\/index.php\/wp-json\/wp\/v2\/types\/post"}],"author":[{"embeddable":true,"href":"https:\/\/sgvaimudar.com.br\/index.php\/wp-json\/wp\/v2\/users\/5"}],"replies":[{"embeddable":true,"href":"https:\/\/sgvaimudar.com.br\/index.php\/wp-json\/wp\/v2\/comments?post=20743"}],"version-history":[{"count":1,"href":"https:\/\/sgvaimudar.com.br\/index.php\/wp-json\/wp\/v2\/posts\/20743\/revisions"}],"predecessor-version":[{"id":20745,"href":"https:\/\/sgvaimudar.com.br\/index.php\/wp-json\/wp\/v2\/posts\/20743\/revisions\/20745"}],"wp:featuredmedia":[{"embeddable":true,"href":"https:\/\/sgvaimudar.com.br\/index.php\/wp-json\/wp\/v2\/media\/20744"}],"wp:attachment":[{"href":"https:\/\/sgvaimudar.com.br\/index.php\/wp-json\/wp\/v2\/media?parent=20743"}],"wp:term":[{"taxonomy":"category","embeddable":true,"href":"https:\/\/sgvaimudar.com.br\/index.php\/wp-json\/wp\/v2\/categories?post=20743"},{"taxonomy":"post_tag","embeddable":true,"href":"https:\/\/sgvaimudar.com.br\/index.php\/wp-json\/wp\/v2\/tags?post=20743"}],"curies":[{"name":"wp","href":"https:\/\/api.w.org\/{rel}","templated":true}]}}