{"id":20739,"date":"2025-02-22T07:00:00","date_gmt":"2025-02-22T10:00:00","guid":{"rendered":"https:\/\/sgvaimudar.com.br\/?p=20739"},"modified":"2025-02-22T06:21:40","modified_gmt":"2025-02-22T09:21:40","slug":"sabado-de-cuidados-na-clinica-goncalense-do-colubande","status":"publish","type":"post","link":"https:\/\/sgvaimudar.com.br\/index.php\/2025\/02\/22\/sabado-de-cuidados-na-clinica-goncalense-do-colubande\/","title":{"rendered":"S\u00e1bado de cuidados na Cl\u00ednica Gon\u00e7alense do Coluband\u00ea"},"content":{"rendered":"\n<p><em>A\u00e7\u00f5es de preven\u00e7\u00e3o incluem vacina\u00e7\u00e3o, testes r\u00e1pidos e palestras<\/em><\/p>\n\n\n\n<p>A Secretaria de Sa\u00fade e Defesa Civil da Prefeitura de S\u00e3o Gon\u00e7alo vai realizar, neste s\u00e1bado (22), um evento voltado para a preven\u00e7\u00e3o e os cuidados da popula\u00e7\u00e3o na Cl\u00ednica Municipal Gon\u00e7alense do Coluband\u00ea. Ser\u00e3o oferecidos diversos servi\u00e7os para os hipertensos e diab\u00e9ticos. O evento ter\u00e1 in\u00edcio \u00e0s 8h e seguir\u00e1 at\u00e9 \u00e0s 13h.<\/p>\n\n\n\n<p>O evento contar\u00e1 com palestra com nutricionista, aula de gin\u00e1stica, vacina\u00e7\u00e3o, teste r\u00e1pido (incluindo de HIV, S\u00edfilis, Hepatite B), pesagem da Bolsa Fam\u00edlia, glicemia capilar, atendimento nutricional, aferi\u00e7\u00e3o de press\u00e3o, quiropraxia (fisioterapia) e auriculoterapia (fisioterapia). Al\u00e9m disso, outras especialidades j\u00e1 ofertadas na cl\u00ednica estar\u00e3o dispon\u00edveis.<\/p>\n\n\n\n<figure class=\"wp-block-image size-large\"><img fetchpriority=\"high\" decoding=\"async\" width=\"819\" height=\"1024\" src=\"https:\/\/sgvaimudar.com.br\/wp-content\/uploads\/2025\/02\/unnamed-3-15-819x1024.jpg\" alt=\"\" class=\"wp-image-20740\" srcset=\"https:\/\/sgvaimudar.com.br\/wp-content\/uploads\/2025\/02\/unnamed-3-15-819x1024.jpg 819w, https:\/\/sgvaimudar.com.br\/wp-content\/uploads\/2025\/02\/unnamed-3-15-240x300.jpg 240w, https:\/\/sgvaimudar.com.br\/wp-content\/uploads\/2025\/02\/unnamed-3-15-768x960.jpg 768w, https:\/\/sgvaimudar.com.br\/wp-content\/uploads\/2025\/02\/unnamed-3-15.jpg 1080w\" sizes=\"(max-width: 819px) 100vw, 819px\" \/><\/figure>\n\n\n\n<p>O objetivo do evento \u00e9 conscientizar as pessoas, levando informa\u00e7\u00f5es e destacando a import\u00e2ncia da preven\u00e7\u00e3o em sa\u00fade.<\/p>\n\n\n\n<p>A Cl\u00ednica Municipal Gon\u00e7alense do Coluband\u00ea oferece consultas m\u00e9dicas de cl\u00ednico geral e pediatra, servi\u00e7os de raio-x, ultrassonografia, fisioterapia, odontologia e ortopedia. <\/p>\n\n\n\n<p>A unidade tem recep\u00e7\u00e3o ampla com sala de espera, consult\u00f3rios para as equipes das ESFs, consult\u00f3rios multifuncionais para os profissionais do Emulti, consult\u00f3rios odontol\u00f3gicos, salas de procedimentos e curativos, imuniza\u00e7\u00e3o, inala\u00e7\u00e3o, fisioterapia de baixa complexidade.<\/p>\n\n\n\n<p>\u00c1rea livre para a pr\u00e1tica de atividades f\u00edsicas, sala multiuso para capacita\u00e7\u00f5es de educa\u00e7\u00e3o permanente, acolhimento, coleta laboratorial, estoque e esteriliza\u00e7\u00e3o.<\/p>\n\n\n\n<p><strong><em>S\u00e3o Gon\u00e7alo vai mudar: Not\u00edcias de S\u00e3o Gon\u00e7alo e toda regi\u00e3o.<\/em><\/strong><\/p>\n\n\n\n<figure class=\"wp-block-image size-full\"><img decoding=\"async\" width=\"317\" height=\"110\" src=\"https:\/\/sgvaimudar.com.br\/wp-content\/uploads\/2023\/08\/cropped-Logo-Provisoria-2-2.png\" alt=\"\" class=\"wp-image-2782\" srcset=\"https:\/\/sgvaimudar.com.br\/wp-content\/uploads\/2023\/08\/cropped-Logo-Provisoria-2-2.png 317w, https:\/\/sgvaimudar.com.br\/wp-content\/uploads\/2023\/08\/cropped-Logo-Provisoria-2-2-300x104.png 300w\" sizes=\"(max-width: 317px) 100vw, 317px\" \/><\/figure>\n","protected":false},"excerpt":{"rendered":"<p>A\u00e7\u00f5es de preven\u00e7\u00e3o incluem vacina\u00e7\u00e3o, testes r\u00e1pidos e palestras A Secretaria de Sa\u00fade e Defesa Civil da Prefeitura de S\u00e3o&hellip;<\/p>\n","protected":false},"author":5,"featured_media":20741,"comment_status":"open","ping_status":"open","sticky":false,"template":"","format":"standard","meta":{"fifu_image_url":"","fifu_image_alt":"","footnotes":""},"categories":[7],"tags":[47,75],"class_list":["post-20739","post","type-post","status-publish","format-standard","has-post-thumbnail","hentry","category-saude","tag-rj","tag-sao-goncalo"],"_links":{"self":[{"href":"https:\/\/sgvaimudar.com.br\/index.php\/wp-json\/wp\/v2\/posts\/20739","targetHints":{"allow":["GET"]}}],"collection":[{"href":"https:\/\/sgvaimudar.com.br\/index.php\/wp-json\/wp\/v2\/posts"}],"about":[{"href":"https:\/\/sgvaimudar.com.br\/index.php\/wp-json\/wp\/v2\/types\/post"}],"author":[{"embeddable":true,"href":"https:\/\/sgvaimudar.com.br\/index.php\/wp-json\/wp\/v2\/users\/5"}],"replies":[{"embeddable":true,"href":"https:\/\/sgvaimudar.com.br\/index.php\/wp-json\/wp\/v2\/comments?post=20739"}],"version-history":[{"count":1,"href":"https:\/\/sgvaimudar.com.br\/index.php\/wp-json\/wp\/v2\/posts\/20739\/revisions"}],"predecessor-version":[{"id":20742,"href":"https:\/\/sgvaimudar.com.br\/index.php\/wp-json\/wp\/v2\/posts\/20739\/revisions\/20742"}],"wp:featuredmedia":[{"embeddable":true,"href":"https:\/\/sgvaimudar.com.br\/index.php\/wp-json\/wp\/v2\/media\/20741"}],"wp:attachment":[{"href":"https:\/\/sgvaimudar.com.br\/index.php\/wp-json\/wp\/v2\/media?parent=20739"}],"wp:term":[{"taxonomy":"category","embeddable":true,"href":"https:\/\/sgvaimudar.com.br\/index.php\/wp-json\/wp\/v2\/categories?post=20739"},{"taxonomy":"post_tag","embeddable":true,"href":"https:\/\/sgvaimudar.com.br\/index.php\/wp-json\/wp\/v2\/tags?post=20739"}],"curies":[{"name":"wp","href":"https:\/\/api.w.org\/{rel}","templated":true}]}}