{"id":20734,"date":"2025-02-22T11:00:00","date_gmt":"2025-02-22T14:00:00","guid":{"rendered":"https:\/\/sgvaimudar.com.br\/?p=20734"},"modified":"2025-02-22T06:17:01","modified_gmt":"2025-02-22T09:17:01","slug":"governador-claudio-castro-visita-obras-do-parque-rj-no-boa-vista-e-do-muvi-na-trindade","status":"publish","type":"post","link":"https:\/\/sgvaimudar.com.br\/index.php\/2025\/02\/22\/governador-claudio-castro-visita-obras-do-parque-rj-no-boa-vista-e-do-muvi-na-trindade\/","title":{"rendered":"Governador Cl\u00e1udio Castro visita obras do Parque RJ no Boa Vista e do Muvi\u00a0na Trindade"},"content":{"rendered":"\n<p><em>Governador destaca parcerias com o prefeito Capit\u00e3o Nelson<\/em><\/p>\n\n\n\n<p>O governador Cl\u00e1udio Castro visitou grandes obras de infraestrutura em S\u00e3o Gon\u00e7alo, nesta tarde de sexta-feira (21). Em companhia do prefeito Capit\u00e3o Nelson; do secret\u00e1rio de Estado das Cidades, Douglas Ruas; do deputado federal Altineu C\u00f4rtes; e do vice-prefeito Jo\u00e3o Ventura, al\u00e9m de deputados estaduais e vereadores, o governador visitou as obras do Parque RJ, no Boa Vista, e do trecho 4 do projeto Mobilidade Urbana Verde Integrada (Muvi), na Trindade.<\/p>\n\n\n\n<p>Ambas as obras s\u00e3o uma parceria entre o Governo do Estado do Rio de Janeiro, atrav\u00e9s da Secretaria das Cidades, e a Prefeitura de S\u00e3o Gon\u00e7alo.<\/p>\n\n\n\n<p>A visita teve in\u00edcio no Parque RJ, que est\u00e1 em plena transforma\u00e7\u00e3o. O espa\u00e7o, que antes abrigava o antigo Piscin\u00e3o, j\u00e1 conta com 41% de suas obras conclu\u00eddas. A nova \u00e1rea de lazer e recrea\u00e7\u00e3o contar\u00e1 com tr\u00eas reservat\u00f3rios de \u00e1gua, sendo que o primeiro, j\u00e1 em constru\u00e7\u00e3o, ter\u00e1 150 metros c\u00fabicos de capacidade, destinado ao abastecimento da cascata que ser\u00e1 instalada no local.<\/p>\n\n\n\n<figure class=\"wp-block-image size-full\"><img fetchpriority=\"high\" decoding=\"async\" width=\"843\" height=\"768\" src=\"https:\/\/sgvaimudar.com.br\/wp-content\/uploads\/2025\/02\/unnamed-30.jpg\" alt=\"\" class=\"wp-image-20736\" srcset=\"https:\/\/sgvaimudar.com.br\/wp-content\/uploads\/2025\/02\/unnamed-30.jpg 843w, https:\/\/sgvaimudar.com.br\/wp-content\/uploads\/2025\/02\/unnamed-30-300x273.jpg 300w, https:\/\/sgvaimudar.com.br\/wp-content\/uploads\/2025\/02\/unnamed-30-768x700.jpg 768w\" sizes=\"(max-width: 843px) 100vw, 843px\" \/><\/figure>\n\n\n\n<p>\u201cDesde 2013 este espa\u00e7o est\u00e1 completamente fechado e apodrecendo. Esse espa\u00e7o, que um dia foi um sonho para o povo de S\u00e3o Gon\u00e7alo, hoje virou tristeza. Mas estamos tirando do papel um novo sonho que \u00e9 o Parque RJ, que vai ter diversos servi\u00e7os para a popula\u00e7\u00e3o de S\u00e3o Gon\u00e7alo, que tanto merece um equipamento valioso de turismo, de esporte e de lazer. Essa \u00e9 uma grande parceria com o Capit\u00e3o Nelson, um dos maiores prefeitos do Brasil hoje\u201d, afirmou o governador Claudio Castro.<\/p>\n\n\n\n<p>Com 35 mil metros quadrados, o Parque RJ j\u00e1 tem obras conclu\u00eddas no subsolo, incluindo redes de esgoto, drenagem, irriga\u00e7\u00e3o, \u00e1gua e el\u00e9trica. Al\u00e9m disso, a constru\u00e7\u00e3o das quadras polivalente, de grama e de v\u00f4lei de praia j\u00e1 est\u00e3o avan\u00e7adas. A base para o Skate Park tamb\u00e9m est\u00e1 sendo finalizada, assim como a funda\u00e7\u00e3o para os postes de 12 metros de altura com refletores. Meios-fios e terraplanagem no Parque de Eventos tamb\u00e9m est\u00e3o em andamento, com a pr\u00f3xima etapa sendo a concretagem.<\/p>\n\n\n\n<p>O projeto, que conta com um investimento superior a R$ 44 milh\u00f5es, foi desenvolvido pela Secretaria de Gest\u00e3o Integrada e Projetos Especiais (Semgipe) da Prefeitura de S\u00e3o Gon\u00e7alo. Al\u00e9m das melhorias nas instala\u00e7\u00f5es esportivas e de lazer, o parque contar\u00e1 com estacionamento para mais de 150 ve\u00edculos, incluindo vagas exclusivas para pessoas com defici\u00eancia, e acessibilidade garantida por rampas e um elevador no pr\u00e9dio administrativo.<\/p>\n\n\n\n<p>O prefeito Capit\u00e3o Nelson destacou a import\u00e2ncia da parceria com o Governo do Estado para a transforma\u00e7\u00e3o do Parque RJ.<\/p>\n\n\n\n<p>\u201cEm nome da popula\u00e7\u00e3o gon\u00e7alense, a gente vem agradecer ao senhor, que tem apoiado e ajudado muito S\u00e3o Gon\u00e7alo. Essa \u00e9 uma grande parceria que fizemos. Esse \u00e9 um grande projeto e eu tenho certeza de que, at\u00e9 o final do ano, toda a popula\u00e7\u00e3o gon\u00e7alense vai poder usufruir desse benef\u00edcio que \u00e9 t\u00e3o necess\u00e1rio para o nosso munic\u00edpio\u201d, disse o prefeito.<\/p>\n\n\n\n<p>O secret\u00e1rio de Estado das Cidades, Douglas Ruas, tamb\u00e9m refor\u00e7ou a relev\u00e2ncia do projeto para a comunidade local.<\/p>\n\n\n\n<p>\u201cEu s\u00f3 tenho que agradecer ao governador por estar trazendo para a minha cidade esse grande projeto, muito esperado por muitos moradores. Vamos entregar aqui uma grande \u00e1rea de lazer e conviv\u00eancia para toda fam\u00edlia gon\u00e7alense. Eu digo toda, porque todas as faixas et\u00e1rias v\u00e3o ser contempladas. N\u00f3s teremos \u00e1rea kids, equipamentos para pr\u00e1tica esportiva, academia da terceira idade e os nossos artistas gon\u00e7alenses v\u00e3o poder se apresentar na grande \u00e1rea para eventos, a concha ac\u00fastica\u201d, afirmou.<\/p>\n\n\n\n<p><strong>MUVI<\/strong>\u00a0&#8211; Um trecho da Avenida Presidente Kennedy, que faz parte do Muvi, recebeu asfalto durante a visita do governador. Al\u00e9m do novo asfalto, foram instaladas manilhas de drenagem, meio-fio e sarjetas na via. Do outro lado da mesma rua, j\u00e1 foram finalizados os processos de drenagem, pavimenta\u00e7\u00e3o, meio-fio, ciclovia e cal\u00e7ada.<\/p>\n\n\n\n<figure class=\"wp-block-image size-large\"><img decoding=\"async\" width=\"1024\" height=\"684\" src=\"https:\/\/sgvaimudar.com.br\/wp-content\/uploads\/2025\/02\/unnamed-2-19-1024x684.jpg\" alt=\"\" class=\"wp-image-20735\" srcset=\"https:\/\/sgvaimudar.com.br\/wp-content\/uploads\/2025\/02\/unnamed-2-19-1024x684.jpg 1024w, https:\/\/sgvaimudar.com.br\/wp-content\/uploads\/2025\/02\/unnamed-2-19-300x200.jpg 300w, https:\/\/sgvaimudar.com.br\/wp-content\/uploads\/2025\/02\/unnamed-2-19-768x513.jpg 768w, https:\/\/sgvaimudar.com.br\/wp-content\/uploads\/2025\/02\/unnamed-2-19-1536x1027.jpg 1536w, https:\/\/sgvaimudar.com.br\/wp-content\/uploads\/2025\/02\/unnamed-2-19.jpg 1616w\" sizes=\"(max-width: 1024px) 100vw, 1024px\" \/><\/figure>\n\n\n\n<p>O Muvi \u00e9 o maior projeto de mobilidade urbana j\u00e1 realizado na cidade de S\u00e3o Gon\u00e7alo. Com um investimento de R$ 287 milh\u00f5es, o projeto, elaborado pela Secretaria Municipal de Gest\u00e3o Integrada e Projetos Especiais (Semgipe), vai ligar o bairro de Neves a Guaxindiba. O corredor vi\u00e1rio ter\u00e1 18 quil\u00f4metros de extens\u00e3o e s\u00e3o previstas v\u00e1rias interven\u00e7\u00f5es urban\u00edsticas no trajeto.<\/p>\n\n\n\n<p>As obras seguem em andamento tamb\u00e9m nos trechos 1, 2, 3 e 5. Em alguns bairros, como Camar\u00e3o e Vila Lage, no entanto, j\u00e1 \u00e9 poss\u00edvel ver a obra praticamente finalizada, com pistas com asfalto novo para o tr\u00e1fego de ve\u00edculos, paisagismo e as ciclovias conclu\u00eddas em diversos trechos.<\/p>\n\n\n\n<p>O governador destacou o com o progresso das obras do Muvi.<\/p>\n\n\n\n<p>&#8220;Essa \u00e9 a maior obra de infraestrutura do Rio de Janeiro hoje. O Muvi vai cortar a cidade de uma ponta a outra. \u00c9 uma obra da Secretaria das Cidades, que desenvolve o projeto com afinco e carinho. Estamos no trecho 4 e a obra j\u00e1 est\u00e1 mais de 50% conclu\u00edda. \u00c9 um orgulho estar aqui, mostrando que a parceria com o prefeito Capit\u00e3o Nelson, com o Parlamento Federal, com a Assembleia Legislativa e com a C\u00e2mara Municipal tem dado certo e estamos transformando a vida do trabalhador. O povo de S\u00e3o Gon\u00e7alo merecia esse carinho e at\u00e9 o final do ano a obra ser\u00e1 entregue&#8221;, afirmou Castro.<\/p>\n\n\n\n<p>Ambas as obras tem previs\u00e3o de conclus\u00e3o para o final deste ano.<\/p>\n\n\n\n<p><em>Foto: Luiz Carvalho e Renan Otto<\/em><\/p>\n\n\n\n<p><strong><em>S\u00e3o Gon\u00e7alo vai mudar: Not\u00edcias de S\u00e3o Gon\u00e7alo e toda regi\u00e3o.<\/em><\/strong><\/p>\n\n\n\n<figure class=\"wp-block-image size-full\"><img decoding=\"async\" width=\"317\" height=\"110\" src=\"https:\/\/sgvaimudar.com.br\/wp-content\/uploads\/2023\/08\/cropped-Logo-Provisoria-2-2.png\" alt=\"\" class=\"wp-image-2782\" srcset=\"https:\/\/sgvaimudar.com.br\/wp-content\/uploads\/2023\/08\/cropped-Logo-Provisoria-2-2.png 317w, https:\/\/sgvaimudar.com.br\/wp-content\/uploads\/2023\/08\/cropped-Logo-Provisoria-2-2-300x104.png 300w\" sizes=\"(max-width: 317px) 100vw, 317px\" \/><\/figure>\n","protected":false},"excerpt":{"rendered":"<p>Governador destaca parcerias com o prefeito Capit\u00e3o Nelson O governador Cl\u00e1udio Castro visitou grandes obras de infraestrutura em S\u00e3o Gon\u00e7alo,&hellip;<\/p>\n","protected":false},"author":5,"featured_media":20737,"comment_status":"open","ping_status":"open","sticky":false,"template":"","format":"standard","meta":{"fifu_image_url":"","fifu_image_alt":"","footnotes":""},"categories":[3],"tags":[47,75],"class_list":["post-20734","post","type-post","status-publish","format-standard","has-post-thumbnail","hentry","category-sao-goncalo","tag-rj","tag-sao-goncalo"],"_links":{"self":[{"href":"https:\/\/sgvaimudar.com.br\/index.php\/wp-json\/wp\/v2\/posts\/20734","targetHints":{"allow":["GET"]}}],"collection":[{"href":"https:\/\/sgvaimudar.com.br\/index.php\/wp-json\/wp\/v2\/posts"}],"about":[{"href":"https:\/\/sgvaimudar.com.br\/index.php\/wp-json\/wp\/v2\/types\/post"}],"author":[{"embeddable":true,"href":"https:\/\/sgvaimudar.com.br\/index.php\/wp-json\/wp\/v2\/users\/5"}],"replies":[{"embeddable":true,"href":"https:\/\/sgvaimudar.com.br\/index.php\/wp-json\/wp\/v2\/comments?post=20734"}],"version-history":[{"count":1,"href":"https:\/\/sgvaimudar.com.br\/index.php\/wp-json\/wp\/v2\/posts\/20734\/revisions"}],"predecessor-version":[{"id":20738,"href":"https:\/\/sgvaimudar.com.br\/index.php\/wp-json\/wp\/v2\/posts\/20734\/revisions\/20738"}],"wp:featuredmedia":[{"embeddable":true,"href":"https:\/\/sgvaimudar.com.br\/index.php\/wp-json\/wp\/v2\/media\/20737"}],"wp:attachment":[{"href":"https:\/\/sgvaimudar.com.br\/index.php\/wp-json\/wp\/v2\/media?parent=20734"}],"wp:term":[{"taxonomy":"category","embeddable":true,"href":"https:\/\/sgvaimudar.com.br\/index.php\/wp-json\/wp\/v2\/categories?post=20734"},{"taxonomy":"post_tag","embeddable":true,"href":"https:\/\/sgvaimudar.com.br\/index.php\/wp-json\/wp\/v2\/tags?post=20734"}],"curies":[{"name":"wp","href":"https:\/\/api.w.org\/{rel}","templated":true}]}}