{"id":20660,"date":"2025-02-21T07:28:58","date_gmt":"2025-02-21T10:28:58","guid":{"rendered":"https:\/\/sgvaimudar.com.br\/?p=20660"},"modified":"2025-02-21T07:28:58","modified_gmt":"2025-02-21T10:28:58","slug":"prefeitura-realiza-alteracoes-no-transito-para-ensaio-da-porto-da-pedra","status":"publish","type":"post","link":"https:\/\/sgvaimudar.com.br\/index.php\/2025\/02\/21\/prefeitura-realiza-alteracoes-no-transito-para-ensaio-da-porto-da-pedra\/","title":{"rendered":"Prefeitura realiza altera\u00e7\u00f5es no tr\u00e2nsito para ensaio da Porto da Pedra"},"content":{"rendered":"\n<p><em>Interdi\u00e7\u00f5es no Centro acontecem neste s\u00e1bado, a partir das 20h<\/em><\/p>\n\n\n\n<p>A Secretaria de Transportes da Prefeitura de S\u00e3o Gon\u00e7alo preparou um esquema especial de tr\u00e2nsito para o dia do ensaio da Unidos do Porto da Pedra, no Centro de S\u00e3o Gon\u00e7alo, neste s\u00e1bado (22). As interdi\u00e7\u00f5es ter\u00e3o in\u00edcio neste dia a partir das 20h, seguindo exclusivamente at\u00e9 o t\u00e9rmino dos eventos. Essas altera\u00e7\u00f5es moment\u00e2neas no tr\u00e2nsito foram publicadas no Di\u00e1rio Oficial do dia 28 de janeiro.<\/p>\n\n\n\n<p>As Ruas Dr. Feliciano Sodr\u00e9 e Dr. Nilo Pe\u00e7anha ficar\u00e3o interditadas no trecho compreendido entre as ruas Salvatori e General Ant\u00f4nio Rodrigues. Durante a interdi\u00e7\u00e3o, o tr\u00e2nsito de carros que seguir\u00e3o no sentido Centro e Estrela do Norte ser\u00e1 desviado para a Rua Salvatori, seguindo pela Rua Alu\u00edsio Neiva e pela Rua General Ant\u00f4nio Rodrigues. As Ruas Alu\u00edsio Neiva e General Ant\u00f4nio Rodrigues ter\u00e3o sentido \u00fanico de circula\u00e7\u00e3o (para o Centro e Estrela do Norte) nas datas mencionadas.<\/p>\n\n\n\n<p>J\u00e1 as Ruas Coronel Rodrigues, Jo\u00e3o de Souza, Eduardo Vieira de Souza, Travessa Jorge Soares e Ant\u00f4nio Santos Figueiredo ter\u00e3o interdi\u00e7\u00e3o no cruzamento com a Rua Dr. Nilo Pe\u00e7anha e operar\u00e3o em regime de sentido duplo de circula\u00e7\u00e3o.<\/p>\n\n\n\n<p>Ser\u00e1 proibido o estacionamento de ve\u00edculos nas Ruas Dr. Feliciano Sodr\u00e9, Dr. Nilo Pe\u00e7anha, Alu\u00edsio Neiva, General Ant\u00f4nio Rodrigues e Salvatori. Os ve\u00edculos que estiverem estacionados nessas vias estar\u00e3o sujeitos \u00e0 remo\u00e7\u00e3o, conforme previsto no artigo 181 do C\u00f3digo de Tr\u00e2nsito Brasileiro (CTB).<\/p>\n\n\n\n<p><strong><em>S\u00e3o Gon\u00e7alo vai mudar: Not\u00edcias de S\u00e3o Gon\u00e7alo e toda regi\u00e3o.<\/em><\/strong><\/p>\n\n\n\n<figure class=\"wp-block-image size-full\"><img decoding=\"async\" width=\"317\" height=\"110\" src=\"https:\/\/sgvaimudar.com.br\/wp-content\/uploads\/2023\/08\/cropped-Logo-Provisoria-2-2.png\" alt=\"\" class=\"wp-image-2782\" srcset=\"https:\/\/sgvaimudar.com.br\/wp-content\/uploads\/2023\/08\/cropped-Logo-Provisoria-2-2.png 317w, https:\/\/sgvaimudar.com.br\/wp-content\/uploads\/2023\/08\/cropped-Logo-Provisoria-2-2-300x104.png 300w\" sizes=\"(max-width: 317px) 100vw, 317px\" \/><\/figure>\n","protected":false},"excerpt":{"rendered":"<p>Interdi\u00e7\u00f5es no Centro acontecem neste s\u00e1bado, a partir das 20h A Secretaria de Transportes da Prefeitura de S\u00e3o Gon\u00e7alo preparou&hellip;<\/p>\n","protected":false},"author":5,"featured_media":20661,"comment_status":"open","ping_status":"open","sticky":false,"template":"","format":"standard","meta":{"fifu_image_url":"","fifu_image_alt":"","footnotes":""},"categories":[3],"tags":[47,75],"class_list":["post-20660","post","type-post","status-publish","format-standard","has-post-thumbnail","hentry","category-sao-goncalo","tag-rj","tag-sao-goncalo"],"_links":{"self":[{"href":"https:\/\/sgvaimudar.com.br\/index.php\/wp-json\/wp\/v2\/posts\/20660","targetHints":{"allow":["GET"]}}],"collection":[{"href":"https:\/\/sgvaimudar.com.br\/index.php\/wp-json\/wp\/v2\/posts"}],"about":[{"href":"https:\/\/sgvaimudar.com.br\/index.php\/wp-json\/wp\/v2\/types\/post"}],"author":[{"embeddable":true,"href":"https:\/\/sgvaimudar.com.br\/index.php\/wp-json\/wp\/v2\/users\/5"}],"replies":[{"embeddable":true,"href":"https:\/\/sgvaimudar.com.br\/index.php\/wp-json\/wp\/v2\/comments?post=20660"}],"version-history":[{"count":1,"href":"https:\/\/sgvaimudar.com.br\/index.php\/wp-json\/wp\/v2\/posts\/20660\/revisions"}],"predecessor-version":[{"id":20662,"href":"https:\/\/sgvaimudar.com.br\/index.php\/wp-json\/wp\/v2\/posts\/20660\/revisions\/20662"}],"wp:featuredmedia":[{"embeddable":true,"href":"https:\/\/sgvaimudar.com.br\/index.php\/wp-json\/wp\/v2\/media\/20661"}],"wp:attachment":[{"href":"https:\/\/sgvaimudar.com.br\/index.php\/wp-json\/wp\/v2\/media?parent=20660"}],"wp:term":[{"taxonomy":"category","embeddable":true,"href":"https:\/\/sgvaimudar.com.br\/index.php\/wp-json\/wp\/v2\/categories?post=20660"},{"taxonomy":"post_tag","embeddable":true,"href":"https:\/\/sgvaimudar.com.br\/index.php\/wp-json\/wp\/v2\/tags?post=20660"}],"curies":[{"name":"wp","href":"https:\/\/api.w.org\/{rel}","templated":true}]}}