{"id":20606,"date":"2025-02-20T11:59:00","date_gmt":"2025-02-20T14:59:00","guid":{"rendered":"https:\/\/sgvaimudar.com.br\/?p=20606"},"modified":"2025-02-20T08:56:22","modified_gmt":"2025-02-20T11:56:22","slug":"tragedia-pais-pedem-doacao-de-sangue-para-menina-que-caiu-em-escola-do-jardim-alcantara","status":"publish","type":"post","link":"https:\/\/sgvaimudar.com.br\/index.php\/2025\/02\/20\/tragedia-pais-pedem-doacao-de-sangue-para-menina-que-caiu-em-escola-do-jardim-alcantara\/","title":{"rendered":"Trag\u00e9dia: Pais pedem doa\u00e7\u00e3o de sangue para menina que caiu em escola do Jardim Alc\u00e2ntara"},"content":{"rendered":"\n<p><em>P\u00e9rola Hadassa, de 3 anos, est\u00e1 internada em estado grave no Hospital Estadual Alberto Torres<\/em><\/p>\n\n\n\n<p>Os pais de P\u00e9rola Hadassa Nery Paix\u00e3o, de tr\u00eas anos, que\u00a0precisou operar o cr\u00e2nio ap\u00f3s sofrer uma queda na Creche municipal Pastora Margarete Ribeiro Ara\u00fajo, no bairro Jardim Alc\u00e2ntara, em S\u00e3o Gon\u00e7alo, iniciaram uma campanha de doa\u00e7\u00e3o de sangue para a menina nas redes sociais. O estado de sa\u00fade dela \u00e9 grave.<\/p>\n\n\n\n<p>As doa\u00e7\u00f5es podem ser de qualquer tipo sangu\u00edneo, basta informar o nome da crian\u00e7a e a unidade de sa\u00fade em que ela est\u00e1 internada, o Hospital Estadual Alberto Torres. Dentre os endere\u00e7os, as pessoas devem procurar:<\/p>\n\n\n\n<p>O HemoRio do Centro, na Avenida Marechal Floriano,\u00a0 99; Barra da Tijuca, na Avenida Ayrton Senna, 2150; Nova Igua\u00e7u, na Avenida Henrique Duque Estrada Meyer e Petr\u00f3polis, na Rua Dr. Paulo Herv\u00e9, 1130.<\/p>\n\n\n\n<p>O hor\u00e1rio de funcionamento \u00e9 de 7h \u00e0s 18h, exceto na Baixada Fluminense, que come\u00e7a \u00e0s 7h30min.\u00a0Para facilitar o transporte, familiares marcaram um ponto de encontro para a pr\u00f3xima sexta-feira (21), na Pra\u00e7a do Jardim Alc\u00e2ntara, \u00e0s 8h, para que todos possam ir juntos realizar as doa\u00e7\u00f5es.<\/p>\n\n\n\n<p>A m\u00e3e da crian\u00e7a, Marlene Ribeiro, de 27 anos, afirma que a escola s\u00f3 comunicou o ocorrido no momento da sa\u00edda, horas depois da queda. Segundo a fam\u00edlia, P\u00e9rola brincava com colegas durante o hor\u00e1rio escolar quando foi empurrada e caiu, por\u00e9m, a unidade de ensino n\u00e3o acionou os respons\u00e1veis nem buscou atendimento m\u00e9dico imediato. A altura da queda ainda n\u00e3o foi esclarecida.<\/p>\n\n\n\n<p>&#8220;Ela foi para a escola alegre, estava bem! Quando fui busc\u00e1-la, j\u00e1 tinha ca\u00eddo e vomitado. A professora n\u00e3o me ligou, n\u00e3o fez nada. Apenas na sa\u00edda, me informaram que um colega a empurrou e que ela caiu. Isso aconteceu \u00e0s 15h, mas s\u00f3 fui busc\u00e1-la \u00e0s 17h. Minha filha ficou duas horas sem nenhum aviso&#8221;, relatou a m\u00e3e.<\/p>\n\n\n\n<p>Ao chegar em casa, P\u00e9rola voltou a vomitar, e os pais decidiram lev\u00e1-la \u00e0 Unidade de Pronto Atendimento (UPA) do Coluband\u00ea. Ap\u00f3s exames, os m\u00e9dicos identificaram a gravidade do caso e a transferiram com urg\u00eancia para o Hospital Estadual Alberto Torres (Heat). <\/p>\n\n\n\n<p>&#8220;Ela vomitou dentro do consult\u00f3rio. A pediatra percebeu a gravidade e a encaminhou para a sala vermelha. Depois dos exames, foi transferida para o hospital&#8221;, detalhou Marlene.<\/p>\n\n\n\n<p>A fam\u00edlia tamb\u00e9m critica a falta de comunica\u00e7\u00e3o da escola: &#8220;Al\u00e9m de n\u00e3o me ligarem, ainda colocaram minha filha para dormir depois da queda. Mesmo ap\u00f3s vomitar, n\u00e3o me chamaram&#8221;, afirmou a m\u00e3e.<\/p>\n\n\n\n<p>O caso est\u00e1 sendo investigado pela 74\u00aa DP (Alc\u00e2ntara), que solicitou as imagens das c\u00e2meras de seguran\u00e7a da escola para esclarecer o que aconteceu. As investiga\u00e7\u00f5es seguem em andamento.<\/p>\n\n\n\n<p><strong><em>S\u00e3o Gon\u00e7alo vai mudar: Not\u00edcias de S\u00e3o Gon\u00e7alo e toda regi\u00e3o.<\/em><\/strong><\/p>\n\n\n\n<figure class=\"wp-block-image size-full\"><img decoding=\"async\" width=\"317\" height=\"110\" src=\"https:\/\/sgvaimudar.com.br\/wp-content\/uploads\/2023\/08\/cropped-Logo-Provisoria-2-2.png\" alt=\"\" class=\"wp-image-2782\" srcset=\"https:\/\/sgvaimudar.com.br\/wp-content\/uploads\/2023\/08\/cropped-Logo-Provisoria-2-2.png 317w, https:\/\/sgvaimudar.com.br\/wp-content\/uploads\/2023\/08\/cropped-Logo-Provisoria-2-2-300x104.png 300w\" sizes=\"(max-width: 317px) 100vw, 317px\" \/><\/figure>\n\n\n\n<p><\/p>\n","protected":false},"excerpt":{"rendered":"<p>P\u00e9rola Hadassa, de 3 anos, est\u00e1 internada em estado grave no Hospital Estadual Alberto Torres Os pais de P\u00e9rola Hadassa&hellip;<\/p>\n","protected":false},"author":5,"featured_media":20607,"comment_status":"open","ping_status":"open","sticky":false,"template":"","format":"standard","meta":{"fifu_image_url":"","fifu_image_alt":"","footnotes":""},"categories":[32],"tags":[47,75],"class_list":["post-20606","post","type-post","status-publish","format-standard","has-post-thumbnail","hentry","category-casos-de-policia","tag-rj","tag-sao-goncalo"],"_links":{"self":[{"href":"https:\/\/sgvaimudar.com.br\/index.php\/wp-json\/wp\/v2\/posts\/20606","targetHints":{"allow":["GET"]}}],"collection":[{"href":"https:\/\/sgvaimudar.com.br\/index.php\/wp-json\/wp\/v2\/posts"}],"about":[{"href":"https:\/\/sgvaimudar.com.br\/index.php\/wp-json\/wp\/v2\/types\/post"}],"author":[{"embeddable":true,"href":"https:\/\/sgvaimudar.com.br\/index.php\/wp-json\/wp\/v2\/users\/5"}],"replies":[{"embeddable":true,"href":"https:\/\/sgvaimudar.com.br\/index.php\/wp-json\/wp\/v2\/comments?post=20606"}],"version-history":[{"count":1,"href":"https:\/\/sgvaimudar.com.br\/index.php\/wp-json\/wp\/v2\/posts\/20606\/revisions"}],"predecessor-version":[{"id":20608,"href":"https:\/\/sgvaimudar.com.br\/index.php\/wp-json\/wp\/v2\/posts\/20606\/revisions\/20608"}],"wp:featuredmedia":[{"embeddable":true,"href":"https:\/\/sgvaimudar.com.br\/index.php\/wp-json\/wp\/v2\/media\/20607"}],"wp:attachment":[{"href":"https:\/\/sgvaimudar.com.br\/index.php\/wp-json\/wp\/v2\/media?parent=20606"}],"wp:term":[{"taxonomy":"category","embeddable":true,"href":"https:\/\/sgvaimudar.com.br\/index.php\/wp-json\/wp\/v2\/categories?post=20606"},{"taxonomy":"post_tag","embeddable":true,"href":"https:\/\/sgvaimudar.com.br\/index.php\/wp-json\/wp\/v2\/tags?post=20606"}],"curies":[{"name":"wp","href":"https:\/\/api.w.org\/{rel}","templated":true}]}}