{"id":20574,"date":"2025-02-19T19:00:00","date_gmt":"2025-02-19T22:00:00","guid":{"rendered":"https:\/\/sgvaimudar.com.br\/?p=20574"},"modified":"2025-02-19T11:05:43","modified_gmt":"2025-02-19T14:05:43","slug":"em-rio-bonito-festival-multicultural-reune-artistas-da-cidade","status":"publish","type":"post","link":"https:\/\/sgvaimudar.com.br\/index.php\/2025\/02\/19\/em-rio-bonito-festival-multicultural-reune-artistas-da-cidade\/","title":{"rendered":"Em Rio Bonito, Festival Multicultural re\u00fane artistas da cidade"},"content":{"rendered":"\n<p><em>Foram distribu\u00eddos e disponibilizados gratuitamente um total de 354 ingressos<\/em><\/p>\n\n\n\n<p>A Prefeitura Municipal de Rio Bonito apoiou o Festival Multicultural, promovido pela FARB Produ\u00e7\u00f5es (Festival de Artes de Rio Bonito), produtora local. O evento,dirigido por Pedro Rodrigo e Carol Mont Serrat, foi contemplado pela Pol\u00edtica Nacional Aldir Blanc(PNAB), com o objetivo de fomentar e potencializar o cen\u00e1rio art\u00edstico e cultural do munic\u00edpio de Rio Bonito e regi\u00e3o.<\/p>\n\n\n\n<p>O Festival contou com a presen\u00e7a de cerca de 25 artistas locais, de diversas \u00e1reas art\u00edsticas, como dan\u00e7a e canto. Os artistas locais se apresentaram em duas sess\u00f5es no \u00faltimo s\u00e1bado(15). <\/p>\n\n\n\n<figure class=\"wp-block-image size-full\"><img fetchpriority=\"high\" decoding=\"async\" width=\"1024\" height=\"681\" src=\"https:\/\/sgvaimudar.com.br\/wp-content\/uploads\/2025\/02\/FARb25-0349-1024x681-1.webp\" alt=\"\" class=\"wp-image-20575\" srcset=\"https:\/\/sgvaimudar.com.br\/wp-content\/uploads\/2025\/02\/FARb25-0349-1024x681-1.webp 1024w, https:\/\/sgvaimudar.com.br\/wp-content\/uploads\/2025\/02\/FARb25-0349-1024x681-1-300x200.webp 300w, https:\/\/sgvaimudar.com.br\/wp-content\/uploads\/2025\/02\/FARb25-0349-1024x681-1-768x511.webp 768w\" sizes=\"(max-width: 1024px) 100vw, 1024px\" \/><\/figure>\n\n\n\n<p>Al\u00e9m do Festival em si, o projeto prev\u00ea uma a\u00e7\u00e3o social no Lar Maria de Nazareth na pr\u00f3xima sexta (21). A\u00e7\u00e3o essa que contar\u00e1 com algumas performances presentes no festival para os idosos e equipe do Lar. Dentre esses participantes, est\u00e3o nomes j\u00e1 reconhecidos e estabilizados no cen\u00e1rio comercial local, como Juka Goulart, Paula Brito, F\u00e1bio Fernando, Ballet Mont Serrat e Paulo Nuso. Quanto outros representantes importantes de outras cidades, como o Projeto Social Dan\u00e7a Comunidade de Itabora\u00ed, Eddu Rocha do Rio de Janeiro e Lyvia Vit\u00f3ria de Tangu\u00e1.<\/p>\n\n\n\n<p>O Festival Multicultural acontece desde 2023, com o apoio da Secretaria de Cultura, na ideia de enaltecer o trabalho de artistas da cidade de Rio Bonito e demonstrar a gama de produtores art\u00edsticos riobonitenses e suas manifesta\u00e7\u00f5es, celebrar a diversidade art\u00edstica, fomentar a cultura da regi\u00e3o e promover o acesso a cultura e a Arte para a sociedade.<\/p>\n\n\n\n<p>Tamb\u00e9m objetiva dar continuidade e expandir esse tipo de iniciativa como o Festival Multicultural, o Festival de Artes de Rio Bonito e outros eventos realizados pela FARB Produ\u00e7\u00f5es. Inclu\u00ed-los no calend\u00e1rio municipal de cultura, dividi-lo em mais etapas e categorias, al\u00e9m de proporcionar uma produ\u00e7\u00e3o de qualidade, profissional, que compreenda e atenda \u00e0s necessidades dos artistas e garanta cada vez mais o acesso a Cultura.<\/p>\n\n\n\n<p><strong>Artistas presentes no Festival Multicultural:<\/strong><br>Davi Paulo, Jenifer Marins, Faela Rocker, Majut, Luiz Machado, Tavinho Belmok, Noah Martinez, Rick Abrah\u00e3o, Matheus Oliveira, Reinaldo Silva, Paulo Nuso, Ballet Mont Serrat, Paula Brito, Wallace Gale\u00e3o, Davi Paulo, Juka Goulart, Yisrael Pereira, Projeto Social Dan\u00e7a Comunidade, Adilson Robles, Edson Lopes, Ana Karla Andrade, Jo\u00e3o Azanto, F\u00e1bio Fernando, Eddu Rocha, Lyvia Vit\u00f3ria e Milah.<\/p>\n\n\n\n<p><strong><em>S\u00e3o Gon\u00e7alo vai mudar: Not\u00edcias de S\u00e3o Gon\u00e7alo e toda regi\u00e3o.<\/em><\/strong><\/p>\n\n\n\n<figure class=\"wp-block-image size-full\"><img decoding=\"async\" width=\"317\" height=\"110\" src=\"https:\/\/sgvaimudar.com.br\/wp-content\/uploads\/2023\/08\/cropped-Logo-Provisoria-2-2.png\" alt=\"\" class=\"wp-image-2782\" srcset=\"https:\/\/sgvaimudar.com.br\/wp-content\/uploads\/2023\/08\/cropped-Logo-Provisoria-2-2.png 317w, https:\/\/sgvaimudar.com.br\/wp-content\/uploads\/2023\/08\/cropped-Logo-Provisoria-2-2-300x104.png 300w\" sizes=\"(max-width: 317px) 100vw, 317px\" \/><\/figure>\n","protected":false},"excerpt":{"rendered":"<p>Foram distribu\u00eddos e disponibilizados gratuitamente um total de 354 ingressos A Prefeitura Municipal de Rio Bonito apoiou o Festival Multicultural,&hellip;<\/p>\n","protected":false},"author":5,"featured_media":20576,"comment_status":"open","ping_status":"open","sticky":false,"template":"","format":"standard","meta":{"fifu_image_url":"","fifu_image_alt":"","footnotes":""},"categories":[6],"tags":[47],"class_list":["post-20574","post","type-post","status-publish","format-standard","has-post-thumbnail","hentry","category-entretenimento","tag-rj"],"_links":{"self":[{"href":"https:\/\/sgvaimudar.com.br\/index.php\/wp-json\/wp\/v2\/posts\/20574","targetHints":{"allow":["GET"]}}],"collection":[{"href":"https:\/\/sgvaimudar.com.br\/index.php\/wp-json\/wp\/v2\/posts"}],"about":[{"href":"https:\/\/sgvaimudar.com.br\/index.php\/wp-json\/wp\/v2\/types\/post"}],"author":[{"embeddable":true,"href":"https:\/\/sgvaimudar.com.br\/index.php\/wp-json\/wp\/v2\/users\/5"}],"replies":[{"embeddable":true,"href":"https:\/\/sgvaimudar.com.br\/index.php\/wp-json\/wp\/v2\/comments?post=20574"}],"version-history":[{"count":1,"href":"https:\/\/sgvaimudar.com.br\/index.php\/wp-json\/wp\/v2\/posts\/20574\/revisions"}],"predecessor-version":[{"id":20577,"href":"https:\/\/sgvaimudar.com.br\/index.php\/wp-json\/wp\/v2\/posts\/20574\/revisions\/20577"}],"wp:featuredmedia":[{"embeddable":true,"href":"https:\/\/sgvaimudar.com.br\/index.php\/wp-json\/wp\/v2\/media\/20576"}],"wp:attachment":[{"href":"https:\/\/sgvaimudar.com.br\/index.php\/wp-json\/wp\/v2\/media?parent=20574"}],"wp:term":[{"taxonomy":"category","embeddable":true,"href":"https:\/\/sgvaimudar.com.br\/index.php\/wp-json\/wp\/v2\/categories?post=20574"},{"taxonomy":"post_tag","embeddable":true,"href":"https:\/\/sgvaimudar.com.br\/index.php\/wp-json\/wp\/v2\/tags?post=20574"}],"curies":[{"name":"wp","href":"https:\/\/api.w.org\/{rel}","templated":true}]}}