{"id":20567,"date":"2025-02-19T14:00:00","date_gmt":"2025-02-19T17:00:00","guid":{"rendered":"https:\/\/sgvaimudar.com.br\/?p=20567"},"modified":"2025-02-19T10:48:45","modified_gmt":"2025-02-19T13:48:45","slug":"claudio-castro-entrega-mais-de-4-mil-equipamentos-de-protecao-individual-a-policia-militar-com-investimento-de-r-28-milhoes","status":"publish","type":"post","link":"https:\/\/sgvaimudar.com.br\/index.php\/2025\/02\/19\/claudio-castro-entrega-mais-de-4-mil-equipamentos-de-protecao-individual-a-policia-militar-com-investimento-de-r-28-milhoes\/","title":{"rendered":"Cl\u00e1udio Castro entrega mais de 4 mil equipamentos de prote\u00e7\u00e3o individual \u00e0 Pol\u00edcia Militar com investimento de R$ 28 milh\u00f5es"},"content":{"rendered":"\n<p><em>A\u00e7\u00e3o faz parte do plano de seguran\u00e7a p\u00fablica do Estado que j\u00e1 injetou mais de R$ 4 bilh\u00f5es nos \u00faltimos anos \u00e0s for\u00e7as de seguran\u00e7a<\/em><\/p>\n\n\n\n<p>O governador Cl\u00e1udio Castro entregou \u00e0 tropa da Pol\u00edcia Militar, junto com o secret\u00e1rio da pasta, coronel Marcelo Menezes, 1.704 capacetes e 2.374 coletes bal\u00edsticos, de um total de nove mil adquiridos neste ano. A cerim\u00f4nia, realizada nesta ter\u00e7a-feira (18\/02), no Quartel General da Pol\u00edcia Militar, no Centro do Rio, faz parte do compromisso do Governo do Estado de ampliar os investimentos em seguran\u00e7a p\u00fablica, que j\u00e1 destinou mais de R$ 4 bilh\u00f5es \u00e0s for\u00e7as estaduais de seguran\u00e7a.<\/p>\n\n\n\n<p>&#8220;A entrega destes equipamentos \u00e9 de suma import\u00e2ncia para a Pol\u00edcia Militar, pois foca nos nossos agentes, na prote\u00e7\u00e3o dos policiais militares. Nossas for\u00e7as de seguran\u00e7a n\u00e3o t\u00eam medido esfor\u00e7os para combater o crime organizado no nosso estado. S\u00f3 no \u00faltimo ano, foram retirados das m\u00e3os de bandidos mais de 700 fuzis e presos cerca de 50 mil criminosos&#8221;, destacou Castro.<\/p>\n\n\n\n<figure class=\"wp-block-image size-large\"><img fetchpriority=\"high\" decoding=\"async\" width=\"1024\" height=\"683\" src=\"https:\/\/sgvaimudar.com.br\/wp-content\/uploads\/2025\/02\/BF5A9850-1024x683.jpg\" alt=\"\" class=\"wp-image-20568\" srcset=\"https:\/\/sgvaimudar.com.br\/wp-content\/uploads\/2025\/02\/BF5A9850-1024x683.jpg 1024w, https:\/\/sgvaimudar.com.br\/wp-content\/uploads\/2025\/02\/BF5A9850-300x200.jpg 300w, https:\/\/sgvaimudar.com.br\/wp-content\/uploads\/2025\/02\/BF5A9850-768x512.jpg 768w, https:\/\/sgvaimudar.com.br\/wp-content\/uploads\/2025\/02\/BF5A9850-1536x1024.jpg 1536w, https:\/\/sgvaimudar.com.br\/wp-content\/uploads\/2025\/02\/BF5A9850-2048x1365.jpg 2048w\" sizes=\"(max-width: 1024px) 100vw, 1024px\" \/><\/figure>\n\n\n\n<p>Os equipamentos de prote\u00e7\u00e3o individual ser\u00e3o utilizados pelos agentes em a\u00e7\u00f5es de policiamento ostensivo, especialmente em comunidades. Al\u00e9m disso, o uso do capacete por policiais do Batalh\u00e3o de Opera\u00e7\u00f5es Especiais (Bope) e dos Grupamentos de A\u00e7\u00f5es T\u00e1ticas (GATs) da Pol\u00edcia Militar do Estado do Rio de Janeiro foi uma iniciativa in\u00e9dita no pa\u00eds, lan\u00e7ada em 2023.<\/p>\n\n\n\n<p>&#8220;Os capacetes e coletes de prote\u00e7\u00e3o individual entregues hoje pelo Governo do Estado \u00e0 Pol\u00edcia Militar refor\u00e7a o quanto \u00e9 importante a nossa atua\u00e7\u00e3o em miss\u00f5es operacionais. Hoje, operamos em cen\u00e1rios de guerras e preservar a vida dos nossos policiais \u00e9 fundamental&#8221;, ressaltou o secret\u00e1rio de Pol\u00edcia Militar, coronel Marcelo Menezes.<\/p>\n\n\n\n<p>No evento, tamb\u00e9m foram entregues quatros pick-ups para os 19\u00b0 e 23\u00b0 Batalh\u00f5es de Pol\u00edcia Militar. A destina\u00e7\u00e3o \u00e9 fruto de emenda parlamentar da bancada do Rio de Janeiro no Congresso Nacional e faz parte do Fundo Nacional de Seguran\u00e7a P\u00fablica.<\/p>\n\n\n\n<p>Participaram da cerim\u00f4nia os secret\u00e1rios de Estado de Seguran\u00e7a P\u00fablica, Victor Santos; de Pol\u00edcia Civil, Felipe Curi; e o de Defesa Civil, Coronel Leandro Monteiro, al\u00e9m de outras autoridades.<\/p>\n\n\n\n<p><strong><em>S\u00e3o Gon\u00e7alo vai mudar: Not\u00edcias de S\u00e3o Gon\u00e7alo e toda regi\u00e3o.<\/em><\/strong><\/p>\n\n\n\n<figure class=\"wp-block-image size-full\"><img decoding=\"async\" width=\"317\" height=\"110\" src=\"https:\/\/sgvaimudar.com.br\/wp-content\/uploads\/2023\/08\/cropped-Logo-Provisoria-2-2.png\" alt=\"\" class=\"wp-image-2782\" srcset=\"https:\/\/sgvaimudar.com.br\/wp-content\/uploads\/2023\/08\/cropped-Logo-Provisoria-2-2.png 317w, https:\/\/sgvaimudar.com.br\/wp-content\/uploads\/2023\/08\/cropped-Logo-Provisoria-2-2-300x104.png 300w\" sizes=\"(max-width: 317px) 100vw, 317px\" \/><\/figure>\n","protected":false},"excerpt":{"rendered":"<p>A\u00e7\u00e3o faz parte do plano de seguran\u00e7a p\u00fablica do Estado que j\u00e1 injetou mais de R$ 4 bilh\u00f5es nos \u00faltimos&hellip;<\/p>\n","protected":false},"author":5,"featured_media":20569,"comment_status":"open","ping_status":"open","sticky":false,"template":"","format":"standard","meta":{"fifu_image_url":"","fifu_image_alt":"","footnotes":""},"categories":[32],"tags":[39,41,40,47],"class_list":["post-20567","post","type-post","status-publish","format-standard","has-post-thumbnail","hentry","category-casos-de-policia","tag-ataque","tag-conflito","tag-guerra","tag-rj"],"_links":{"self":[{"href":"https:\/\/sgvaimudar.com.br\/index.php\/wp-json\/wp\/v2\/posts\/20567","targetHints":{"allow":["GET"]}}],"collection":[{"href":"https:\/\/sgvaimudar.com.br\/index.php\/wp-json\/wp\/v2\/posts"}],"about":[{"href":"https:\/\/sgvaimudar.com.br\/index.php\/wp-json\/wp\/v2\/types\/post"}],"author":[{"embeddable":true,"href":"https:\/\/sgvaimudar.com.br\/index.php\/wp-json\/wp\/v2\/users\/5"}],"replies":[{"embeddable":true,"href":"https:\/\/sgvaimudar.com.br\/index.php\/wp-json\/wp\/v2\/comments?post=20567"}],"version-history":[{"count":1,"href":"https:\/\/sgvaimudar.com.br\/index.php\/wp-json\/wp\/v2\/posts\/20567\/revisions"}],"predecessor-version":[{"id":20570,"href":"https:\/\/sgvaimudar.com.br\/index.php\/wp-json\/wp\/v2\/posts\/20567\/revisions\/20570"}],"wp:featuredmedia":[{"embeddable":true,"href":"https:\/\/sgvaimudar.com.br\/index.php\/wp-json\/wp\/v2\/media\/20569"}],"wp:attachment":[{"href":"https:\/\/sgvaimudar.com.br\/index.php\/wp-json\/wp\/v2\/media?parent=20567"}],"wp:term":[{"taxonomy":"category","embeddable":true,"href":"https:\/\/sgvaimudar.com.br\/index.php\/wp-json\/wp\/v2\/categories?post=20567"},{"taxonomy":"post_tag","embeddable":true,"href":"https:\/\/sgvaimudar.com.br\/index.php\/wp-json\/wp\/v2\/tags?post=20567"}],"curies":[{"name":"wp","href":"https:\/\/api.w.org\/{rel}","templated":true}]}}