{"id":20530,"date":"2025-02-19T11:00:00","date_gmt":"2025-02-19T14:00:00","guid":{"rendered":"https:\/\/sgvaimudar.com.br\/?p=20530"},"modified":"2025-02-19T08:43:27","modified_gmt":"2025-02-19T11:43:27","slug":"populacao-de-itaborai-ganha-mais-uma-opcao-de-atividade-fisica-gratuita-ao-ar-livre","status":"publish","type":"post","link":"https:\/\/sgvaimudar.com.br\/index.php\/2025\/02\/19\/populacao-de-itaborai-ganha-mais-uma-opcao-de-atividade-fisica-gratuita-ao-ar-livre\/","title":{"rendered":"Popula\u00e7\u00e3o de Itabora\u00ed ganha mais uma op\u00e7\u00e3o de atividade f\u00edsica gratuita ao ar livre"},"content":{"rendered":"\n<p><em>A iniciativa faz parte do Projeto Transformar<\/em><\/p>\n\n\n\n<p>A\u00a0Prefeitura de Itabora\u00ed, por meio da Secretaria Municipal de Esporte e Lazer (Semel), promoveu na manh\u00e3 da \u00faltima segunda-feira (17\/02) uma a\u00e7\u00e3o esportiva gratuita na Pra\u00e7a Marechal Floriano Peixoto, no Centro. A a\u00e7\u00e3o contou com aulas de funcional e capoterapia, proporcionando qualidade de vida e bem-estar \u00e0 popula\u00e7\u00e3o.<\/p>\n\n\n\n<p>Com atividades realizadas ao ar livre, os participantes tiveram a oportunidade de se exercitar sob a orienta\u00e7\u00e3o de profissionais qualificados. As aulas de funcional acontecem de segunda a sexta-feira, sempre \u00e0s 7h, enquanto as sess\u00f5es de capoterapia ocorrem \u00e0s segundas, quartas e sextas-feiras, \u00e0s 6h.<\/p>\n\n\n\n<p>O secret\u00e1rio municipal de Esporte e Lazer, Marcelo Leite, destacou a import\u00e2ncia da iniciativa para incentivar a pr\u00e1tica esportiva e promover sa\u00fade entre os moradores.<\/p>\n\n\n\n<p>\u201cNosso objetivo \u00e9 tornar o esporte acess\u00edvel para todos e levar qualidade de vida \u00e0 popula\u00e7\u00e3o. A atividade f\u00edsica regular \u00e9 essencial para a preven\u00e7\u00e3o de doen\u00e7as e o fortalecimento da sa\u00fade f\u00edsica e mental\u201d, afirmou o secret\u00e1rio.<br>A moradora do bairro Retiro, Adriana Radamarker, de 54 anos, comemorou a chegada das atividades ao munic\u00edpio.<\/p>\n\n\n\n<p>\u201cEsse projeto \u00e9 fundamental e importante, porque cada um, dentro dos seus limites, pode aproveitar a aula! Essa iniciativa \u00e9 muito importante porque n\u00e3o t\u00ednhamos isso no munic\u00edpio. Vou vir mais vezes, com certeza!\u201d, disse Adriana.<\/p>\n\n\n\n<p>As inscri\u00e7\u00f5es s\u00e3o feitas no local, antes do in\u00edcio das atividades, e s\u00e3o abertas para pessoas de todas as idades. A a\u00e7\u00e3o faz parte do compromisso da Prefeitura de Itabora\u00ed em incentivar a pr\u00e1tica esportiva e promover o bem-estar da popula\u00e7\u00e3o.<\/p>\n\n\n\n<p><strong><em>S\u00e3o Gon\u00e7alo vai mudar: Not\u00edcias de S\u00e3o Gon\u00e7alo e toda regi\u00e3o.<\/em><\/strong><\/p>\n\n\n\n<figure class=\"wp-block-image size-full\"><img decoding=\"async\" width=\"317\" height=\"110\" src=\"https:\/\/sgvaimudar.com.br\/wp-content\/uploads\/2023\/08\/cropped-Logo-Provisoria-2-2.png\" alt=\"\" class=\"wp-image-2782\" srcset=\"https:\/\/sgvaimudar.com.br\/wp-content\/uploads\/2023\/08\/cropped-Logo-Provisoria-2-2.png 317w, https:\/\/sgvaimudar.com.br\/wp-content\/uploads\/2023\/08\/cropped-Logo-Provisoria-2-2-300x104.png 300w\" sizes=\"(max-width: 317px) 100vw, 317px\" \/><\/figure>\n","protected":false},"excerpt":{"rendered":"<p>A iniciativa faz parte do Projeto Transformar A\u00a0Prefeitura de Itabora\u00ed, por meio da Secretaria Municipal de Esporte e Lazer (Semel),&hellip;<\/p>\n","protected":false},"author":5,"featured_media":20531,"comment_status":"open","ping_status":"open","sticky":false,"template":"","format":"standard","meta":{"fifu_image_url":"","fifu_image_alt":"","footnotes":""},"categories":[5],"tags":[47],"class_list":["post-20530","post","type-post","status-publish","format-standard","has-post-thumbnail","hentry","category-esportes","tag-rj"],"_links":{"self":[{"href":"https:\/\/sgvaimudar.com.br\/index.php\/wp-json\/wp\/v2\/posts\/20530","targetHints":{"allow":["GET"]}}],"collection":[{"href":"https:\/\/sgvaimudar.com.br\/index.php\/wp-json\/wp\/v2\/posts"}],"about":[{"href":"https:\/\/sgvaimudar.com.br\/index.php\/wp-json\/wp\/v2\/types\/post"}],"author":[{"embeddable":true,"href":"https:\/\/sgvaimudar.com.br\/index.php\/wp-json\/wp\/v2\/users\/5"}],"replies":[{"embeddable":true,"href":"https:\/\/sgvaimudar.com.br\/index.php\/wp-json\/wp\/v2\/comments?post=20530"}],"version-history":[{"count":1,"href":"https:\/\/sgvaimudar.com.br\/index.php\/wp-json\/wp\/v2\/posts\/20530\/revisions"}],"predecessor-version":[{"id":20532,"href":"https:\/\/sgvaimudar.com.br\/index.php\/wp-json\/wp\/v2\/posts\/20530\/revisions\/20532"}],"wp:featuredmedia":[{"embeddable":true,"href":"https:\/\/sgvaimudar.com.br\/index.php\/wp-json\/wp\/v2\/media\/20531"}],"wp:attachment":[{"href":"https:\/\/sgvaimudar.com.br\/index.php\/wp-json\/wp\/v2\/media?parent=20530"}],"wp:term":[{"taxonomy":"category","embeddable":true,"href":"https:\/\/sgvaimudar.com.br\/index.php\/wp-json\/wp\/v2\/categories?post=20530"},{"taxonomy":"post_tag","embeddable":true,"href":"https:\/\/sgvaimudar.com.br\/index.php\/wp-json\/wp\/v2\/tags?post=20530"}],"curies":[{"name":"wp","href":"https:\/\/api.w.org\/{rel}","templated":true}]}}