{"id":20503,"date":"2025-02-18T21:00:00","date_gmt":"2025-02-19T00:00:00","guid":{"rendered":"https:\/\/sgvaimudar.com.br\/?p=20503"},"modified":"2025-02-18T10:12:47","modified_gmt":"2025-02-18T13:12:47","slug":"presidente-da-alerj-recebe-ex-craque-holandes-seedorf-e-sera-embaixador-da-copa-do-mundo-das-lendas-no-rio","status":"publish","type":"post","link":"https:\/\/sgvaimudar.com.br\/index.php\/2025\/02\/18\/presidente-da-alerj-recebe-ex-craque-holandes-seedorf-e-sera-embaixador-da-copa-do-mundo-das-lendas-no-rio\/","title":{"rendered":"Presidente da Alerj recebe ex-craque holand\u00eas Seedorf e ser\u00e1 embaixador da Copa do Mundo das Lendas no Rio"},"content":{"rendered":"\n<p><em>Rodrigo Bacellar disse que o objetivo principal \u00e9 fomentar o turismo na cidade. Uma comitiva da Ar\u00e1bia Saudita tamb\u00e9m participou da reuni\u00e3o no Pal\u00e1cio Tiradentes, sede hist\u00f3rica da Alerj<\/em><\/p>\n\n\n\n<p>O presidente da Assembleia Legislativa do Estado do Rio de Janeiro (Alerj), deputado Rodrigo Bacellar (Uni\u00e3o), ser\u00e1 o embaixador da edi\u00e7\u00e3o do Rio de Janeiro da Copa do Mundo das Lendas (World Legends Cup) \u2013 o evento re\u00fane ex-jogadores de futebol conhecido em todo o mundo e est\u00e1 previsto para ser realizado no segundo semestre de 2026, no Maracan\u00e3. <\/p>\n\n\n\n<p>Nesta segunda-feira (17\/02), Bacellar recebeu, no Pal\u00e1cio Tiradentes, o ex-craque Clarence Seedorf, que marcou \u00e9poca na sele\u00e7\u00e3o da Holanda, Real Madrid, Milan e Botafogo, al\u00e9m de uma comitiva da Ar\u00e1bia Saudita e representantes da Golden Goal, organizadora do evento.<\/p>\n\n\n\n<p>Na reuni\u00e3o, ficou definido que a Alerj, atrav\u00e9s de Bacellar, vai fazer a interlocu\u00e7\u00e3o com o poder p\u00fablico \u2013 governos Federal, Estadual e Municipal. Para isso, foi criada uma comiss\u00e3o,&nbsp;que inclui o gabinete da Presid\u00eancia, o secret\u00e1rio de estado da Defesa do Consumidor, Gutemberg Fonseca, al\u00e9m da empresa que est\u00e1 \u00e0 frente da Copa.<\/p>\n\n\n\n<p>&#8220;\u00c9 uma honra ajudar a promover e ser o embaixador de um evento t\u00e3o importante, que re\u00fane as maiores lendas do futebol mundial. O Rio vai receber a Copa do Mundo das Lendas, que al\u00e9m de ser um marco para o futebol, promove o turismo, aquece a economia e mostra para o mundo a for\u00e7a e as belezas do Rio de Janeiro&#8221;, disse Bacellar.<\/p>\n\n\n\n<p><strong>Promo\u00e7\u00e3o da Copa de 2034<\/strong><\/p>\n\n\n\n<p>A Copa do Mundo das Lendas vai percorrer diversos pa\u00edses para promo\u00e7\u00e3o da Copa do Mundo de 2034, que ter\u00e1 a Ar\u00e1bia Saudita como sede. Em 2025, est\u00e3o previstos eventos de divulga\u00e7\u00e3o no Rio, como o sorteio das chaves. O formato de disputa prev\u00ea que os jogos tenham dois tempos de 25 minutos e as sele\u00e7\u00f5es j\u00e1 est\u00e3o sendo escaladas com craques como Seedorf, Kak\u00e1 e David Beckham, al\u00e9m de Zico como t\u00e9cnico do Brasil.<\/p>\n\n\n\n<p>O evento\u00a0ainda ser\u00e1 transmitido pela Amazon Prime e tamb\u00e9m por uma TV Aberta, que ainda ser\u00e1 definida.<\/p>\n\n\n\n<p><strong><em>S\u00e3o Gon\u00e7alo vai mudar: Not\u00edcias de S\u00e3o Gon\u00e7alo e toda regi\u00e3o.<\/em><\/strong><\/p>\n\n\n\n<figure class=\"wp-block-image size-full\"><img decoding=\"async\" width=\"317\" height=\"110\" src=\"https:\/\/sgvaimudar.com.br\/wp-content\/uploads\/2023\/08\/cropped-Logo-Provisoria-2-2.png\" alt=\"\" class=\"wp-image-2782\" srcset=\"https:\/\/sgvaimudar.com.br\/wp-content\/uploads\/2023\/08\/cropped-Logo-Provisoria-2-2.png 317w, https:\/\/sgvaimudar.com.br\/wp-content\/uploads\/2023\/08\/cropped-Logo-Provisoria-2-2-300x104.png 300w\" sizes=\"(max-width: 317px) 100vw, 317px\" \/><\/figure>\n","protected":false},"excerpt":{"rendered":"<p>Rodrigo Bacellar disse que o objetivo principal \u00e9 fomentar o turismo na cidade. Uma comitiva da Ar\u00e1bia Saudita tamb\u00e9m participou&hellip;<\/p>\n","protected":false},"author":5,"featured_media":20504,"comment_status":"open","ping_status":"open","sticky":false,"template":"","format":"standard","meta":{"fifu_image_url":"","fifu_image_alt":"","footnotes":""},"categories":[5],"tags":[47],"class_list":["post-20503","post","type-post","status-publish","format-standard","has-post-thumbnail","hentry","category-esportes","tag-rj"],"_links":{"self":[{"href":"https:\/\/sgvaimudar.com.br\/index.php\/wp-json\/wp\/v2\/posts\/20503","targetHints":{"allow":["GET"]}}],"collection":[{"href":"https:\/\/sgvaimudar.com.br\/index.php\/wp-json\/wp\/v2\/posts"}],"about":[{"href":"https:\/\/sgvaimudar.com.br\/index.php\/wp-json\/wp\/v2\/types\/post"}],"author":[{"embeddable":true,"href":"https:\/\/sgvaimudar.com.br\/index.php\/wp-json\/wp\/v2\/users\/5"}],"replies":[{"embeddable":true,"href":"https:\/\/sgvaimudar.com.br\/index.php\/wp-json\/wp\/v2\/comments?post=20503"}],"version-history":[{"count":1,"href":"https:\/\/sgvaimudar.com.br\/index.php\/wp-json\/wp\/v2\/posts\/20503\/revisions"}],"predecessor-version":[{"id":20505,"href":"https:\/\/sgvaimudar.com.br\/index.php\/wp-json\/wp\/v2\/posts\/20503\/revisions\/20505"}],"wp:featuredmedia":[{"embeddable":true,"href":"https:\/\/sgvaimudar.com.br\/index.php\/wp-json\/wp\/v2\/media\/20504"}],"wp:attachment":[{"href":"https:\/\/sgvaimudar.com.br\/index.php\/wp-json\/wp\/v2\/media?parent=20503"}],"wp:term":[{"taxonomy":"category","embeddable":true,"href":"https:\/\/sgvaimudar.com.br\/index.php\/wp-json\/wp\/v2\/categories?post=20503"},{"taxonomy":"post_tag","embeddable":true,"href":"https:\/\/sgvaimudar.com.br\/index.php\/wp-json\/wp\/v2\/tags?post=20503"}],"curies":[{"name":"wp","href":"https:\/\/api.w.org\/{rel}","templated":true}]}}