{"id":20490,"date":"2025-02-18T14:00:00","date_gmt":"2025-02-18T17:00:00","guid":{"rendered":"https:\/\/sgvaimudar.com.br\/?p=20490"},"modified":"2025-02-18T09:54:59","modified_gmt":"2025-02-18T12:54:59","slug":"shopping-do-centro-de-sao-goncalo-oferece-programacao-especial-de-carnaval","status":"publish","type":"post","link":"https:\/\/sgvaimudar.com.br\/index.php\/2025\/02\/18\/shopping-do-centro-de-sao-goncalo-oferece-programacao-especial-de-carnaval\/","title":{"rendered":"Shopping do Centro de S\u00e3o Gon\u00e7alo oferece programa\u00e7\u00e3o especial de Carnaval"},"content":{"rendered":"\n<p><em>Foli\u00e3o ter\u00e1 atra\u00e7\u00f5es gratuitas como oficinas criativas, o tradicional Baile da Hel\u00f4 e a mostra em live paint \u201cConceitos\u201d, com obras de artistas locais<\/em><\/p>\n\n\n\n<p>Para celebrar o Carnaval em grande estilo, o Shopping Partage do Centro de S\u00e3o Gon\u00e7alo preparou uma programa\u00e7\u00e3o especial: O Partage Folia. O evento\u00a0contar\u00e1 com brincadeiras, apresenta\u00e7\u00f5es culturais e muitas atividades para as crian\u00e7as e suas fam\u00edlias.<\/p>\n\n\n\n<p>Ap\u00f3s uma temporada de f\u00e9rias repleta de atra\u00e7\u00f5es, a folia tamb\u00e9m chegou no local com ainda mais divers\u00e3o para os consumidores. A agenda especial incluir\u00e1 oficinas criativas, al\u00e9m de bailinhos carnavalescos no s\u00e1bado (22\/2) para as crian\u00e7as e os pets, a partir das 13h.<\/p>\n\n\n\n<p>Al\u00e9m disso, no domingo, 23, das 16h \u00e0s 20h, o Baile da Hel\u00f4 promete uma tarde dan\u00e7ante e de muita m\u00fasica para o p\u00fablico 60+. A programa\u00e7\u00e3o inclui a presen\u00e7a de talentosos dan\u00e7arinos e banda ao vivo, com um repert\u00f3rio especial que vai combinar cl\u00e1ssicos nacionais e internacionais.<\/p>\n\n\n\n<p>Outro destaque \u00e9 a mostra \u201cConceitos\u201d, com curadoria do produtor cultural Siri do Muro e aberta ao p\u00fablico de segunda a s\u00e1bado, das 10h \u00e0s 22h, e aos domingos, das 13h \u00e0s 21h. <\/p>\n\n\n\n<p>A exposi\u00e7\u00e3o no formato\u00a0<em>live paint,\u00a0<\/em>ou pintura ao vivo<em>,\u00a0<\/em>em tradu\u00e7\u00e3o livre, reunir\u00e1 artistas do grafite local, como Leandro Ribeiro, Douglas Civic, Beatriz Sally, entre outros, que ir\u00e3o transformar o espa\u00e7o em tempo real, expressando seus estilos e identidades.<\/p>\n\n\n\n<p>O Partage Folia \u00e9 realizado em parceria com as marcas Wipi, Ca\u00e7ula e Diniz. Para participar, \u00e9 necess\u00e1rio realizar a inscri\u00e7\u00e3o gratuita via\u00a0Sympla. A programa\u00e7\u00e3o completa est\u00e1 dispon\u00edvel em no site\u00a0e pelo perfil do shopping nas redes sociais, @partagesaogoncalo.<\/p>\n\n\n\n<p><strong>Hor\u00e1rio de funcionamento<\/strong><\/p>\n\n\n\n<p>Durante os dias da folia, o shopping ter\u00e1 hor\u00e1rio especial. No s\u00e1bado, 1\u00ba de mar\u00e7o, as lojas e as \u00e1reas de lazer abrir\u00e3o das 10h \u00e0s 22h e os bares e restaurantes do jardim, das 11h \u00e0s 23h.<\/p>\n\n\n\n<p>No domingo, segunda e ter\u00e7a-feira, 2, 3 e 4 de mar\u00e7o, o funcionamento ser\u00e1 opcional para as \u00e1reas de lazer e alimenta\u00e7\u00e3o. As lojas e os quiosques n\u00e3o ir\u00e3o abrir. No dia 5, quarta-feira, o shopping funcionar\u00e1 das 12h \u00e0s 22h, com os bares e restaurantes do jardim em opera\u00e7\u00e3o at\u00e9 \u00e0s 23h.<\/p>\n\n\n\n<p>J\u00e1 a academia Selfit funcionar\u00e1 das 8h \u00e0s 18h, no s\u00e1bado e na segunda, 1\u00ba e 3 de mar\u00e7o; das 8h \u00e0s 14h, no domingo e na ter\u00e7a, 2 e 4 de mar\u00e7o; e das 12h \u00e0s 23h, na Quarta-Feira de Cinzas, 5 de mar\u00e7o.<\/p>\n\n\n\n<p><strong>Servi\u00e7o:<\/strong><\/p>\n\n\n\n<p>Partage Folia no Partage S\u00e3o Gon\u00e7alo<\/p>\n\n\n\n<p><strong>Per\u00edodo:&nbsp;<\/strong>at\u00e9 8 de mar\u00e7o<\/p>\n\n\n\n<p>Mostra \u201cConceitos\u201d: em cartaz at\u00e9 abril e aberta ao p\u00fablico de segunda a s\u00e1bado, das 10h \u00e0s 22h, e aos domingos, das 13h \u00e0s 21h<\/p>\n\n\n\n<p><strong>Local<\/strong>: Partage S\u00e3o Gon\u00e7alo &#8211; Av. Pres. Kennedy, 425, Centro, S\u00e3o Gon\u00e7alo \u2013 RJ<\/p>\n\n\n\n<p><strong><em>S\u00e3o Gon\u00e7alo vai mudar: Not\u00edcias de S\u00e3o Gon\u00e7alo e toda regi\u00e3o.<\/em><\/strong><\/p>\n\n\n\n<figure class=\"wp-block-image size-full\"><img decoding=\"async\" width=\"317\" height=\"110\" src=\"https:\/\/sgvaimudar.com.br\/wp-content\/uploads\/2023\/08\/cropped-Logo-Provisoria-2-2.png\" alt=\"\" class=\"wp-image-2782\" srcset=\"https:\/\/sgvaimudar.com.br\/wp-content\/uploads\/2023\/08\/cropped-Logo-Provisoria-2-2.png 317w, https:\/\/sgvaimudar.com.br\/wp-content\/uploads\/2023\/08\/cropped-Logo-Provisoria-2-2-300x104.png 300w\" sizes=\"(max-width: 317px) 100vw, 317px\" \/><\/figure>\n","protected":false},"excerpt":{"rendered":"<p>Foli\u00e3o ter\u00e1 atra\u00e7\u00f5es gratuitas como oficinas criativas, o tradicional Baile da Hel\u00f4 e a mostra em live paint \u201cConceitos\u201d, com&hellip;<\/p>\n","protected":false},"author":5,"featured_media":5839,"comment_status":"open","ping_status":"open","sticky":false,"template":"","format":"standard","meta":{"fifu_image_url":"","fifu_image_alt":"","footnotes":""},"categories":[6],"tags":[47,75],"class_list":["post-20490","post","type-post","status-publish","format-standard","has-post-thumbnail","hentry","category-entretenimento","tag-rj","tag-sao-goncalo"],"_links":{"self":[{"href":"https:\/\/sgvaimudar.com.br\/index.php\/wp-json\/wp\/v2\/posts\/20490","targetHints":{"allow":["GET"]}}],"collection":[{"href":"https:\/\/sgvaimudar.com.br\/index.php\/wp-json\/wp\/v2\/posts"}],"about":[{"href":"https:\/\/sgvaimudar.com.br\/index.php\/wp-json\/wp\/v2\/types\/post"}],"author":[{"embeddable":true,"href":"https:\/\/sgvaimudar.com.br\/index.php\/wp-json\/wp\/v2\/users\/5"}],"replies":[{"embeddable":true,"href":"https:\/\/sgvaimudar.com.br\/index.php\/wp-json\/wp\/v2\/comments?post=20490"}],"version-history":[{"count":1,"href":"https:\/\/sgvaimudar.com.br\/index.php\/wp-json\/wp\/v2\/posts\/20490\/revisions"}],"predecessor-version":[{"id":20491,"href":"https:\/\/sgvaimudar.com.br\/index.php\/wp-json\/wp\/v2\/posts\/20490\/revisions\/20491"}],"wp:featuredmedia":[{"embeddable":true,"href":"https:\/\/sgvaimudar.com.br\/index.php\/wp-json\/wp\/v2\/media\/5839"}],"wp:attachment":[{"href":"https:\/\/sgvaimudar.com.br\/index.php\/wp-json\/wp\/v2\/media?parent=20490"}],"wp:term":[{"taxonomy":"category","embeddable":true,"href":"https:\/\/sgvaimudar.com.br\/index.php\/wp-json\/wp\/v2\/categories?post=20490"},{"taxonomy":"post_tag","embeddable":true,"href":"https:\/\/sgvaimudar.com.br\/index.php\/wp-json\/wp\/v2\/tags?post=20490"}],"curies":[{"name":"wp","href":"https:\/\/api.w.org\/{rel}","templated":true}]}}