{"id":20445,"date":"2025-02-18T07:20:19","date_gmt":"2025-02-18T10:20:19","guid":{"rendered":"https:\/\/sgvaimudar.com.br\/?p=20445"},"modified":"2025-02-18T07:20:19","modified_gmt":"2025-02-18T10:20:19","slug":"marica-promove-a-1a-semana-olimpica-e-paralimpica-para-apresentacao-dos-resultados-do-marica-cidade-olimpica","status":"publish","type":"post","link":"https:\/\/sgvaimudar.com.br\/index.php\/2025\/02\/18\/marica-promove-a-1a-semana-olimpica-e-paralimpica-para-apresentacao-dos-resultados-do-marica-cidade-olimpica\/","title":{"rendered":"Maric\u00e1 Promove a 1\u00aa Semana Ol\u00edmpica e Paral\u00edmpica para Apresenta\u00e7\u00e3o dos Resultados do Maric\u00e1 Cidade Ol\u00edmpica"},"content":{"rendered":"\n<p><em>Mostra acontece at\u00e9 o dia 21\/02 e destaca resultados do projeto<\/em><\/p>\n\n\n\n<p>O\u00a0munic\u00edpio de Maric\u00e1 vai realizar, entre os dias 17 e 21 de fevereiro, a 1\u00aa Semana Ol\u00edmpica e Paral\u00edmpica. A iniciativa, promovida pelo Projeto Maric\u00e1 Cidade Ol\u00edmpica, tem como objetivo apresentar os resultados de dois anos e meio de atividades voltadas ao alto rendimento esportivo e \u00e0 inclus\u00e3o social. <\/p>\n\n\n\n<p>O evento ocorrer\u00e1 em diferentes instala\u00e7\u00f5es esportivas da cidade e teve in\u00edcio na segunda-feira (17\/02) com uma cerim\u00f4nia oficial de abertura. A solenidade contar\u00e1 com o desfile de atletas e a apresenta\u00e7\u00e3o dos principais resultados alcan\u00e7ados pelo projeto em modalidades como basquete 3&#215;3, remo, skate e tiro com arco, entre outras.<\/p>\n\n\n\n<figure class=\"wp-block-image size-full\"><img fetchpriority=\"high\" decoding=\"async\" width=\"1024\" height=\"683\" src=\"https:\/\/sgvaimudar.com.br\/wp-content\/uploads\/2025\/02\/54333333622_7aa888434a_b.jpg\" alt=\"\" class=\"wp-image-20446\" srcset=\"https:\/\/sgvaimudar.com.br\/wp-content\/uploads\/2025\/02\/54333333622_7aa888434a_b.jpg 1024w, https:\/\/sgvaimudar.com.br\/wp-content\/uploads\/2025\/02\/54333333622_7aa888434a_b-300x200.jpg 300w, https:\/\/sgvaimudar.com.br\/wp-content\/uploads\/2025\/02\/54333333622_7aa888434a_b-768x512.jpg 768w\" sizes=\"(max-width: 1024px) 100vw, 1024px\" \/><\/figure>\n\n\n\n<p>Um dos destaques da programa\u00e7\u00e3o ser\u00e1 a presen\u00e7a de Giovane G\u00e1vio, bicampe\u00e3o ol\u00edmpico de v\u00f4lei e uma das maiores refer\u00eancias do esporte no Brasil. Giovane participar\u00e1 da cerim\u00f4nia de abertura e de uma atividade especial voltada para atletas e jovens talentos da cidade, compartilhando sua trajet\u00f3ria e a import\u00e2ncia do esporte na forma\u00e7\u00e3o de cidad\u00e3os. Nos dias subsequentes, o p\u00fablico poder\u00e1 acompanhar demonstra\u00e7\u00f5es esportivas e interagir diretamente com atletas e t\u00e9cnicos. A programa\u00e7\u00e3o visa n\u00e3o apenas celebrar o esporte, mas tamb\u00e9m reafirmar o potencial de Maric\u00e1 como refer\u00eancia nacional e internacional em esportes ol\u00edmpicos, paral\u00edmpicos e inclusivos.<\/p>\n\n\n\n<p><strong>Primeiro dia (17\/02)<\/strong><\/p>\n\n\n\n<p>No primeiro dia, nesta segunda-feira (17\/02), al\u00e9m da cerim\u00f4nia de abertura, o p\u00fablico pode vivenciar a energia dos atletas locais e sentir a magnitude do impacto do Projeto Maric\u00e1 Cidade Ol\u00edmpica. A iniciativa contou com a participa\u00e7\u00e3o de Giovane G\u00e1vio, o subsecret\u00e1rio de esportes Diogo Brito, o gerente geral do projeto Vanderson Costa, o presidente do Instituto Carioca Nico&nbsp; e o representante Kadu Fernandes.<\/p>\n\n\n\n<p><strong>Programa\u00e7\u00e3o:<\/strong><br><strong>Segunda-feira &#8211; 17 de fevereiro<\/strong><br>Cerim\u00f4nia de Abertura<br>\u2022 Hor\u00e1rio: 9h<br>\u2022 Local: Arena Flamengo<br><strong>\u2022 Destaques:<\/strong><br>o Apresenta\u00e7\u00e3o oficial das delega\u00e7\u00f5es ol\u00edmpicas e paral\u00edmpicas;<br>o Desfile de atletas e demonstra\u00e7\u00f5es simb\u00f3licas das modalidades;<br>o Discursos do prefeito, autoridades municipais e do coordenador do projeto.<\/p>\n\n\n\n<p><strong>Atividade complementares:<\/strong><br>\u2022 Interatividade com atletas e treinadores;<br>\u2022 Exposi\u00e7\u00e3o de materiais esportivos e uniformes utilizados no projeto;<br>\u2022 Partidas amistosas com equipes convidadas.<\/p>\n\n\n\n<p><br><strong>Ter\u00e7a-feira &#8211; 18 de fevereiro<\/strong><br><strong>\u2022 Remo<\/strong><br>o Hor\u00e1rio: 9h<br>o Local: Lagoa do Boqueir\u00e3o<br><strong>\u2022 Skate<\/strong><br>o Hor\u00e1rio: 14h<br>o Local: Parque Linear do Flamengo<\/p>\n\n\n\n<p><br><strong>Quarta-feira &#8211; 19 de fevereiro<\/strong><br>\u2022 Tiro com Arco<br>o Hor\u00e1rio: 9h<br>o Local: CBTARCO (Confedera\u00e7\u00e3o Brasileira de Tiro com Arco)<\/p>\n\n\n\n<p><strong>\u2022 Handebol<\/strong><br>o Hor\u00e1rio: 14h<br>o Local: Arena Itaipua\u00e7u<\/p>\n\n\n\n<p><br><strong>Quinta-feira &#8211; 20 de fevereiro<\/strong><br><strong>\u2022 Bocha Paral\u00edmpica<\/strong><br>o Hor\u00e1rio: 9h<br>o Local: Arena Mumbuca<\/p>\n\n\n\n<p><strong>\u2022 Basquete 3&#215;3<\/strong><br>o Hor\u00e1rio: 14h<br>o Local: Arena Itapeba<\/p>\n\n\n\n<p><br><strong>Sexta-feira &#8211; 21 de fevereiro<\/strong><br><strong>\u2022 V\u00f4lei de Praia<\/strong><br>o Hor\u00e1rio: 9h<br>o Local: Maric\u00e1 Beach Arena<br><strong>\u2022 V\u00f4lei de Quadra<\/strong><br>o Hor\u00e1rio: 14h<br>o Local: Arena Itaipua\u00e7u<\/p>\n\n\n\n<p><br><strong>Sobre o Maric\u00e1 Cidade Ol\u00edmpica:<\/strong><\/p>\n\n\n\n<p>Lan\u00e7ado h\u00e1 dois anos e meio, o Projeto Maric\u00e1 Cidade Ol\u00edmpica tem como miss\u00e3o identificar, treinar e projetar atletas de alto rendimento. A iniciativa refor\u00e7a o compromisso do munic\u00edpio<br>com o esporte como ferramenta de transforma\u00e7\u00e3o social e inclus\u00e3o. Os expressivos resultados j\u00e1 alcan\u00e7ados consolidam Maric\u00e1 como refer\u00eancia no cen\u00e1rio esportivo nacional.<\/p>\n\n\n\n<p><strong><em>S\u00e3o Gon\u00e7alo vai mudar: Not\u00edcias de S\u00e3o Gon\u00e7alo e toda regi\u00e3o.<\/em><\/strong><\/p>\n\n\n\n<figure class=\"wp-block-image size-full\"><img decoding=\"async\" width=\"317\" height=\"110\" src=\"https:\/\/sgvaimudar.com.br\/wp-content\/uploads\/2023\/08\/cropped-Logo-Provisoria-2-2.png\" alt=\"\" class=\"wp-image-2782\" srcset=\"https:\/\/sgvaimudar.com.br\/wp-content\/uploads\/2023\/08\/cropped-Logo-Provisoria-2-2.png 317w, https:\/\/sgvaimudar.com.br\/wp-content\/uploads\/2023\/08\/cropped-Logo-Provisoria-2-2-300x104.png 300w\" sizes=\"(max-width: 317px) 100vw, 317px\" \/><\/figure>\n","protected":false},"excerpt":{"rendered":"<p>Mostra acontece at\u00e9 o dia 21\/02 e destaca resultados do projeto O\u00a0munic\u00edpio de Maric\u00e1 vai realizar, entre os dias 17&hellip;<\/p>\n","protected":false},"author":5,"featured_media":20447,"comment_status":"open","ping_status":"open","sticky":false,"template":"","format":"standard","meta":{"fifu_image_url":"","fifu_image_alt":"","footnotes":""},"categories":[5],"tags":[47],"class_list":["post-20445","post","type-post","status-publish","format-standard","has-post-thumbnail","hentry","category-esportes","tag-rj"],"_links":{"self":[{"href":"https:\/\/sgvaimudar.com.br\/index.php\/wp-json\/wp\/v2\/posts\/20445","targetHints":{"allow":["GET"]}}],"collection":[{"href":"https:\/\/sgvaimudar.com.br\/index.php\/wp-json\/wp\/v2\/posts"}],"about":[{"href":"https:\/\/sgvaimudar.com.br\/index.php\/wp-json\/wp\/v2\/types\/post"}],"author":[{"embeddable":true,"href":"https:\/\/sgvaimudar.com.br\/index.php\/wp-json\/wp\/v2\/users\/5"}],"replies":[{"embeddable":true,"href":"https:\/\/sgvaimudar.com.br\/index.php\/wp-json\/wp\/v2\/comments?post=20445"}],"version-history":[{"count":1,"href":"https:\/\/sgvaimudar.com.br\/index.php\/wp-json\/wp\/v2\/posts\/20445\/revisions"}],"predecessor-version":[{"id":20448,"href":"https:\/\/sgvaimudar.com.br\/index.php\/wp-json\/wp\/v2\/posts\/20445\/revisions\/20448"}],"wp:featuredmedia":[{"embeddable":true,"href":"https:\/\/sgvaimudar.com.br\/index.php\/wp-json\/wp\/v2\/media\/20447"}],"wp:attachment":[{"href":"https:\/\/sgvaimudar.com.br\/index.php\/wp-json\/wp\/v2\/media?parent=20445"}],"wp:term":[{"taxonomy":"category","embeddable":true,"href":"https:\/\/sgvaimudar.com.br\/index.php\/wp-json\/wp\/v2\/categories?post=20445"},{"taxonomy":"post_tag","embeddable":true,"href":"https:\/\/sgvaimudar.com.br\/index.php\/wp-json\/wp\/v2\/tags?post=20445"}],"curies":[{"name":"wp","href":"https:\/\/api.w.org\/{rel}","templated":true}]}}