{"id":20442,"date":"2025-02-17T21:00:00","date_gmt":"2025-02-18T00:00:00","guid":{"rendered":"https:\/\/sgvaimudar.com.br\/?p=20442"},"modified":"2025-02-17T10:24:42","modified_gmt":"2025-02-17T13:24:42","slug":"memorial-no-rio-volta-a-ter-fotos-de-criancas-vitimas-de-bala-perdida","status":"publish","type":"post","link":"https:\/\/sgvaimudar.com.br\/index.php\/2025\/02\/17\/memorial-no-rio-volta-a-ter-fotos-de-criancas-vitimas-de-bala-perdida\/","title":{"rendered":"Memorial no Rio volta a ter fotos de crian\u00e7as v\u00edtimas de bala perdida"},"content":{"rendered":"\n<p><em>Galeria havia sido retirada do local em dezembro passado<\/em><\/p>\n\n\n\n<p>Quem passou neste domingo (16) pela Lagoa Rodrigo de Freitas, na Zona Sul do Rio, p\u00f4de ver novamente a galeria de fotos em mem\u00f3ria de 50 crian\u00e7as mortas por bala perdida entre 2020 e 2025. As imagens chegaram a ser arrancadas do local em dezembro do ano passado, por ordem do prefeito Eduardo Paes, causando indigna\u00e7\u00e3o na popula\u00e7\u00e3o e na ONG Rio de Paz, autora da montagem em homenagem a essas v\u00edtimas da viol\u00eancia no Rio. De acordo com a ONG, ap\u00f3s 45 dias de espera, a volta das fotos foi autorizada pelo prefeito.<img decoding=\"async\" src=\"https:\/\/agenciabrasil.ebc.com.br\/ebc.png?id=1630599&amp;o=node\"><img decoding=\"async\" src=\"https:\/\/agenciabrasil.ebc.com.br\/ebc.gif?id=1630599&amp;o=node\"><\/p>\n\n\n\n<p>A recoloca\u00e7\u00e3o das fotos foi realizada ontem com a participa\u00e7\u00e3o de pessoas das fam\u00edlias. Logo ap\u00f3s botar a foto do filho no local, Bruna da Silva, m\u00e3e de Marcos Vinicius da Silva, morto por bala perdida aos 14 anos, em 2018, em uma opera\u00e7\u00e3o policial na Mar\u00e9, zona norte do Rio, disse que espera a preserva\u00e7\u00e3o da galeria. &#8220;Que esse espa\u00e7o venha receber nossos filhos bem. Que os moradores cuidem de cada rosto e de cada mem\u00f3ria dessas&#8221;, contou conforme texto da Rio de Paz.<\/p>\n\n\n\n<p>Bruna revelou ainda o seu sentimento pelos 45 dias de espera para o retorno do memorial. \u201cEsses dias foram bem angustiantes, mas o prefeito pediu desculpas \u00e0s m\u00e3es e familiares, \u00e0 ONG Rio de Paz. A gente n\u00e3o quer que venham mais rostos de crian\u00e7a para a Lagoa e para lugar nenhum. Lugar de filho \u00e9 no nosso conv\u00edvio&#8221;, indicou.<\/p>\n\n\n\n<p>A ONG informou ainda que em reuni\u00e3o com m\u00e3es das v\u00edtimas, integrantes do Rio de Paz e a secret\u00e1ria de Meio Ambiente e Clima do munic\u00edpio, Tain\u00e1 de Paula, Eduardo Paes pediu desculpas pelo ato e autorizou a volta da homenagem \u00e0s v\u00edtimas da viol\u00eancia no Rio.<\/p>\n\n\n\n<p>A galeria ganhou de volta novamente os girass\u00f3is que foram colocados no memorial por Thamires de Assis, m\u00e3e de Ester de Assis, morta aos 9 anos por bala perdida, em confronto entre traficantes, em Madureira, zona norte. A flor era a preferida da menina e agora est\u00e1 junto \u00e0 foto da filha de Thamires, que foi acompanhada da filha Joana. &#8220;Elas eram muito ligadas, se parecem muito e se amavam. Fico feliz com a volta da foto porque \u00e9 uma forma de ela ser lembrada. V\u00e3o olhar para a foto e saber quem \u00e9 a Ester. Tirar a foto dela foi triste porque foi como se tivesse arrancado ela de mim novamente&#8221;, lembrou no texto da ONG.<\/p>\n\n\n\n<p><strong><em>S\u00e3o Gon\u00e7alo vai mudar: Not\u00edcias de S\u00e3o Gon\u00e7alo e toda regi\u00e3o.<\/em><\/strong><\/p>\n\n\n\n<figure class=\"wp-block-image size-full\"><img decoding=\"async\" width=\"317\" height=\"110\" src=\"https:\/\/sgvaimudar.com.br\/wp-content\/uploads\/2023\/08\/cropped-Logo-Provisoria-2-2.png\" alt=\"\" class=\"wp-image-2782\" srcset=\"https:\/\/sgvaimudar.com.br\/wp-content\/uploads\/2023\/08\/cropped-Logo-Provisoria-2-2.png 317w, https:\/\/sgvaimudar.com.br\/wp-content\/uploads\/2023\/08\/cropped-Logo-Provisoria-2-2-300x104.png 300w\" sizes=\"(max-width: 317px) 100vw, 317px\" \/><\/figure>\n","protected":false},"excerpt":{"rendered":"<p>Galeria havia sido retirada do local em dezembro passado Quem passou neste domingo (16) pela Lagoa Rodrigo de Freitas, na&hellip;<\/p>\n","protected":false},"author":5,"featured_media":20443,"comment_status":"open","ping_status":"open","sticky":false,"template":"","format":"standard","meta":{"fifu_image_url":"","fifu_image_alt":"","footnotes":""},"categories":[32],"tags":[39,41,40,47],"class_list":["post-20442","post","type-post","status-publish","format-standard","has-post-thumbnail","hentry","category-casos-de-policia","tag-ataque","tag-conflito","tag-guerra","tag-rj"],"_links":{"self":[{"href":"https:\/\/sgvaimudar.com.br\/index.php\/wp-json\/wp\/v2\/posts\/20442","targetHints":{"allow":["GET"]}}],"collection":[{"href":"https:\/\/sgvaimudar.com.br\/index.php\/wp-json\/wp\/v2\/posts"}],"about":[{"href":"https:\/\/sgvaimudar.com.br\/index.php\/wp-json\/wp\/v2\/types\/post"}],"author":[{"embeddable":true,"href":"https:\/\/sgvaimudar.com.br\/index.php\/wp-json\/wp\/v2\/users\/5"}],"replies":[{"embeddable":true,"href":"https:\/\/sgvaimudar.com.br\/index.php\/wp-json\/wp\/v2\/comments?post=20442"}],"version-history":[{"count":1,"href":"https:\/\/sgvaimudar.com.br\/index.php\/wp-json\/wp\/v2\/posts\/20442\/revisions"}],"predecessor-version":[{"id":20444,"href":"https:\/\/sgvaimudar.com.br\/index.php\/wp-json\/wp\/v2\/posts\/20442\/revisions\/20444"}],"wp:featuredmedia":[{"embeddable":true,"href":"https:\/\/sgvaimudar.com.br\/index.php\/wp-json\/wp\/v2\/media\/20443"}],"wp:attachment":[{"href":"https:\/\/sgvaimudar.com.br\/index.php\/wp-json\/wp\/v2\/media?parent=20442"}],"wp:term":[{"taxonomy":"category","embeddable":true,"href":"https:\/\/sgvaimudar.com.br\/index.php\/wp-json\/wp\/v2\/categories?post=20442"},{"taxonomy":"post_tag","embeddable":true,"href":"https:\/\/sgvaimudar.com.br\/index.php\/wp-json\/wp\/v2\/tags?post=20442"}],"curies":[{"name":"wp","href":"https:\/\/api.w.org\/{rel}","templated":true}]}}