{"id":20438,"date":"2025-02-17T19:00:00","date_gmt":"2025-02-17T22:00:00","guid":{"rendered":"https:\/\/sgvaimudar.com.br\/?p=20438"},"modified":"2025-02-17T10:20:15","modified_gmt":"2025-02-17T13:20:15","slug":"governador-claudio-castro-anuncia-integracao-do-centro-integrado-de-comando-e-controle-da-baixada-ao-cicc-do-rio","status":"publish","type":"post","link":"https:\/\/sgvaimudar.com.br\/index.php\/2025\/02\/17\/governador-claudio-castro-anuncia-integracao-do-centro-integrado-de-comando-e-controle-da-baixada-ao-cicc-do-rio\/","title":{"rendered":"Governador Cl\u00e1udio Castro anuncia integra\u00e7\u00e3o do Centro Integrado de Comando e Controle da Baixada ao CICC do Rio"},"content":{"rendered":"\n<p><em>Iniciativa faz parte do Cons\u00f3rcio Integrado de Seguran\u00e7a P\u00fablica da Baixada, que re\u00fane 19 munic\u00edpios do estado<\/em><\/p>\n\n\n\n<p>O governador Cl\u00e1udio Castro visitou, no s\u00e1bado (15), o Centro Integrado de Comando e Controle da Baixada Fluminense (CICC-BF), em Duque de Caxias, para oficializar a integra\u00e7\u00e3o do sistema ao Centro Integrado de Comando e Controle (CICC) do Rio de Janeiro.<\/p>\n\n\n\n<p>A conex\u00e3o entre os dois centros fortalece a seguran\u00e7a na regi\u00e3o, permitindo uma troca de informa\u00e7\u00f5es mais eficiente entre as for\u00e7as policiais e garantindo respostas mais r\u00e1pidas \u00e0s ocorr\u00eancias. O encontro contou com a presen\u00e7a dos secret\u00e1rios de Seguran\u00e7a P\u00fablica do Rio, Victor dos Santos, de Pol\u00edcia Militar, Marcelo de Menezes Nogueira, e de Pol\u00edcia Civil, Felipe Curi.<\/p>\n\n\n\n<figure class=\"wp-block-image size-large\"><img fetchpriority=\"high\" decoding=\"async\" width=\"1024\" height=\"683\" src=\"https:\/\/sgvaimudar.com.br\/wp-content\/uploads\/2025\/02\/RWB_7734-1024x683.jpg\" alt=\"\" class=\"wp-image-20439\" srcset=\"https:\/\/sgvaimudar.com.br\/wp-content\/uploads\/2025\/02\/RWB_7734-1024x683.jpg 1024w, https:\/\/sgvaimudar.com.br\/wp-content\/uploads\/2025\/02\/RWB_7734-300x200.jpg 300w, https:\/\/sgvaimudar.com.br\/wp-content\/uploads\/2025\/02\/RWB_7734-768x512.jpg 768w, https:\/\/sgvaimudar.com.br\/wp-content\/uploads\/2025\/02\/RWB_7734-1536x1024.jpg 1536w, https:\/\/sgvaimudar.com.br\/wp-content\/uploads\/2025\/02\/RWB_7734-2048x1365.jpg 2048w\" sizes=\"(max-width: 1024px) 100vw, 1024px\" \/><\/figure>\n\n\n\n<p>&#8220;O centro da Baixada, integrado ao CICC do Rio de Janeiro, vai fazer com que a gente tenha uma condi\u00e7\u00e3o muito maior de elucidar crimes, atrav\u00e9s de um monitoramento conjunto. Estamos investindo em tecnologia, em qualifica\u00e7\u00e3o, em m\u00e3o de obra, e desta forma damos mais um passo importante no fortalecimento da seguran\u00e7a p\u00fablica no nosso estado. Essa integra\u00e7\u00e3o representa, acima de tudo, mais prote\u00e7\u00e3o para a popula\u00e7\u00e3o&#8221;, ressaltou o governador Cl\u00e1udio Castro.<\/p>\n\n\n\n<p>De acordo com o Secret\u00e1rio de Seguran\u00e7a P\u00fablica do Rio, Victor dos Santos, a iniciativa faz parte do Cons\u00f3rcio Integrado de Seguran\u00e7a P\u00fablica da Baixada Fluminense (CISPBAF), que re\u00fane 19 munic\u00edpios em um esfor\u00e7o conjunto para reduzir a viol\u00eancia. Com essa integra\u00e7\u00e3o, as pol\u00edcias passam a contar com um sistema unificado de monitoramento, ampliando a capacidade de preven\u00e7\u00e3o e combate ao crime.<\/p>\n\n\n\n<p>&#8220;O CISP j\u00e1 tem uma tecnologia bastante avan\u00e7ada, assim como o CICC. Agora, as tecnologias v\u00e3o conseguir conversar. Ser\u00e1 um grande ganho para a seguran\u00e7a p\u00fablica do estado do Rio de Janeiro e a todos os munic\u00edpios da Baixada Fluminense&#8221;, disse o secret\u00e1rio Victor dos Santos<\/p>\n\n\n\n<p><strong>Complexo Educacional reafirma parceria<\/strong><\/p>\n\n\n\n<p>Durante visita a Duque de Caxias neste s\u00e1bado, o governador Cl\u00e1udio Castro tamb\u00e9m participou da inaugura\u00e7\u00e3o da Creche Municipal F\u00e1bio Ten\u00f3rio Cavalcanti e da Escola Municipal Bil\u00edngue Maria Helena Ten\u00f3rio Cavalcanti, no bairro do Pantanal, refor\u00e7ando o compromisso do Governo do Estado com a educa\u00e7\u00e3o. A iniciativa faz parte do programa de melhorias na \u00e1rea educacional, resultado da parceria entre o governo estadual e o munic\u00edpio.<\/p>\n\n\n\n<p>A nova creche, que atender\u00e1 crian\u00e7as de 0 a 6 anos, conta com 10 salas de aula, frald\u00e1rios, sol\u00e1rios, cozinha, refeit\u00f3rio, playground, horta e uma completa estrutura administrativa.<\/p>\n\n\n\n<p>J\u00e1 a Escola Municipal Bil\u00edngue Maria Helena Ten\u00f3rio Cavalcanti chega como um marco na educa\u00e7\u00e3o do munic\u00edpio, com 12 salas de aula multiuso, capacidade para 40 alunos por sala, al\u00e9m de quadra poliesportiva coberta, audit\u00f3rio para 120 pessoas, salas de leitura e inform\u00e1tica, refeit\u00f3rio e amplas \u00e1reas de lazer.<\/p>\n\n\n\n<p>Durante a cerim\u00f4nia o governador Cl\u00e1udio Castro falou sobre a import\u00e2ncia dessas unidades para o desenvolvimento educacional da regi\u00e3o.<\/p>\n\n\n\n<p>&#8220;Investir na educa\u00e7\u00e3o \u00e9 transformar o futuro. Essas novas unidades v\u00e3o garantir ensino de qualidade, acessibilidade e oportunidades para milhares de crian\u00e7as. Essa \u00e9 mais uma conquista fruto da parceria entre o Estado e o munic\u00edpio&#8221;, destacou Cl\u00e1udio Castro.<\/p>\n\n\n\n<p><strong><em>S\u00e3o Gon\u00e7alo vai mudar: Not\u00edcias de S\u00e3o Gon\u00e7alo e toda regi\u00e3o.<\/em><\/strong><\/p>\n\n\n\n<figure class=\"wp-block-image size-full\"><img decoding=\"async\" width=\"317\" height=\"110\" src=\"https:\/\/sgvaimudar.com.br\/wp-content\/uploads\/2023\/08\/cropped-Logo-Provisoria-2-2.png\" alt=\"\" class=\"wp-image-2782\" srcset=\"https:\/\/sgvaimudar.com.br\/wp-content\/uploads\/2023\/08\/cropped-Logo-Provisoria-2-2.png 317w, https:\/\/sgvaimudar.com.br\/wp-content\/uploads\/2023\/08\/cropped-Logo-Provisoria-2-2-300x104.png 300w\" sizes=\"(max-width: 317px) 100vw, 317px\" \/><\/figure>\n","protected":false},"excerpt":{"rendered":"<p>Iniciativa faz parte do Cons\u00f3rcio Integrado de Seguran\u00e7a P\u00fablica da Baixada, que re\u00fane 19 munic\u00edpios do estado O governador Cl\u00e1udio&hellip;<\/p>\n","protected":false},"author":5,"featured_media":20440,"comment_status":"open","ping_status":"open","sticky":false,"template":"","format":"standard","meta":{"fifu_image_url":"","fifu_image_alt":"","footnotes":""},"categories":[32],"tags":[47],"class_list":["post-20438","post","type-post","status-publish","format-standard","has-post-thumbnail","hentry","category-casos-de-policia","tag-rj"],"_links":{"self":[{"href":"https:\/\/sgvaimudar.com.br\/index.php\/wp-json\/wp\/v2\/posts\/20438","targetHints":{"allow":["GET"]}}],"collection":[{"href":"https:\/\/sgvaimudar.com.br\/index.php\/wp-json\/wp\/v2\/posts"}],"about":[{"href":"https:\/\/sgvaimudar.com.br\/index.php\/wp-json\/wp\/v2\/types\/post"}],"author":[{"embeddable":true,"href":"https:\/\/sgvaimudar.com.br\/index.php\/wp-json\/wp\/v2\/users\/5"}],"replies":[{"embeddable":true,"href":"https:\/\/sgvaimudar.com.br\/index.php\/wp-json\/wp\/v2\/comments?post=20438"}],"version-history":[{"count":1,"href":"https:\/\/sgvaimudar.com.br\/index.php\/wp-json\/wp\/v2\/posts\/20438\/revisions"}],"predecessor-version":[{"id":20441,"href":"https:\/\/sgvaimudar.com.br\/index.php\/wp-json\/wp\/v2\/posts\/20438\/revisions\/20441"}],"wp:featuredmedia":[{"embeddable":true,"href":"https:\/\/sgvaimudar.com.br\/index.php\/wp-json\/wp\/v2\/media\/20440"}],"wp:attachment":[{"href":"https:\/\/sgvaimudar.com.br\/index.php\/wp-json\/wp\/v2\/media?parent=20438"}],"wp:term":[{"taxonomy":"category","embeddable":true,"href":"https:\/\/sgvaimudar.com.br\/index.php\/wp-json\/wp\/v2\/categories?post=20438"},{"taxonomy":"post_tag","embeddable":true,"href":"https:\/\/sgvaimudar.com.br\/index.php\/wp-json\/wp\/v2\/tags?post=20438"}],"curies":[{"name":"wp","href":"https:\/\/api.w.org\/{rel}","templated":true}]}}