{"id":20401,"date":"2025-02-17T09:59:00","date_gmt":"2025-02-17T12:59:00","guid":{"rendered":"https:\/\/sgvaimudar.com.br\/?p=20401"},"modified":"2025-02-17T08:08:50","modified_gmt":"2025-02-17T11:08:50","slug":"delegacia-e-metralhada-apos-criminosos-tentarem-resgatar-chefe-do-trafico","status":"publish","type":"post","link":"https:\/\/sgvaimudar.com.br\/index.php\/2025\/02\/17\/delegacia-e-metralhada-apos-criminosos-tentarem-resgatar-chefe-do-trafico\/","title":{"rendered":"Delegacia \u00e9 metralhada ap\u00f3s criminosos tentarem resgatar chefe do tr\u00e1fico"},"content":{"rendered":"\n<p><em>Policiais ficaram feridos, mas j\u00e1 tiveram alta<\/em><\/p>\n\n\n\n<p>Criminosos fortemente armados metralharam a delegacia de Campos El\u00edsios (60\u00aaDP), em Duque de Caxias, na Baixada Fluminense, na noite do \u00faltimo s\u00e1bado (15).<\/p>\n\n\n\n<p>Eles estavam tentando resgatar um dos chefes do tr\u00e1fico da comunidade Vai Quem Quer, que tinha sido preso junto com outro traficante. O chefe do tr\u00e1fico, segundo a pol\u00edcia, \u00e9 Rodolfo Manh\u00e3es Viana, conhecido como Rato, e o comparsa \u00e9 Wesley de Souza do Esp\u00edrito Santo.<\/p>\n\n\n\n<p>Criminosos atiraram na frente da delegacia. Depois os bandidos entraram em carros e motos e fugiram em alta velocidade pelas ruas do bairro.<\/p>\n\n\n\n<p>\u201cNo in\u00edcio da noite, sob o comando de Joab da Concei\u00e7\u00e3o Silva, uma das lideran\u00e7as da fac\u00e7\u00e3o, dezenas de narcoterroristas entraram na delegacia na tentativa de resgatar os comparsas, que j\u00e1 haviam sido transferidos para a sede da Divis\u00e3o de Capturas e Pol\u00edcia Interestadual (DC-Polinter), na Cidade da Pol\u00edcia. Houve intensa troca de tiros entre os policiais e os criminosos\u201d, diz a Pol\u00edcia Civil.<\/p>\n\n\n\n<p>Dois policiais ficaram feridos e foram socorridos para o Hospital Ad\u00e3o Pereira Nunes.\u00a0Eles j\u00e1 receberam alta m\u00e9dica.\u00a0A Pol\u00edcia Militar e a Pol\u00edcia Rodovi\u00e1ria Federal foram acionadas.<\/p>\n\n\n\n<p>A Pol\u00edcia Civil informou solicitou a transfer\u00eancia dos dois presos para pres\u00eddio federal. &#8220;A Pol\u00edcia Civil vem realizando opera\u00e7\u00e3o nas comunidades Vai Quem Quer, Rua 7, Santa L\u00facia e Rodrigues Alves, em Duque de Caxias, para localizar e capturar os envolvidos no ataque, sem preju\u00edzo de outras a\u00e7\u00f5es a qualquer hora e em qualquer lugar\u201d, diz a corpora\u00e7\u00e3o.<\/p>\n\n\n\n<p>O governador do Rio de Janeiro,\u00a0Cl\u00e1udio Castro (PL), se manifestou neste domingo (16) sobre o\u00a0ataque em suas redes sociais. Ele afirmou que os criminosos envolvidos j\u00e1 foram identificados e criticou setores que, segundo ele, poderiam questionar a a\u00e7\u00e3o policial. <\/p>\n\n\n\n<p><em>\u201cA ousadia dos criminosos ao atacar uma delegacia de pol\u00edcia n\u00e3o ficar\u00e1 impune. J\u00e1 identificamos todos eles e vamos captur\u00e1-los a qualquer custo. E j\u00e1 vou avisando \u00e0 turminha dos \u2018direitos humanos\u2019: n\u00e3o encham o meu saco, porque a resposta ser\u00e1 firme, na mesma propor\u00e7\u00e3o, mas com efetividade e dentro da lei\u201d<\/em>, escreveu Castro.<\/p>\n\n\n\n<figure class=\"wp-block-image size-large\"><img fetchpriority=\"high\" decoding=\"async\" width=\"962\" height=\"1024\" src=\"https:\/\/sgvaimudar.com.br\/wp-content\/uploads\/2025\/02\/Vejam-so-voces.-O-vagabundo-terrorista-que-ontem-orquestrou-o-ataque-a-delegacia-em-Duque-de-Caxias-foi-beneficiado-pela-famosa-saidinha-dos-direitos-humanosNo-dia-18-de-outubro-de-2019-ganhou-de-presente-um-962x1024.jpg\" alt=\"\" class=\"wp-image-20402\" srcset=\"https:\/\/sgvaimudar.com.br\/wp-content\/uploads\/2025\/02\/Vejam-so-voces.-O-vagabundo-terrorista-que-ontem-orquestrou-o-ataque-a-delegacia-em-Duque-de-Caxias-foi-beneficiado-pela-famosa-saidinha-dos-direitos-humanosNo-dia-18-de-outubro-de-2019-ganhou-de-presente-um-962x1024.jpg 962w, https:\/\/sgvaimudar.com.br\/wp-content\/uploads\/2025\/02\/Vejam-so-voces.-O-vagabundo-terrorista-que-ontem-orquestrou-o-ataque-a-delegacia-em-Duque-de-Caxias-foi-beneficiado-pela-famosa-saidinha-dos-direitos-humanosNo-dia-18-de-outubro-de-2019-ganhou-de-presente-um-282x300.jpg 282w, https:\/\/sgvaimudar.com.br\/wp-content\/uploads\/2025\/02\/Vejam-so-voces.-O-vagabundo-terrorista-que-ontem-orquestrou-o-ataque-a-delegacia-em-Duque-de-Caxias-foi-beneficiado-pela-famosa-saidinha-dos-direitos-humanosNo-dia-18-de-outubro-de-2019-ganhou-de-presente-um-768x818.jpg 768w, https:\/\/sgvaimudar.com.br\/wp-content\/uploads\/2025\/02\/Vejam-so-voces.-O-vagabundo-terrorista-que-ontem-orquestrou-o-ataque-a-delegacia-em-Duque-de-Caxias-foi-beneficiado-pela-famosa-saidinha-dos-direitos-humanosNo-dia-18-de-outubro-de-2019-ganhou-de-presente-um.jpg 1080w\" sizes=\"(max-width: 962px) 100vw, 962px\" \/><\/figure>\n\n\n\n<p><strong><em>S\u00e3o Gon\u00e7alo vai mudar: Not\u00edcias de S\u00e3o Gon\u00e7alo e toda regi\u00e3o.<\/em><\/strong><\/p>\n\n\n\n<figure class=\"wp-block-image size-full\"><img decoding=\"async\" width=\"317\" height=\"110\" src=\"https:\/\/sgvaimudar.com.br\/wp-content\/uploads\/2023\/08\/cropped-Logo-Provisoria-2-2.png\" alt=\"\" class=\"wp-image-2782\" srcset=\"https:\/\/sgvaimudar.com.br\/wp-content\/uploads\/2023\/08\/cropped-Logo-Provisoria-2-2.png 317w, https:\/\/sgvaimudar.com.br\/wp-content\/uploads\/2023\/08\/cropped-Logo-Provisoria-2-2-300x104.png 300w\" sizes=\"(max-width: 317px) 100vw, 317px\" \/><\/figure>\n\n\n\n<p><a href=\"https:\/\/controle.diariodorio.com\/wp-content\/uploads\/2025\/02\/Claudio-Castro-sobre-ataque-a-delegacia.webp\"><\/a><\/p>\n","protected":false},"excerpt":{"rendered":"<p>Policiais ficaram feridos, mas j\u00e1 tiveram alta Criminosos fortemente armados metralharam a delegacia de Campos El\u00edsios (60\u00aaDP), em Duque de&hellip;<\/p>\n","protected":false},"author":5,"featured_media":20403,"comment_status":"open","ping_status":"open","sticky":false,"template":"","format":"standard","meta":{"fifu_image_url":"","fifu_image_alt":"","footnotes":""},"categories":[32],"tags":[47],"class_list":["post-20401","post","type-post","status-publish","format-standard","has-post-thumbnail","hentry","category-casos-de-policia","tag-rj"],"_links":{"self":[{"href":"https:\/\/sgvaimudar.com.br\/index.php\/wp-json\/wp\/v2\/posts\/20401","targetHints":{"allow":["GET"]}}],"collection":[{"href":"https:\/\/sgvaimudar.com.br\/index.php\/wp-json\/wp\/v2\/posts"}],"about":[{"href":"https:\/\/sgvaimudar.com.br\/index.php\/wp-json\/wp\/v2\/types\/post"}],"author":[{"embeddable":true,"href":"https:\/\/sgvaimudar.com.br\/index.php\/wp-json\/wp\/v2\/users\/5"}],"replies":[{"embeddable":true,"href":"https:\/\/sgvaimudar.com.br\/index.php\/wp-json\/wp\/v2\/comments?post=20401"}],"version-history":[{"count":1,"href":"https:\/\/sgvaimudar.com.br\/index.php\/wp-json\/wp\/v2\/posts\/20401\/revisions"}],"predecessor-version":[{"id":20404,"href":"https:\/\/sgvaimudar.com.br\/index.php\/wp-json\/wp\/v2\/posts\/20401\/revisions\/20404"}],"wp:featuredmedia":[{"embeddable":true,"href":"https:\/\/sgvaimudar.com.br\/index.php\/wp-json\/wp\/v2\/media\/20403"}],"wp:attachment":[{"href":"https:\/\/sgvaimudar.com.br\/index.php\/wp-json\/wp\/v2\/media?parent=20401"}],"wp:term":[{"taxonomy":"category","embeddable":true,"href":"https:\/\/sgvaimudar.com.br\/index.php\/wp-json\/wp\/v2\/categories?post=20401"},{"taxonomy":"post_tag","embeddable":true,"href":"https:\/\/sgvaimudar.com.br\/index.php\/wp-json\/wp\/v2\/tags?post=20401"}],"curies":[{"name":"wp","href":"https:\/\/api.w.org\/{rel}","templated":true}]}}