{"id":20385,"date":"2025-02-16T18:27:37","date_gmt":"2025-02-16T21:27:37","guid":{"rendered":"https:\/\/sgvaimudar.com.br\/?p=20385"},"modified":"2025-02-16T18:29:54","modified_gmt":"2025-02-16T21:29:54","slug":"prefeito-capitao-nelson-prestigia-2o-dia-do-sesc-verao-2025-que-teve-l7nnon-e-azzy","status":"publish","type":"post","link":"https:\/\/sgvaimudar.com.br\/index.php\/2025\/02\/16\/prefeito-capitao-nelson-prestigia-2o-dia-do-sesc-verao-2025-que-teve-l7nnon-e-azzy\/","title":{"rendered":"Prefeito Capit\u00e3o Nelson prestigia 2\u00ba dia do Sesc Ver\u00e3o 2025 que teve L7nnon e Azzy"},"content":{"rendered":"\n<p><em>Chefe do Executivo gon\u00e7alense foi conferir a festa de perto que foi embalada com muito rap<\/em><\/p>\n\n\n\n<p>O prefeito Capit\u00e3o Nelson prestigiou o segundo dia do Sesc Ver\u00e3o 2025, evento realizado pelo Sesc RJ com apoio da Prefeitura de S\u00e3o Gon\u00e7alo e Sindcom\u00e9rcio, que foi marcado por muito rap. Cerca de 20 mil pessoas se reuniram, na noite deste s\u00e1bado (15), na Arena S\u00e3o Gon\u00e7alo, em Alc\u00e2ntara, para curtir os artistas que participaram do evento.<\/p>\n\n\n\n<p>A festa teve in\u00edcio com o DJ Feij\u00e3o, que tocou muitos sucessos de diferentes ritmos. Depois disso, a cantora Azzy, cria de S\u00e3o Gon\u00e7alo, abrilhantou a noite com sucessos como &#8216;Outro Dia&#8217;, &#8216;Molho&#8217;, &#8216;Faixa Rosa&#8217; e outros. Para finalizar, o rapper L7nnon dominou o palco e levou a multid\u00e3o \u00e0 loucura com sucessos como &#8216;Perdi\u00e7\u00e3o&#8217;, &#8216;Ai Preto&#8217; e &#8216;Freio da Blazer&#8217;.&nbsp;<\/p>\n\n\n\n<figure class=\"wp-block-image size-full\"><img fetchpriority=\"high\" decoding=\"async\" width=\"1024\" height=\"681\" src=\"https:\/\/sgvaimudar.com.br\/wp-content\/uploads\/2025\/02\/unnamed-6-9.jpg\" alt=\"\" class=\"wp-image-20386\" srcset=\"https:\/\/sgvaimudar.com.br\/wp-content\/uploads\/2025\/02\/unnamed-6-9.jpg 1024w, https:\/\/sgvaimudar.com.br\/wp-content\/uploads\/2025\/02\/unnamed-6-9-300x200.jpg 300w, https:\/\/sgvaimudar.com.br\/wp-content\/uploads\/2025\/02\/unnamed-6-9-768x511.jpg 768w\" sizes=\"(max-width: 1024px) 100vw, 1024px\" \/><\/figure>\n\n\n\n<p>O prefeito Capit\u00e3o Nelson destacou a import\u00e2ncia dos diversos eventos culturais no munic\u00edpio. &#8220;A gente vem trabalhando para que a popula\u00e7\u00e3o possa ter muitos eventos culturais no nosso munic\u00edpio. Essa parceria com o Sesc \u00e9 um sucesso. Estamos na terceira edi\u00e7\u00e3o do Sesc Ver\u00e3o aqui no munic\u00edpio e j\u00e1 trouxemos diversos nomes de peso, assim como os artistas que est\u00e3o no palco nesse fim de semana, de forma gratuita. Esperamos que a popula\u00e7\u00e3o aproveite porque esse tipo de evento \u00e9 feito para os gon\u00e7alenses&#8221;, afirmou o prefeito.&nbsp;<\/p>\n\n\n\n<figure class=\"wp-block-image size-full\"><img decoding=\"async\" width=\"1024\" height=\"681\" src=\"https:\/\/sgvaimudar.com.br\/wp-content\/uploads\/2025\/02\/unnamed-5-11.jpg\" alt=\"\" class=\"wp-image-20387\" srcset=\"https:\/\/sgvaimudar.com.br\/wp-content\/uploads\/2025\/02\/unnamed-5-11.jpg 1024w, https:\/\/sgvaimudar.com.br\/wp-content\/uploads\/2025\/02\/unnamed-5-11-300x200.jpg 300w, https:\/\/sgvaimudar.com.br\/wp-content\/uploads\/2025\/02\/unnamed-5-11-768x511.jpg 768w\" sizes=\"(max-width: 1024px) 100vw, 1024px\" \/><\/figure>\n\n\n\n<p>O evento, com shows gratuitos, come\u00e7ou na sexta-feira (14), com shows do DJ Galalau, Ella Fernandes e Toni Garrido e segue neste domingo (16). Al\u00e9m das atra\u00e7\u00f5es musicais, o evento foi marcado tamb\u00e9m por cinco quadras de led dispon\u00edveis, com atra\u00e7\u00f5es como escalada e v\u00f4lei.&nbsp;<\/p>\n\n\n\n<p>O grande nome da noite, o rapper L7nnon, destacou sua alegria de estar na cidade. &#8220;Estou feliz demais, principalmente por estar aqui em um evento aberto ao p\u00fablico. O p\u00fablico est\u00e1 feliz tamb\u00e9m. Tenho v\u00e1rios amigos que fazem parte desse movimento que \u00e9 o rap e s\u00e3o daqui de S\u00e3o Gon\u00e7alo, o pr\u00f3prio Orochi, a Azzy, e estou muito feliz&#8221;, afirmou o rapper.&nbsp;<\/p>\n\n\n\n<p>A cantora Azzy tamb\u00e9m falou sobre estar de volta aos palcos da cidade onde nasceu. Ela come\u00e7ou nas batalhas de rima do munic\u00edpio. &#8220;\u00c9 muito bom voltar para o lugar de onde a gente saiu. Acho que a gente mostra pra n\u00f3s mesmos que conseguimos, a import\u00e2ncia de acreditar no nosso sonho, no nosso potencial e trazer essa realidade para a galera \u00e9 muito interessante. Fazer tudo isso no &#8216;quintal de casa&#8217; \u00e9 mais gostoso ainda. Estou muito feliz&#8221;, afirmou a cantora.&nbsp;<\/p>\n\n\n\n<p>Para garantir o conforto e a seguran\u00e7a de todos, o evento conta com locais de venda de comidas e bebidas, aguadeiros oferecidos pela Concession\u00e1ria \u00c1guas do Rio para hidrata\u00e7\u00e3o, al\u00e9m de posto m\u00e9dico e banheiros.&nbsp;<\/p>\n\n\n\n<p>Quem curtiu muito o evento foi a jovem Ana Lu\u00edza de Oliveira, f\u00e3 do L7nnon. Ela est\u00e1 prestes a completar 15 anos e pediu para a m\u00e3e para ir ao show. Como presente, ela tirou foto com seu \u00eddolo e pode curtir o show dele bem de pertinho. <\/p>\n\n\n\n<p>&#8220;\u00c9 minha terceira vez vendo ele. Vim com minha m\u00e3e e sou muito grata. Meu anivers\u00e1rio \u00e9 dia 24 de fevereiro e, depois de hoje, n\u00e3o preciso de presente nenhum. Gostei muito do evento tamb\u00e9m, \u00e9 minha primeira vez aqui e achei tudo muito organizado&#8221;, afirmou a moradora da Venda da Cruz.<\/p>\n\n\n\n<p>Dayane Carvalho, de 42 anos, tamb\u00e9m levou a filha Larissa Ara\u00fajo, de 14 anos, para curtir o show do L7. Moradora da Raul Veiga, foi a terceira vez dela no evento. <\/p>\n\n\n\n<p>&#8220;Sempre venho. Conhe\u00e7o o Sesc e conhe\u00e7o esse espa\u00e7o aqui. Gosto muito de vir sempre. Esse ano, minha filha queria ver o L7 e eu n\u00e3o podia deixar de traz\u00ea-la. Gostei do evento, do hor\u00e1rio e adorei a novidade dos brinquedos, quadras e etc para as crian\u00e7as. Minha filha veio aqui e foi na escalada, que ela adorou&#8221;, afirmou a moradora.&nbsp;<\/p>\n\n\n\n<p>As secretarias de Meio Ambiente e Transportes e de Ordem P\u00fablica da Prefeitura de S\u00e3o Gon\u00e7alo deram apoio ao evento.&nbsp;<\/p>\n\n\n\n<p><strong>SOLIDARIEDADE <\/strong>&#8211; Nesta edi\u00e7\u00e3o, o Sesc Ver\u00e3o traz uma a\u00e7\u00e3o solid\u00e1ria: quem comparecer ao evento poder\u00e1 levar dois quilos de alimentos n\u00e3o perec\u00edveis, que ser\u00e3o arrecadados pelo Projeto Mesa Brasil, uma iniciativa que combate a fome e o desperd\u00edcio de alimentos. Lembrando que o evento est\u00e1 sujeito \u00e0 lota\u00e7\u00e3o e menores de 18 anos s\u00f3 poder\u00e3o entrar acompanhados dos respons\u00e1veis legais.<\/p>\n\n\n\n<p><strong>A festa continua<\/strong>&nbsp;&#8211; Neste domingo (16), o Sesc Ver\u00e3o 2025 ter\u00e1 seu terceiro e \u00faltimo dia da edi\u00e7\u00e3o. Para finalizar com chave de ouro, os artistas da vez ser\u00e3o a Festa Manie Dansante e o grande nome da noite, a cantora Liniker, que sobe ao palco \u00e0s 20h. Os port\u00f5es abrem \u00e0s 17h.<\/p>\n\n\n\n<p><strong>Permiss\u00f5es do evento<\/strong>&nbsp;\u2013 \u00c9 permitida a entrada de alimentos industrializados devidamente lacrados para consumo pessoal. Menores de 18 anos dever\u00e3o estar acompanhados dos pais ou respons\u00e1veis legais.<\/p>\n\n\n\n<p>N\u00e3o \u00e9 permitido menores de 18 anos sem acompanhante legal; objetos de vidro ou metal; guarda-chuva, cadeiras ou bancos; embalagens r\u00edgidas; capacetes; animais dom\u00e9sticos; armas de fogo ou armas brancas; dispositivos incendi\u00e1rios; bebidas alco\u00f3licas ou n\u00e3o alco\u00f3licas em qualquer tipo de recipiente: isopor, cooler ou bolsa t\u00e9rmica; objetos perfurocortantes; materiais promocionais ou il\u00edcitos; equipamentos de filmagem profissional.<\/p>\n\n\n\n<p>Vale destacar que n\u00e3o h\u00e1 guarda-volumes no local.<\/p>\n\n\n\n<p><strong>Servi\u00e7o:<\/strong>&nbsp;A Arena S\u00e3o Gon\u00e7alo fica na Avenida Jornalista Roberto Marinho \u2013 antiga Av. Maric\u00e1 \u2013 em frente ao Atacad\u00e3o, em Alc\u00e2ntara.<\/p>\n\n\n\n<p><em>Foto: Julio Diniz<\/em><\/p>\n\n\n\n<p><strong><em>#SGVAIMUDAR<\/em><\/strong><\/p>\n\n\n\n<figure class=\"wp-block-image size-full\"><img decoding=\"async\" width=\"317\" height=\"110\" src=\"https:\/\/sgvaimudar.com.br\/wp-content\/uploads\/2023\/08\/cropped-Logo-Provisoria-2-2.png\" alt=\"\" class=\"wp-image-2782\" srcset=\"https:\/\/sgvaimudar.com.br\/wp-content\/uploads\/2023\/08\/cropped-Logo-Provisoria-2-2.png 317w, https:\/\/sgvaimudar.com.br\/wp-content\/uploads\/2023\/08\/cropped-Logo-Provisoria-2-2-300x104.png 300w\" sizes=\"(max-width: 317px) 100vw, 317px\" \/><\/figure>\n","protected":false},"excerpt":{"rendered":"<p>Chefe do Executivo gon\u00e7alense foi conferir a festa de perto que foi embalada com muito rap O prefeito Capit\u00e3o Nelson&hellip;<\/p>\n","protected":false},"author":5,"featured_media":20388,"comment_status":"open","ping_status":"open","sticky":false,"template":"","format":"standard","meta":{"fifu_image_url":"","fifu_image_alt":"","footnotes":""},"categories":[6],"tags":[47,75],"class_list":["post-20385","post","type-post","status-publish","format-standard","has-post-thumbnail","hentry","category-entretenimento","tag-rj","tag-sao-goncalo"],"_links":{"self":[{"href":"https:\/\/sgvaimudar.com.br\/index.php\/wp-json\/wp\/v2\/posts\/20385","targetHints":{"allow":["GET"]}}],"collection":[{"href":"https:\/\/sgvaimudar.com.br\/index.php\/wp-json\/wp\/v2\/posts"}],"about":[{"href":"https:\/\/sgvaimudar.com.br\/index.php\/wp-json\/wp\/v2\/types\/post"}],"author":[{"embeddable":true,"href":"https:\/\/sgvaimudar.com.br\/index.php\/wp-json\/wp\/v2\/users\/5"}],"replies":[{"embeddable":true,"href":"https:\/\/sgvaimudar.com.br\/index.php\/wp-json\/wp\/v2\/comments?post=20385"}],"version-history":[{"count":2,"href":"https:\/\/sgvaimudar.com.br\/index.php\/wp-json\/wp\/v2\/posts\/20385\/revisions"}],"predecessor-version":[{"id":20390,"href":"https:\/\/sgvaimudar.com.br\/index.php\/wp-json\/wp\/v2\/posts\/20385\/revisions\/20390"}],"wp:featuredmedia":[{"embeddable":true,"href":"https:\/\/sgvaimudar.com.br\/index.php\/wp-json\/wp\/v2\/media\/20388"}],"wp:attachment":[{"href":"https:\/\/sgvaimudar.com.br\/index.php\/wp-json\/wp\/v2\/media?parent=20385"}],"wp:term":[{"taxonomy":"category","embeddable":true,"href":"https:\/\/sgvaimudar.com.br\/index.php\/wp-json\/wp\/v2\/categories?post=20385"},{"taxonomy":"post_tag","embeddable":true,"href":"https:\/\/sgvaimudar.com.br\/index.php\/wp-json\/wp\/v2\/tags?post=20385"}],"curies":[{"name":"wp","href":"https:\/\/api.w.org\/{rel}","templated":true}]}}