{"id":20376,"date":"2025-02-16T10:00:00","date_gmt":"2025-02-16T13:00:00","guid":{"rendered":"https:\/\/sgvaimudar.com.br\/?p=20376"},"modified":"2025-02-16T05:54:09","modified_gmt":"2025-02-16T08:54:09","slug":"sesc-verao-2025-toni-garrido-agita-o-publico-na-primeira-noite-do-evento","status":"publish","type":"post","link":"https:\/\/sgvaimudar.com.br\/index.php\/2025\/02\/16\/sesc-verao-2025-toni-garrido-agita-o-publico-na-primeira-noite-do-evento\/","title":{"rendered":"Sesc Ver\u00e3o 2025: Toni Garrido agita o p\u00fablico na primeira noite do evento"},"content":{"rendered":"\n<p><em>Terceira edi\u00e7\u00e3o em S\u00e3o Gon\u00e7alo oferece atra\u00e7\u00f5es imperd\u00edveis neste fim de semana\u00a0<\/em><\/p>\n\n\n\n<p>A terceira edi\u00e7\u00e3o do Sesc Ver\u00e3o 2025 chegou para animar os gon\u00e7alenses com muita m\u00fasica e divers\u00e3o na Arena S\u00e3o Gon\u00e7alo, em Alc\u00e2ntara. O evento, realizado pelo Sesc RJ com apoio da Prefeitura de S\u00e3o Gon\u00e7alo e Sindcom\u00e9rcio, teve in\u00edcio nesta sexta-feira (14), e promete continuar animando os gon\u00e7alenses ao longo do fim de semana.<\/p>\n\n\n\n<p>Na abertura do evento, os port\u00f5es abriram \u00e0s 17h e a anima\u00e7\u00e3o ficou por conta do DJ Galalau, que colocou o p\u00fablico para dan\u00e7ar. Para as crian\u00e7as, as cinco quadras de led dispon\u00edveis, com atra\u00e7\u00f5es como escalada e v\u00f4lei, garantiram a divers\u00e3o durante todo o evento.<\/p>\n\n\n\n<figure class=\"wp-block-image size-large\"><img fetchpriority=\"high\" decoding=\"async\" width=\"1024\" height=\"684\" src=\"https:\/\/sgvaimudar.com.br\/wp-content\/uploads\/2025\/02\/unnamed-2-13-1024x684.jpg\" alt=\"\" class=\"wp-image-20378\" srcset=\"https:\/\/sgvaimudar.com.br\/wp-content\/uploads\/2025\/02\/unnamed-2-13-1024x684.jpg 1024w, https:\/\/sgvaimudar.com.br\/wp-content\/uploads\/2025\/02\/unnamed-2-13-300x200.jpg 300w, https:\/\/sgvaimudar.com.br\/wp-content\/uploads\/2025\/02\/unnamed-2-13-768x513.jpg 768w, https:\/\/sgvaimudar.com.br\/wp-content\/uploads\/2025\/02\/unnamed-2-13-1536x1027.jpg 1536w, https:\/\/sgvaimudar.com.br\/wp-content\/uploads\/2025\/02\/unnamed-2-13.jpg 1616w\" sizes=\"(max-width: 1024px) 100vw, 1024px\" \/><\/figure>\n\n\n\n<p>A cantora Ella Fernandes, gon\u00e7alense e cria do bairro Coroado, deu in\u00edcio \u00e0 programa\u00e7\u00e3o com muito talento, simpatia e carisma, levando o p\u00fablico ao del\u00edrio com sua apresenta\u00e7\u00e3o. Emocionada, ela compartilhou sua felicidade de estar se apresentando em sua cidade natal.<\/p>\n\n\n\n<p>\u00a0\u201cMinha expectativa \u00e9 que muita gente aqui possa conhecer o meu trabalho e possa viver essa experi\u00eancia de uma noite cantando em casa. Estou muito feliz, muito \u00e0 vontade, segura, um pouco nervosa tamb\u00e9m, porque cantar em casa \u00e9 muita responsabilidade\u201d, declarou.<\/p>\n\n\n\n<figure class=\"wp-block-image size-large\"><img decoding=\"async\" width=\"1024\" height=\"684\" src=\"https:\/\/sgvaimudar.com.br\/wp-content\/uploads\/2025\/02\/unnamed-1-14-1024x684.jpg\" alt=\"\" class=\"wp-image-20379\" srcset=\"https:\/\/sgvaimudar.com.br\/wp-content\/uploads\/2025\/02\/unnamed-1-14-1024x684.jpg 1024w, https:\/\/sgvaimudar.com.br\/wp-content\/uploads\/2025\/02\/unnamed-1-14-300x200.jpg 300w, https:\/\/sgvaimudar.com.br\/wp-content\/uploads\/2025\/02\/unnamed-1-14-768x513.jpg 768w, https:\/\/sgvaimudar.com.br\/wp-content\/uploads\/2025\/02\/unnamed-1-14-1536x1027.jpg 1536w, https:\/\/sgvaimudar.com.br\/wp-content\/uploads\/2025\/02\/unnamed-1-14.jpg 1616w\" sizes=\"(max-width: 1024px) 100vw, 1024px\" \/><\/figure>\n\n\n\n<p>Ap\u00f3s Ella, foi a vez de Toni Garrido, grande atra\u00e7\u00e3o da noite, agitar o p\u00fablico com seus cl\u00e1ssicos, como A Estrada, Onde Voc\u00ea Mora e Girassol, al\u00e9m de outros sucessos marcantes da carreira. O cantor tamb\u00e9m convidou para uma participa\u00e7\u00e3o especial o rapper Negro Z e, em seguida, a pr\u00f3pria Ella Fernandes. Juntos, eles cantaram o sucesso &#8220;Esperando na Janela&#8221;, de Gilberto Gil.<\/p>\n\n\n\n<p>Com muito carisma, Toni aproveitou para dar um conselho aos jovens artistas: &#8220;Continuem fazendo m\u00fasica, s\u00f3 assim eu consigo evoluir tamb\u00e9m. A minha evolu\u00e7\u00e3o vem de acordo com o que eu ou\u00e7o de voc\u00eas, principalmente os artistas mais novos. Eu preciso ver o que est\u00e1 sendo feito, eu preciso aprender, eu preciso ver o que est\u00e1 rolando agora&#8221;, disse o cantor.<\/p>\n\n\n\n<p>Al\u00e9m das m\u00fasicas autorais, Toni tamb\u00e9m cantou grandes sucessos da m\u00fasica brasileira. Para encerrar a noite, emocionado, prestou uma homenagem ao cineasta brasileiro Cac\u00e1 Diegues, falecido na sexta-feira (14), ao cantar &#8220;Sou Voc\u00ea&#8221;.<\/p>\n\n\n\n<p>Maria da Silva, de 47 anos, estava presente e comentou sobre a import\u00e2ncia de eventos como este em S\u00e3o Gon\u00e7alo. &#8220;\u00c9 maravilhoso ter eventos assim por aqui, principalmente gratuitos. A gente n\u00e3o precisa ir para as cidades vizinhas para curtir um bom show e ainda poder aproveitar com a fam\u00edlia\u201d.<\/p>\n\n\n\n<p>A festa continua neste s\u00e1bado (15): a partir das 17h, o p\u00fablico poder\u00e1 curtir o som do DJ Feij\u00e3o, seguido da gon\u00e7alense Azzy, que abrir\u00e1 o show para a grande atra\u00e7\u00e3o da noite, o rapper L7nnon.<\/p>\n\n\n\n<p>O Sesc Ver\u00e3o traz uma a\u00e7\u00e3o solid\u00e1ria: quem comparecer ao evento poder\u00e1 levar dois quilos de alimentos n\u00e3o perec\u00edveis, que ser\u00e3o arrecadados pelo Projeto Mesa Brasil, uma iniciativa que combate a fome e o desperd\u00edcio de alimentos.<\/p>\n\n\n\n<p>Para garantir o conforto e a seguran\u00e7a de todos, o evento contar\u00e1 com locais de venda de comidas e bebidas, aguadeiros oferecidos pela Concession\u00e1ria \u00c1guas do Rio para hidrata\u00e7\u00e3o, al\u00e9m de posto m\u00e9dico e banheiros.&nbsp;<\/p>\n\n\n\n<p>A Secretaria de Meio Ambiente e Transportes da Prefeitura de S\u00e3o Gon\u00e7alo montou um esquema especial de tr\u00e2nsito, com interdi\u00e7\u00f5es nas vias pr\u00f3ximas \u00e0 Arena.&nbsp;<\/p>\n\n\n\n<p>Lembrando que o evento est\u00e1 sujeito \u00e0 lota\u00e7\u00e3o e menores de 18 anos s\u00f3 poder\u00e3o entrar acompanhados dos respons\u00e1veis legais.<\/p>\n\n\n\n<p><strong>Programa\u00e7\u00e3o \u2013<\/strong>&nbsp;S\u00e1bado (15), os port\u00f5es ser\u00e3o abertos \u00e0s 17h. Neste dia, o DJ Feij\u00e3o ir\u00e1 comandar o som at\u00e9 o in\u00edcio do show da Azzy, \u00e0s 19h. O DJ retorna \u00e0s 20h e, a partir das 21h, come\u00e7a o show do rapper L7nnon.<\/p>\n\n\n\n<p>Domingo (16), os port\u00f5es tamb\u00e9m abrem \u00e0s 17h e o p\u00fablico poder\u00e1 assistir a apresenta\u00e7\u00e3o da Festa Manie Dansante. \u00c0s 20h, inicia o show da Liniker.&nbsp;<\/p>\n\n\n\n<p><strong>Permiss\u00f5es do evento \u2013<\/strong>&nbsp;\u00c9 permitida a entrada de alimentos industrializados devidamente lacrados para consumo pessoal. Menores de 18 anos dever\u00e3o estar acompanhados dos pais ou respons\u00e1veis legais.<\/p>\n\n\n\n<p>N\u00e3o \u00e9 permitido menores de 18 anos sem acompanhante legal; objetos de vidro ou metal; guarda-chuva, cadeiras ou bancos; embalagens r\u00edgidas; capacetes; animais dom\u00e9sticos; armas de fogo ou armas brancas; dispositivos incendi\u00e1rios; bebidas alco\u00f3licas ou n\u00e3o alco\u00f3licas em qualquer tipo de recipiente: isopor, cooler ou bolsa t\u00e9rmica; objetos perfurocortantes; materiais promocionais ou il\u00edcitos; equipamentos de filmagem profissional.<\/p>\n\n\n\n<p>Vale destacar que n\u00e3o haver\u00e1 guarda-volumes no local.<\/p>\n\n\n\n<p><strong>Tr\u00e2nsito \u2013<\/strong>&nbsp;Em todos os dias de evento, o tr\u00e2nsito de ve\u00edculos estar\u00e1 proibido nas ruas Joaquim Dias, no trecho compreendido entre a Rua Ant\u00f4nio Pinh\u00e3o e a Avenida Jornalista Roberto Marinho; na Ant\u00f4nio Pinh\u00e3o, do n\u00famero 97 at\u00e9 o cruzamento com a Rua Geraldo Silva; e na Geraldo Silva, do n\u00famero 139 at\u00e9 a esquina com a Rua Ant\u00f4nio Pinh\u00e3o. As tr\u00eas vias mencionadas ser\u00e3o interditadas totalmente.<\/p>\n\n\n\n<p>Ficar\u00e1 proibido o estacionamento de ve\u00edculos na Avenida Jornalista Roberto Marinho, no trecho compreendido entre a Estrada dos Menezes e a Rua Laureano Rosa; e no lado esquerdo das ruas Geraldo Silva, Ant\u00f4nio Pinh\u00e3o e Joaquim Dias.<\/p>\n\n\n\n<p>Os ve\u00edculos estacionados em desacordo estar\u00e3o sujeitos \u00e0 remo\u00e7\u00e3o, conforme estabelecido no artigo 181 do C\u00f3digo de Tr\u00e2nsito Brasileiro (CTB).<\/p>\n\n\n\n<p>As mudan\u00e7as de tr\u00e2nsito come\u00e7ar\u00e3o \u00e0s 16h30 de sexta-feira (14) e seguir\u00e3o at\u00e9 o fim do evento deste mesmo dia. As interdi\u00e7\u00f5es ser\u00e3o realizadas tamb\u00e9m s\u00e1bado e domingo, no mesmo hor\u00e1rio, at\u00e9 o final dos shows de cada dia.<\/p>\n\n\n\n<p><strong>Servi\u00e7o:<\/strong>&nbsp;A Arena S\u00e3o Gon\u00e7alo fica na Avenida Jornalista Roberto Marinho \u2013 antiga Av. Maric\u00e1 \u2013 em frente ao Atacad\u00e3o, em Alc\u00e2ntara.<\/p>\n\n\n\n<p><em>Foto: Renan Otto<\/em><\/p>\n\n\n\n<p><strong><em>S\u00e3o Gon\u00e7alo vai mudar: Not\u00edcias de S\u00e3o Gon\u00e7alo e toda regi\u00e3o.<\/em><\/strong><\/p>\n\n\n\n<figure class=\"wp-block-image size-full\"><img decoding=\"async\" width=\"317\" height=\"110\" src=\"https:\/\/sgvaimudar.com.br\/wp-content\/uploads\/2023\/08\/cropped-Logo-Provisoria-2-2.png\" alt=\"\" class=\"wp-image-2782\" srcset=\"https:\/\/sgvaimudar.com.br\/wp-content\/uploads\/2023\/08\/cropped-Logo-Provisoria-2-2.png 317w, https:\/\/sgvaimudar.com.br\/wp-content\/uploads\/2023\/08\/cropped-Logo-Provisoria-2-2-300x104.png 300w\" sizes=\"(max-width: 317px) 100vw, 317px\" \/><\/figure>\n","protected":false},"excerpt":{"rendered":"<p>Terceira edi\u00e7\u00e3o em S\u00e3o Gon\u00e7alo oferece atra\u00e7\u00f5es imperd\u00edveis neste fim de semana\u00a0 A terceira edi\u00e7\u00e3o do Sesc Ver\u00e3o 2025 chegou&hellip;<\/p>\n","protected":false},"author":5,"featured_media":20377,"comment_status":"open","ping_status":"open","sticky":false,"template":"","format":"standard","meta":{"fifu_image_url":"","fifu_image_alt":"","footnotes":""},"categories":[6],"tags":[75],"class_list":["post-20376","post","type-post","status-publish","format-standard","has-post-thumbnail","hentry","category-entretenimento","tag-sao-goncalo"],"_links":{"self":[{"href":"https:\/\/sgvaimudar.com.br\/index.php\/wp-json\/wp\/v2\/posts\/20376","targetHints":{"allow":["GET"]}}],"collection":[{"href":"https:\/\/sgvaimudar.com.br\/index.php\/wp-json\/wp\/v2\/posts"}],"about":[{"href":"https:\/\/sgvaimudar.com.br\/index.php\/wp-json\/wp\/v2\/types\/post"}],"author":[{"embeddable":true,"href":"https:\/\/sgvaimudar.com.br\/index.php\/wp-json\/wp\/v2\/users\/5"}],"replies":[{"embeddable":true,"href":"https:\/\/sgvaimudar.com.br\/index.php\/wp-json\/wp\/v2\/comments?post=20376"}],"version-history":[{"count":1,"href":"https:\/\/sgvaimudar.com.br\/index.php\/wp-json\/wp\/v2\/posts\/20376\/revisions"}],"predecessor-version":[{"id":20380,"href":"https:\/\/sgvaimudar.com.br\/index.php\/wp-json\/wp\/v2\/posts\/20376\/revisions\/20380"}],"wp:featuredmedia":[{"embeddable":true,"href":"https:\/\/sgvaimudar.com.br\/index.php\/wp-json\/wp\/v2\/media\/20377"}],"wp:attachment":[{"href":"https:\/\/sgvaimudar.com.br\/index.php\/wp-json\/wp\/v2\/media?parent=20376"}],"wp:term":[{"taxonomy":"category","embeddable":true,"href":"https:\/\/sgvaimudar.com.br\/index.php\/wp-json\/wp\/v2\/categories?post=20376"},{"taxonomy":"post_tag","embeddable":true,"href":"https:\/\/sgvaimudar.com.br\/index.php\/wp-json\/wp\/v2\/tags?post=20376"}],"curies":[{"name":"wp","href":"https:\/\/api.w.org\/{rel}","templated":true}]}}