{"id":20366,"date":"2025-02-15T08:30:00","date_gmt":"2025-02-15T11:30:00","guid":{"rendered":"https:\/\/sgvaimudar.com.br\/?p=20366"},"modified":"2025-02-15T06:39:36","modified_gmt":"2025-02-15T09:39:36","slug":"atencao-santa-luzia-vigilancia-ambiental-faz-acao-contra-dengue-neste-sabado-na-praca","status":"publish","type":"post","link":"https:\/\/sgvaimudar.com.br\/index.php\/2025\/02\/15\/atencao-santa-luzia-vigilancia-ambiental-faz-acao-contra-dengue-neste-sabado-na-praca\/","title":{"rendered":"Aten\u00e7\u00e3o Santa Luzia! Vigil\u00e2ncia Ambiental faz a\u00e7\u00e3o contra dengue neste s\u00e1bado na pra\u00e7a"},"content":{"rendered":"\n<p><em>Dengue est\u00e1 sob controle em S\u00e3o Gon\u00e7alo, mas trabalho preventivo continua&nbsp;&nbsp;&nbsp;<\/em><\/p>\n\n\n\n<p>Os agentes da Vigil\u00e2ncia em Sa\u00fade Ambiental da Prefeitura de S\u00e3o Gon\u00e7alo v\u00e3o fazer a\u00e7\u00e3o contra a dengue, neste s\u00e1bado (15), em Santa Luzia, a partir das 9h. Haver\u00e1 pulveriza\u00e7\u00e3o de inseticida com as motofogs, orienta\u00e7\u00e3o sobre vacina\u00e7\u00e3o, preven\u00e7\u00e3o e cuidados que devem ser tomados contra a doen\u00e7a, com o Grupo Informa\u00e7\u00e3o, Educa\u00e7\u00e3o e Comunica\u00e7\u00e3o (IEC), na pra\u00e7a do bairro.<\/p>\n\n\n\n<p>\u201cEstamos em um per\u00edodo hist\u00f3rico de aumento da dengue, zika e chikungunya no pa\u00eds. Apesar de S\u00e3o Gon\u00e7alo estar com baixo risco de contamina\u00e7\u00e3o, a preven\u00e7\u00e3o nunca \u00e9 demais. \u00c9 por esse tipo de trabalho que conseguimos passar pelos per\u00edodos cr\u00edticos sem aumento agressivo das doen\u00e7as. Por isso, convocamos a popula\u00e7\u00e3o para participar\u201d, disse a secret\u00e1ria municipal de Sa\u00fade, Dra. Bianca Serour.\u00a0\u00a0<\/p>\n\n\n\n<p>A dengue est\u00e1 sob controle em S\u00e3o Gon\u00e7alo. O \u00faltimo Levantamento R\u00e1pido dos \u00cdndices de Infesta\u00e7\u00e3o do Aedes aegypti (Liraa) da cidade, realizado no in\u00edcio de janeiro deste ano, mostrou que a cidade est\u00e1 com baixo risco de contamina\u00e7\u00e3o. Embora a doen\u00e7a n\u00e3o seja uma preocupa\u00e7\u00e3o, o trabalho de preven\u00e7\u00e3o n\u00e3o pode parar para que estes resultados sejam permanentes.<\/p>\n\n\n\n<p>\u201cContamos com os moradores para dar continuidade aos cuidados em suas casas. Intensificamos os trabalhos da Vigil\u00e2ncia em Sa\u00fade Ambiental, mas a colabora\u00e7\u00e3o da popula\u00e7\u00e3o cuidando e evitando qualquer tipo de \u00e1gua parada \u00e9 muito importante\u201d, explicou a subsecret\u00e1ria de Sa\u00fade Coletiva, Thain\u00e1 Fratane.<\/p>\n\n\n\n<p><strong>Cuidados<\/strong>\u00a0\u2013 A popula\u00e7\u00e3o deve vigiar e limpar calhas e ralos, tapar caixas d\u2019\u00e1gua, colocar garrafas e qualquer recipiente que possa acumular \u00e1gua com a boca para baixo, preencher os pratos de vasos de plantas com areia, manter lonas de materiais de constru\u00e7\u00e3o e piscina sempre esticadas, guardar pneus velhos, manter ton\u00e9is e lat\u00f5es fechados. Jogar cloro nos ralos externos toda semana tamb\u00e9m ajuda no combate.<\/p>\n\n\n\n<p><strong>Vacina<\/strong>\u00a0\u2013 A Secretaria de Sa\u00fade aplica o imunizante (Qdenga) contra a doen\u00e7a em crian\u00e7as e adolescentes de 10 a 14 anos em unidades de sa\u00fade com sala de vacina\u00e7\u00e3o. A Qdenga foi incorporada ao Sistema \u00danico de Sa\u00fade (SUS) pelo Programa Nacional de Imuniza\u00e7\u00f5es (PNI) e protege contra quatro tipos de v\u00edrus da dengue (Denv-1, Denv-2, Denv-3 e Denv-4).<\/p>\n\n\n\n<p><strong>Pronto-atendimento\u00a0<\/strong>\u2013 A Vigil\u00e2ncia em Sa\u00fade Ambiental mant\u00e9m o servi\u00e7o de pronto-atendimento. Qualquer cidad\u00e3o pode ligar para a Vigil\u00e2ncia Ambiental e pedir uma visita nos casos de infesta\u00e7\u00e3o de qualquer vetor. Os atendimentos s\u00e3o feitos, em m\u00e9dia, em uma semana. Nesses casos, os agentes averiguam a den\u00fancia e realizam a a\u00e7\u00e3o necess\u00e1ria para acabar com os vetores. As den\u00fancias podem ser feitas pelo telefone da Vigil\u00e2ncia Ambiental (21) 3195-5198, ramal 1008, ou pelo aplicativo Colab.<\/p>\n\n\n\n<p><em>Foto: Julio Diniz<\/em><\/p>\n\n\n\n<p><strong><em>S\u00e3o Gon\u00e7alo vai mudar: Not\u00edcias de S\u00e3o Gon\u00e7alo e toda regi\u00e3o.<\/em><\/strong><\/p>\n\n\n\n<figure class=\"wp-block-image size-full\"><img decoding=\"async\" width=\"317\" height=\"110\" src=\"https:\/\/sgvaimudar.com.br\/wp-content\/uploads\/2023\/08\/cropped-Logo-Provisoria-2-2.png\" alt=\"\" class=\"wp-image-2782\" srcset=\"https:\/\/sgvaimudar.com.br\/wp-content\/uploads\/2023\/08\/cropped-Logo-Provisoria-2-2.png 317w, https:\/\/sgvaimudar.com.br\/wp-content\/uploads\/2023\/08\/cropped-Logo-Provisoria-2-2-300x104.png 300w\" sizes=\"(max-width: 317px) 100vw, 317px\" \/><\/figure>\n","protected":false},"excerpt":{"rendered":"<p>Dengue est\u00e1 sob controle em S\u00e3o Gon\u00e7alo, mas trabalho preventivo continua&nbsp;&nbsp;&nbsp; Os agentes da Vigil\u00e2ncia em Sa\u00fade Ambiental da Prefeitura&hellip;<\/p>\n","protected":false},"author":5,"featured_media":5860,"comment_status":"open","ping_status":"open","sticky":false,"template":"","format":"standard","meta":{"fifu_image_url":"","fifu_image_alt":"","footnotes":""},"categories":[7],"tags":[75],"class_list":["post-20366","post","type-post","status-publish","format-standard","has-post-thumbnail","hentry","category-saude","tag-sao-goncalo"],"_links":{"self":[{"href":"https:\/\/sgvaimudar.com.br\/index.php\/wp-json\/wp\/v2\/posts\/20366","targetHints":{"allow":["GET"]}}],"collection":[{"href":"https:\/\/sgvaimudar.com.br\/index.php\/wp-json\/wp\/v2\/posts"}],"about":[{"href":"https:\/\/sgvaimudar.com.br\/index.php\/wp-json\/wp\/v2\/types\/post"}],"author":[{"embeddable":true,"href":"https:\/\/sgvaimudar.com.br\/index.php\/wp-json\/wp\/v2\/users\/5"}],"replies":[{"embeddable":true,"href":"https:\/\/sgvaimudar.com.br\/index.php\/wp-json\/wp\/v2\/comments?post=20366"}],"version-history":[{"count":1,"href":"https:\/\/sgvaimudar.com.br\/index.php\/wp-json\/wp\/v2\/posts\/20366\/revisions"}],"predecessor-version":[{"id":20367,"href":"https:\/\/sgvaimudar.com.br\/index.php\/wp-json\/wp\/v2\/posts\/20366\/revisions\/20367"}],"wp:featuredmedia":[{"embeddable":true,"href":"https:\/\/sgvaimudar.com.br\/index.php\/wp-json\/wp\/v2\/media\/5860"}],"wp:attachment":[{"href":"https:\/\/sgvaimudar.com.br\/index.php\/wp-json\/wp\/v2\/media?parent=20366"}],"wp:term":[{"taxonomy":"category","embeddable":true,"href":"https:\/\/sgvaimudar.com.br\/index.php\/wp-json\/wp\/v2\/categories?post=20366"},{"taxonomy":"post_tag","embeddable":true,"href":"https:\/\/sgvaimudar.com.br\/index.php\/wp-json\/wp\/v2\/tags?post=20366"}],"curies":[{"name":"wp","href":"https:\/\/api.w.org\/{rel}","templated":true}]}}