{"id":20351,"date":"2025-02-15T12:00:00","date_gmt":"2025-02-15T15:00:00","guid":{"rendered":"https:\/\/sgvaimudar.com.br\/?p=20351"},"modified":"2025-02-15T06:06:01","modified_gmt":"2025-02-15T09:06:01","slug":"trecho-do-muvi-na-parada-40-recebe-pavimentacao","status":"publish","type":"post","link":"https:\/\/sgvaimudar.com.br\/index.php\/2025\/02\/15\/trecho-do-muvi-na-parada-40-recebe-pavimentacao\/","title":{"rendered":"Trecho do Muvi na Parada 40 recebe pavimenta\u00e7\u00e3o"},"content":{"rendered":"\n<p><em>Maior projeto de mobilidade urbana de S\u00e3o Gon\u00e7alo avan\u00e7a nos bairros com o acompanhamento do prefeito Capit\u00e3o Nelson e do secret\u00e1rio de Estado das Cidades Douglas Ruas <\/em><\/p>\n\n\n\n<p>Mais um trecho do projeto Mobilidade Urbana Verde Integrada (Muvi) foi asfaltado. Nesta sexta-feira (14), foi a vez de uma parte da Rua Francisco Portela, no trecho compreendido entre as ruas Capit\u00e3o Jo\u00e3o Manoel e Eduardo Ornelas, que faz parte do trecho 2 da obra, receber a pavimenta\u00e7\u00e3o.\u00a0<\/p>\n\n\n\n<p>Na \u00faltima semana, a Avenida Presidente Kennedy, na altura do Clube Mau\u00e1, no bairro Estrela do Norte, tamb\u00e9m foi pavimentada, desta vez no trecho 4 da obra.<\/p>\n\n\n\n<p>O projeto \u00e9 executado gra\u00e7as a uma parceria entre o Governo do Estado do Rio de Janeiro, atrav\u00e9s da Secretaria das Cidades, e a Prefeitura de S\u00e3o Gon\u00e7alo. Ele \u00e9 considerado o maior de mobilidade urbana j\u00e1 realizado na cidade de S\u00e3o Gon\u00e7alo e vai ligar o bairro de Neves a Guaxindiba.<\/p>\n\n\n\n<figure class=\"wp-block-image size-full\"><img fetchpriority=\"high\" decoding=\"async\" width=\"1024\" height=\"745\" src=\"https:\/\/sgvaimudar.com.br\/wp-content\/uploads\/2025\/02\/unnamed-10-3.jpg\" alt=\"\" class=\"wp-image-20352\" srcset=\"https:\/\/sgvaimudar.com.br\/wp-content\/uploads\/2025\/02\/unnamed-10-3.jpg 1024w, https:\/\/sgvaimudar.com.br\/wp-content\/uploads\/2025\/02\/unnamed-10-3-300x218.jpg 300w, https:\/\/sgvaimudar.com.br\/wp-content\/uploads\/2025\/02\/unnamed-10-3-768x559.jpg 768w\" sizes=\"(max-width: 1024px) 100vw, 1024px\" \/><\/figure>\n\n\n\n<p>Em todos os trechos da obra, est\u00e3o sendo instaladas manilhas para redes de drenagem, al\u00e9m da constru\u00e7\u00e3o de\u00a0cal\u00e7adas, ciclovias, meios-fios e pistas preferenciais para \u00f4nibus. O Muvi foi elaborado pela Secretaria Municipal de Gest\u00e3o Integrada e Projetos Especiais (Semgipe). Interven\u00e7\u00f5es seguem em andamento tamb\u00e9m nos trechos 1, 3 e 5.\u00a0<\/p>\n\n\n\n<p>Em trechos do Vila Lage e do Camar\u00e3o, por exemplo, j\u00e1 \u00e9 poss\u00edvel ver os resultados do Muvi, com pistas com asfalto novo para o tr\u00e1fego de ve\u00edculos, paisagismo e as ciclovias conclu\u00eddas em diversos trechos.\u00a0<\/p>\n\n\n\n<p>O investimento na obra \u00e9 de R$ 287 milh\u00f5es. O corredor vi\u00e1rio ter\u00e1 18 quil\u00f4metros de extens\u00e3o e s\u00e3o previstas v\u00e1rias interven\u00e7\u00f5es urban\u00edsticas e de paisagismo no trajeto.&nbsp;<\/p>\n\n\n\n<p>O prefeito Capit\u00e3o Nelson acompanha rotineiramente as obras. \u201cEstamos muito felizes de ver as obras caminhando. J\u00e1 estamos com mais de 50% das obras conclu\u00eddas. As interven\u00e7\u00f5es est\u00e3o dando mais qualidade de vida para a popula\u00e7\u00e3o e mudando visualmente a cidade\u201d, afirmou o prefeito.\u00a0<\/p>\n\n\n\n<p>O secret\u00e1rio de Estado das Cidades, Douglas Ruas, tamb\u00e9m ressaltou sobre a import\u00e2ncia do avan\u00e7o das obras do projeto. \u201cO Muvi j\u00e1 \u00e9 uma realidade para os moradores de S\u00e3o Gon\u00e7alo, diminuindo o tempo no tr\u00e2nsito e levando mais qualidade de vida e dignidade numa das quest\u00f5es mais importantes da atividade p\u00fablica, que \u00e9 a mobilidade urbana. Sob a lideran\u00e7a do governador Cl\u00e1udio Castro e a parceria do prefeito Capit\u00e3o Nelson, seguimos trabalhando com muito afinco na transforma\u00e7\u00e3o da cidade\u201d, disse o secret\u00e1rio.\u00a0<\/p>\n\n\n\n<p><em>Fotos: Luiz Carvalho<\/em><\/p>\n\n\n\n<p><strong><em>S\u00e3o Gon\u00e7alo vai mudar: Not\u00edcias de S\u00e3o Gon\u00e7alo e toda regi\u00e3o.<\/em><\/strong><\/p>\n\n\n\n<figure class=\"wp-block-image size-full\"><img decoding=\"async\" width=\"317\" height=\"110\" src=\"https:\/\/sgvaimudar.com.br\/wp-content\/uploads\/2023\/08\/cropped-Logo-Provisoria-2-2.png\" alt=\"\" class=\"wp-image-2782\" srcset=\"https:\/\/sgvaimudar.com.br\/wp-content\/uploads\/2023\/08\/cropped-Logo-Provisoria-2-2.png 317w, https:\/\/sgvaimudar.com.br\/wp-content\/uploads\/2023\/08\/cropped-Logo-Provisoria-2-2-300x104.png 300w\" sizes=\"(max-width: 317px) 100vw, 317px\" \/><\/figure>\n","protected":false},"excerpt":{"rendered":"<p>Maior projeto de mobilidade urbana de S\u00e3o Gon\u00e7alo avan\u00e7a nos bairros com o acompanhamento do prefeito Capit\u00e3o Nelson e do&hellip;<\/p>\n","protected":false},"author":5,"featured_media":20353,"comment_status":"open","ping_status":"open","sticky":false,"template":"","format":"standard","meta":{"fifu_image_url":"","fifu_image_alt":"","footnotes":""},"categories":[3],"tags":[47,75],"class_list":["post-20351","post","type-post","status-publish","format-standard","has-post-thumbnail","hentry","category-sao-goncalo","tag-rj","tag-sao-goncalo"],"_links":{"self":[{"href":"https:\/\/sgvaimudar.com.br\/index.php\/wp-json\/wp\/v2\/posts\/20351","targetHints":{"allow":["GET"]}}],"collection":[{"href":"https:\/\/sgvaimudar.com.br\/index.php\/wp-json\/wp\/v2\/posts"}],"about":[{"href":"https:\/\/sgvaimudar.com.br\/index.php\/wp-json\/wp\/v2\/types\/post"}],"author":[{"embeddable":true,"href":"https:\/\/sgvaimudar.com.br\/index.php\/wp-json\/wp\/v2\/users\/5"}],"replies":[{"embeddable":true,"href":"https:\/\/sgvaimudar.com.br\/index.php\/wp-json\/wp\/v2\/comments?post=20351"}],"version-history":[{"count":1,"href":"https:\/\/sgvaimudar.com.br\/index.php\/wp-json\/wp\/v2\/posts\/20351\/revisions"}],"predecessor-version":[{"id":20354,"href":"https:\/\/sgvaimudar.com.br\/index.php\/wp-json\/wp\/v2\/posts\/20351\/revisions\/20354"}],"wp:featuredmedia":[{"embeddable":true,"href":"https:\/\/sgvaimudar.com.br\/index.php\/wp-json\/wp\/v2\/media\/20353"}],"wp:attachment":[{"href":"https:\/\/sgvaimudar.com.br\/index.php\/wp-json\/wp\/v2\/media?parent=20351"}],"wp:term":[{"taxonomy":"category","embeddable":true,"href":"https:\/\/sgvaimudar.com.br\/index.php\/wp-json\/wp\/v2\/categories?post=20351"},{"taxonomy":"post_tag","embeddable":true,"href":"https:\/\/sgvaimudar.com.br\/index.php\/wp-json\/wp\/v2\/tags?post=20351"}],"curies":[{"name":"wp","href":"https:\/\/api.w.org\/{rel}","templated":true}]}}