{"id":20325,"date":"2025-02-14T21:00:00","date_gmt":"2025-02-15T00:00:00","guid":{"rendered":"https:\/\/sgvaimudar.com.br\/?p=20325"},"modified":"2025-02-14T12:45:28","modified_gmt":"2025-02-14T15:45:28","slug":"coronel-das-forcas-armadas-do-equador-e-morto-a-tiros","status":"publish","type":"post","link":"https:\/\/sgvaimudar.com.br\/index.php\/2025\/02\/14\/coronel-das-forcas-armadas-do-equador-e-morto-a-tiros\/","title":{"rendered":"Coronel das For\u00e7as Armadas do Equador \u00e9 morto a tiros"},"content":{"rendered":"\n<p><em>Ve\u00edculo da autoridade militar foi atingido por mais de 20 vezes e motorista ficou ferido<\/em><\/p>\n\n\n\n<p>Um coronel das For\u00e7as Armadas do Equador foi morto a tiros nesta sexta-feira (14) perto de uma penitenci\u00e1ria em Guayaquil, em um pa\u00eds dominado pela viol\u00eancia do tr\u00e1fico de drogas, informou a pol\u00edcia.<\/p>\n\n\n\n<p>O ve\u00edculo do coronel foi atingido por mais de 20 tiros, enquanto &#8220;ele viajava para uma cerim\u00f4nia na cidade de Manta&#8221;.<\/p>\n\n\n\n<p>Os homens armados &#8220;conseguiram alcan\u00e7\u00e1-lo cerca de 200 metros antes de chegar \u00e0 penitenci\u00e1ria e abriram fogo&#8221;, disse um policial no local do crime.<\/p>\n\n\n\n<p>O motorista do ve\u00edculo ficou ferido.<\/p>\n\n\n\n<p><em>Fonte: CNN<\/em><\/p>\n\n\n\n<figure class=\"wp-block-image size-full\"><img decoding=\"async\" width=\"317\" height=\"110\" src=\"https:\/\/sgvaimudar.com.br\/wp-content\/uploads\/2023\/08\/cropped-Logo-Provisoria-2-2.png\" alt=\"\" class=\"wp-image-2782\" srcset=\"https:\/\/sgvaimudar.com.br\/wp-content\/uploads\/2023\/08\/cropped-Logo-Provisoria-2-2.png 317w, https:\/\/sgvaimudar.com.br\/wp-content\/uploads\/2023\/08\/cropped-Logo-Provisoria-2-2-300x104.png 300w\" sizes=\"(max-width: 317px) 100vw, 317px\" \/><\/figure>\n","protected":false},"excerpt":{"rendered":"<p>Ve\u00edculo da autoridade militar foi atingido por mais de 20 vezes e motorista ficou ferido Um coronel das For\u00e7as Armadas&hellip;<\/p>\n","protected":false},"author":5,"featured_media":20326,"comment_status":"open","ping_status":"open","sticky":false,"template":"","format":"standard","meta":{"fifu_image_url":"","fifu_image_alt":"","footnotes":""},"categories":[1],"tags":[39,41,40],"class_list":["post-20325","post","type-post","status-publish","format-standard","has-post-thumbnail","hentry","category-mundo","tag-ataque","tag-conflito","tag-guerra"],"_links":{"self":[{"href":"https:\/\/sgvaimudar.com.br\/index.php\/wp-json\/wp\/v2\/posts\/20325","targetHints":{"allow":["GET"]}}],"collection":[{"href":"https:\/\/sgvaimudar.com.br\/index.php\/wp-json\/wp\/v2\/posts"}],"about":[{"href":"https:\/\/sgvaimudar.com.br\/index.php\/wp-json\/wp\/v2\/types\/post"}],"author":[{"embeddable":true,"href":"https:\/\/sgvaimudar.com.br\/index.php\/wp-json\/wp\/v2\/users\/5"}],"replies":[{"embeddable":true,"href":"https:\/\/sgvaimudar.com.br\/index.php\/wp-json\/wp\/v2\/comments?post=20325"}],"version-history":[{"count":1,"href":"https:\/\/sgvaimudar.com.br\/index.php\/wp-json\/wp\/v2\/posts\/20325\/revisions"}],"predecessor-version":[{"id":20327,"href":"https:\/\/sgvaimudar.com.br\/index.php\/wp-json\/wp\/v2\/posts\/20325\/revisions\/20327"}],"wp:featuredmedia":[{"embeddable":true,"href":"https:\/\/sgvaimudar.com.br\/index.php\/wp-json\/wp\/v2\/media\/20326"}],"wp:attachment":[{"href":"https:\/\/sgvaimudar.com.br\/index.php\/wp-json\/wp\/v2\/media?parent=20325"}],"wp:term":[{"taxonomy":"category","embeddable":true,"href":"https:\/\/sgvaimudar.com.br\/index.php\/wp-json\/wp\/v2\/categories?post=20325"},{"taxonomy":"post_tag","embeddable":true,"href":"https:\/\/sgvaimudar.com.br\/index.php\/wp-json\/wp\/v2\/tags?post=20325"}],"curies":[{"name":"wp","href":"https:\/\/api.w.org\/{rel}","templated":true}]}}