{"id":20322,"date":"2025-02-14T19:00:00","date_gmt":"2025-02-14T22:00:00","guid":{"rendered":"https:\/\/sgvaimudar.com.br\/?p=20322"},"modified":"2025-02-14T12:41:25","modified_gmt":"2025-02-14T15:41:25","slug":"policia-militar-chega-a-marca-de-116-fuzis-apreendidos-em-2025","status":"publish","type":"post","link":"https:\/\/sgvaimudar.com.br\/index.php\/2025\/02\/14\/policia-militar-chega-a-marca-de-116-fuzis-apreendidos-em-2025\/","title":{"rendered":"Pol\u00edcia Militar chega \u00e0 marca de 116 fuzis apreendidos em 2025"},"content":{"rendered":"\n<p><em>Dado representa uma m\u00e9dia di\u00e1ria tr\u00eas armas de guerra retiradas das m\u00e3os dos criminosos<\/em><\/p>\n\n\n\n<p>A Secretaria de Estado de Pol\u00edcia Militar chegou nesta sexta-feira (14\/02), \u00e0 expressiva marca de 116 fuzis apreendidos em todo o territ\u00f3rio fluminense, nos primeiros 45 dias do ano de 2025. A apreens\u00e3o mais recente ocorreu no Complexo da Pedreira, em Costa Barros, na Zona Norte do Rio de Janeiro.<\/p>\n\n\n\n<p>Os agentes realizavam uma a\u00e7\u00e3o para reprimir a movimenta\u00e7\u00e3o de criminosos envolvidos em disputas territoriais, quando localizaram uma casa utilizada para esconder armamentos do crime organizado. Na a\u00e7\u00e3o, os policiais apreenderam cinco fuzis, duas granadas, al\u00e9m de um ve\u00edculo roubado.<\/p>\n\n\n\n<p>&#8220;Ao mesmo tempo em que parabenizo nossos policiais por tirarem tantos fuzis de circula\u00e7\u00e3o, refor\u00e7o a necessidade da coopera\u00e7\u00e3o federal para impedir que esse armamento pesado entre no nosso estado. N\u00e3o podemos permitir que armas de guerra continuem circulando no Rio, mutilando e tirando a vida de moradores inocentes e dos nossos policiais&#8221;, destacou o governador Cl\u00e1udio Castro.<\/p>\n\n\n\n<p>Dados da Subsecretaria de Intelig\u00eancia da Secretaria de Pol\u00edcia Militar apontam que mais de 90% dessas armas s\u00e3o fabricadas em outros pa\u00edses, para que sejam utilizadas por grupos criminosos envolvidos em disputas territoriais em diferentes pontos da Regi\u00e3o Metropolitana.<\/p>\n\n\n\n<p>O estudo elaborado pela Intelig\u00eancia da PM revelou ainda que esses armamentos entram no pa\u00eds ou no estado separadas por pe\u00e7as e montadas por armeiros envolvidos com as organiza\u00e7\u00f5es criminosas.<\/p>\n\n\n\n<p>Em 2024, de acordo com o Instituto de Seguran\u00e7a P\u00fablica, o Rio de Janeiro alcan\u00e7ou uma marca hist\u00f3rica e emblem\u00e1tica para a seguran\u00e7a p\u00fablica. Em doze meses, as pol\u00edcias Civil e Militar retiraram 732 fuzis de circula\u00e7\u00e3o, uma m\u00e9dia de dois por dia. Os dados divulgados pelo ISP mostram um aumento de 20% nas apreens\u00f5es entre 2023 e 2024 &#8211; esse n\u00famero \u00e9 o maior da s\u00e9rie hist\u00f3rica, iniciada em 2007.<\/p>\n\n\n\n<p><strong><em>S\u00e3o Gon\u00e7alo vai mudar: Not\u00edcias de S\u00e3o Gon\u00e7alo e toda regi\u00e3o.<\/em><\/strong><\/p>\n\n\n\n<figure class=\"wp-block-image size-full\"><img decoding=\"async\" width=\"317\" height=\"110\" src=\"https:\/\/sgvaimudar.com.br\/wp-content\/uploads\/2023\/08\/cropped-Logo-Provisoria-2-2.png\" alt=\"\" class=\"wp-image-2782\" srcset=\"https:\/\/sgvaimudar.com.br\/wp-content\/uploads\/2023\/08\/cropped-Logo-Provisoria-2-2.png 317w, https:\/\/sgvaimudar.com.br\/wp-content\/uploads\/2023\/08\/cropped-Logo-Provisoria-2-2-300x104.png 300w\" sizes=\"(max-width: 317px) 100vw, 317px\" \/><\/figure>\n","protected":false},"excerpt":{"rendered":"<p>Fuzis<\/p>\n","protected":false},"author":5,"featured_media":11191,"comment_status":"open","ping_status":"open","sticky":false,"template":"","format":"standard","meta":{"fifu_image_url":"","fifu_image_alt":"","footnotes":""},"categories":[32],"tags":[39,41,40,47],"class_list":["post-20322","post","type-post","status-publish","format-standard","has-post-thumbnail","hentry","category-casos-de-policia","tag-ataque","tag-conflito","tag-guerra","tag-rj"],"_links":{"self":[{"href":"https:\/\/sgvaimudar.com.br\/index.php\/wp-json\/wp\/v2\/posts\/20322","targetHints":{"allow":["GET"]}}],"collection":[{"href":"https:\/\/sgvaimudar.com.br\/index.php\/wp-json\/wp\/v2\/posts"}],"about":[{"href":"https:\/\/sgvaimudar.com.br\/index.php\/wp-json\/wp\/v2\/types\/post"}],"author":[{"embeddable":true,"href":"https:\/\/sgvaimudar.com.br\/index.php\/wp-json\/wp\/v2\/users\/5"}],"replies":[{"embeddable":true,"href":"https:\/\/sgvaimudar.com.br\/index.php\/wp-json\/wp\/v2\/comments?post=20322"}],"version-history":[{"count":2,"href":"https:\/\/sgvaimudar.com.br\/index.php\/wp-json\/wp\/v2\/posts\/20322\/revisions"}],"predecessor-version":[{"id":20324,"href":"https:\/\/sgvaimudar.com.br\/index.php\/wp-json\/wp\/v2\/posts\/20322\/revisions\/20324"}],"wp:featuredmedia":[{"embeddable":true,"href":"https:\/\/sgvaimudar.com.br\/index.php\/wp-json\/wp\/v2\/media\/11191"}],"wp:attachment":[{"href":"https:\/\/sgvaimudar.com.br\/index.php\/wp-json\/wp\/v2\/media?parent=20322"}],"wp:term":[{"taxonomy":"category","embeddable":true,"href":"https:\/\/sgvaimudar.com.br\/index.php\/wp-json\/wp\/v2\/categories?post=20322"},{"taxonomy":"post_tag","embeddable":true,"href":"https:\/\/sgvaimudar.com.br\/index.php\/wp-json\/wp\/v2\/tags?post=20322"}],"curies":[{"name":"wp","href":"https:\/\/api.w.org\/{rel}","templated":true}]}}