{"id":20238,"date":"2025-02-13T14:00:00","date_gmt":"2025-02-13T17:00:00","guid":{"rendered":"https:\/\/sgvaimudar.com.br\/?p=20238"},"modified":"2025-02-13T09:40:54","modified_gmt":"2025-02-13T12:40:54","slug":"policial-civil-e-denunciado-pelo-mp-pela-morte-de-comerciante-na-barra-da-tijuca","status":"publish","type":"post","link":"https:\/\/sgvaimudar.com.br\/index.php\/2025\/02\/13\/policial-civil-e-denunciado-pelo-mp-pela-morte-de-comerciante-na-barra-da-tijuca\/","title":{"rendered":"Policial Civil \u00e9 denunciado pelo MP pela morte de comerciante na Barra da Tijuca"},"content":{"rendered":"\n<p><em>\u00d3rg\u00e3o pediu tamb\u00e9m a pris\u00e3o preventiva de Raphael Pinto Ferreira Gede\u00e3o<\/em><\/p>\n\n\n\n<p>O Minist\u00e9rio P\u00fablico do Estado do Rio de Janeiro (MPRJ), por meio da 1\u00aa Promotoria de Justi\u00e7a de Investiga\u00e7\u00e3o Penal Especializada do N\u00facleo Rio de Janeiro, pediu a pris\u00e3o preventiva e denunciou, nesta segunda-feira, o policial civil Raphael Pinto Ferreira Gede\u00e3o pela morte do comerciante Marcelo dos Anjos Abitan da Silva. O crime aconteceu em 19 de janeiro, em frente a um hotel na orla da Barra da Tijuca, Zona Oeste da capital.<\/p>\n\n\n\n<p>De acordo com a den\u00fancia, Raphael matou o comerciante Marcelo dos Anjos Abitan da Silva com tr\u00eas tiros, por motivo f\u00fatil, sem que a v\u00edtima pudesse se defender, sendo atingido por disparos feitos a curta dist\u00e2ncia e pelas costas. O policial civil usou ainda uma arma de uso privativo em servi\u00e7o. &nbsp;<\/p>\n\n\n\n<p>Ao chegar ao local, o comerciante encontrou o carro de Raphael parado na rampa de acesso ao estacionamento, impedindo a passagem. Depois de uma breve discuss\u00e3o, o policial civil efetuou os disparos. Ainda de acordo com a den\u00fancia, Raphael n\u00e3o prestou socorro, foi ao apartamento onde morava, trocou de roupa e saiu de carro, arrebentando a cancela do estacionamento.<\/p>\n\n\n\n<p>No dia 24 de janeiro, o procurador-geral de Justi\u00e7a, Antonio Jos\u00e9 Campos Moreira, recebeu Raquel Acherman, vi\u00fava de Marcelo e Mateus Abitan, filho do comerciante, em seu gabinete. O PGJ assegurou que todas as informa\u00e7\u00f5es relacionadas \u00e0 investiga\u00e7\u00e3o seriam compartilhadas com os familiares da v\u00edtima.<\/p>\n\n\n\n<p><strong><em>S\u00e3o Gon\u00e7alo vai mudar: Not\u00edcias de S\u00e3o Gon\u00e7alo e toda regi\u00e3o.<\/em><\/strong><\/p>\n\n\n\n<figure class=\"wp-block-image size-full\"><img decoding=\"async\" width=\"317\" height=\"110\" src=\"https:\/\/sgvaimudar.com.br\/wp-content\/uploads\/2023\/08\/cropped-Logo-Provisoria-2-2.png\" alt=\"\" class=\"wp-image-2782\" srcset=\"https:\/\/sgvaimudar.com.br\/wp-content\/uploads\/2023\/08\/cropped-Logo-Provisoria-2-2.png 317w, https:\/\/sgvaimudar.com.br\/wp-content\/uploads\/2023\/08\/cropped-Logo-Provisoria-2-2-300x104.png 300w\" sizes=\"(max-width: 317px) 100vw, 317px\" \/><\/figure>\n","protected":false},"excerpt":{"rendered":"<p>\u00d3rg\u00e3o pediu tamb\u00e9m a pris\u00e3o preventiva de Raphael Pinto Ferreira Gede\u00e3o O Minist\u00e9rio P\u00fablico do Estado do Rio de Janeiro&hellip;<\/p>\n","protected":false},"author":5,"featured_media":20239,"comment_status":"open","ping_status":"open","sticky":false,"template":"","format":"standard","meta":{"fifu_image_url":"","fifu_image_alt":"","footnotes":""},"categories":[32],"tags":[39,41,47],"class_list":["post-20238","post","type-post","status-publish","format-standard","has-post-thumbnail","hentry","category-casos-de-policia","tag-ataque","tag-conflito","tag-rj"],"_links":{"self":[{"href":"https:\/\/sgvaimudar.com.br\/index.php\/wp-json\/wp\/v2\/posts\/20238","targetHints":{"allow":["GET"]}}],"collection":[{"href":"https:\/\/sgvaimudar.com.br\/index.php\/wp-json\/wp\/v2\/posts"}],"about":[{"href":"https:\/\/sgvaimudar.com.br\/index.php\/wp-json\/wp\/v2\/types\/post"}],"author":[{"embeddable":true,"href":"https:\/\/sgvaimudar.com.br\/index.php\/wp-json\/wp\/v2\/users\/5"}],"replies":[{"embeddable":true,"href":"https:\/\/sgvaimudar.com.br\/index.php\/wp-json\/wp\/v2\/comments?post=20238"}],"version-history":[{"count":1,"href":"https:\/\/sgvaimudar.com.br\/index.php\/wp-json\/wp\/v2\/posts\/20238\/revisions"}],"predecessor-version":[{"id":20240,"href":"https:\/\/sgvaimudar.com.br\/index.php\/wp-json\/wp\/v2\/posts\/20238\/revisions\/20240"}],"wp:featuredmedia":[{"embeddable":true,"href":"https:\/\/sgvaimudar.com.br\/index.php\/wp-json\/wp\/v2\/media\/20239"}],"wp:attachment":[{"href":"https:\/\/sgvaimudar.com.br\/index.php\/wp-json\/wp\/v2\/media?parent=20238"}],"wp:term":[{"taxonomy":"category","embeddable":true,"href":"https:\/\/sgvaimudar.com.br\/index.php\/wp-json\/wp\/v2\/categories?post=20238"},{"taxonomy":"post_tag","embeddable":true,"href":"https:\/\/sgvaimudar.com.br\/index.php\/wp-json\/wp\/v2\/tags?post=20238"}],"curies":[{"name":"wp","href":"https:\/\/api.w.org\/{rel}","templated":true}]}}