{"id":20226,"date":"2025-02-13T10:59:00","date_gmt":"2025-02-13T13:59:00","guid":{"rendered":"https:\/\/sgvaimudar.com.br\/?p=20226"},"modified":"2025-02-13T09:09:09","modified_gmt":"2025-02-13T12:09:09","slug":"fabrica-de-fantasias-atingida-por-incendio-tinha-gato-de-luz-diz-pericia","status":"publish","type":"post","link":"https:\/\/sgvaimudar.com.br\/index.php\/2025\/02\/13\/fabrica-de-fantasias-atingida-por-incendio-tinha-gato-de-luz-diz-pericia\/","title":{"rendered":"F\u00e1brica de fantasias atingida por inc\u00eandio tinha \u2018gato\u2019 de luz, diz per\u00edcia"},"content":{"rendered":"\n<p><em>A f\u00e1brica n\u00e3o possu\u00eda alvar\u00e1 do Corpo de Bombeiros e foi interditada pela Pol\u00edcia Civil<\/em><\/p>\n\n\n\n<p>A Pol\u00edcia Civil do Rio identificou liga\u00e7\u00f5es clandestinas de energia na f\u00e1brica Maximus Confec\u00e7\u00f5es, que foi\u00a0destru\u00edda por um inc\u00eandio \u00a0na manh\u00e3 desta quarta-feira (12). Os investigadores apuram se o \u201cfurto de energia \u201cgato\u201d de luz pode ter causado o inc\u00eandio, que deixou 21 feridos e destruiu as fantasias de tr\u00eas escolas de samba.<\/p>\n\n\n\n<p>A f\u00e1brica n\u00e3o possu\u00eda\u00a0alvar\u00e1 dos Bombeiros e foi interditada pela Pol\u00edcia Civil. O teto do im\u00f3vel ainda corre risco de desabamento.<\/p>\n\n\n\n<p><strong>Governador destinar\u00e1 R$ 16 milh\u00f5es <\/strong><\/p>\n\n\n\n<p>O governador Cl\u00e1udio Castro anunciou, nesta quinta-feira (13\/02), o aumento do repasse de R$ 10 milh\u00f5es para R$ 16 milh\u00f5es para as escolas de samba da S\u00e9rie Ouro, inclusive \u200bas atingidas pelo inc\u00eandio\u200b na f\u00e1brica de fantasias, em Ramos.\u200b Imp\u00e9rio Serrano, Unidos da Ponte e Unidos de Bangu foram as agremia\u00e7\u00f5es mais prejudicadas pela trag\u00e9dia.<\/p>\n\n\n\n<figure class=\"wp-block-video\"><video height=\"1280\" style=\"aspect-ratio: 720 \/ 1280;\" width=\"720\" controls src=\"https:\/\/sgvaimudar.com.br\/wp-content\/uploads\/2025\/02\/Snapinst.app_video_AQOQCYk-ZnGrKtUHz2JtbIltbdydOk9RwhbFr5daVyCR-SBRdHDG6hM6uVXjG40_EhWstwqgqqvlngy7EM3EHiQOE9-g-IzszVKXioo-1.mp4\"><\/video><\/figure>\n\n\n\n<p>\u200b-\u00a0 Minha solidariedade \u00e0s v\u00edtimas e escolas de samba afetadas pelo inc\u00eandio que atingiu a\u200b f\u00e1brica de fantasias\u200b.\u200b \u200bImp\u00e9rio Serrano, Unidos da Ponte e Unidos de Bangu podem contar com o total apoio do Governo do Estado para superar esse momento dif\u00edcil.\u200b O Carnaval \u00e9 parte da nossa identidade e vamos trabalhar juntos para minimizar os impactos dessa trag\u00e9dia\u200b &#8211; afirmou o governador.<\/p>\n\n\n\n<p>Pelo menos 21 pessoas ficaram feridas no inc\u00eandio que atingiu o im\u00f3vel na Rua Roberto Silva, em Ramos, na Zona Norte do Rio. No total, 12 v\u00edtimas est\u00e3o em estado grave. Entre elas, oito est\u00e3o entubadas, com queimaduras internas.<\/p>\n\n\n\n<p>Foram mobilizados treze quart\u00e9is, com 90 agentes, e 30 viaturas para atuar no resgate das v\u00edtimas e no combate \u00e0s chamas. Os bombeiros trabalharam no rescaldo at\u00e9 as 15h30.<\/p>\n\n\n\n<p>Im\u00f3veis vizinhos \u00e0 f\u00e1brica foram evacuados por precau\u00e7\u00e3o.<\/p>\n\n\n\n<p>Conforme relatado por funcion\u00e1rios da Maximus, a produ\u00e7\u00e3o no local era ininterrupta, com esquema de turnos, por isso, muitos trabalhadores estavam dormindo no local no momento do incidente.<\/p>\n\n\n\n<p>O Minist\u00e9rio P\u00fablico do Trabalho investiga as condi\u00e7\u00f5es de trabalho dos funcion\u00e1rios.<\/p>\n\n\n\n<p>A f\u00e1brica\u00a0\u00e9 a principal fornecedora de fantasias\u00a0para escolas de samba da S\u00e9rie Ouro e da Intendente Magalh\u00e3es e, a poucos dias do Carnaval, a produ\u00e7\u00e3o estava atrasada.<\/p>\n\n\n\n<p>As escolas Imp\u00e9rio Serrano, Unidos de Bangu e Unidos da Ponte, que tiveram toda sua produ\u00e7\u00e3o destru\u00edda, n\u00e3o ser\u00e3o julgadas caso desfilem.<\/p>\n\n\n\n<p>Em S\u00e3o Gon\u00e7alo a Unidos do Porto da Pedra, escola de samba da cidade disse que tamb\u00e9m teve parte de suas fantasias atingidas pelo inc\u00eandio na M\u00e1ximus Confec\u00e7\u00f5es, na Zona Norte do Rio. A escola informou que duas alas, placas e tecidos estavam sendo produzidos no local, e que algumas confec\u00e7\u00f5es seriam entregues ainda hoje. Apesar do susto, a agremia\u00e7\u00e3o afirmou que a maior preocupa\u00e7\u00e3o \u00e9 com a integridade f\u00edsica dos colaboradores que trabalham na produ\u00e7\u00e3o do espet\u00e1culo.<\/p>\n\n\n\n<p>A escola de samba Imp\u00e9rio Serrano tamb\u00e9m teve perdas significativas no inc\u00eandio, com a queima de 70% de suas fantasias. A Maximus Confec\u00e7\u00f5es, respons\u00e1vel pela produ\u00e7\u00e3o das fantasias, foi atingida pelo inc\u00eandio, resultando na perda de prot\u00f3tipos e materiais que seriam usados no desfile.<\/p>\n\n\n\n<p><em>Com informa\u00e7\u00f5es Tupi \/ reportagem Mauro J\u00fanior<\/em><\/p>\n\n\n\n<p><strong><em>S\u00e3o Gon\u00e7alo vai mudar: Not\u00edcias de S\u00e3o Gon\u00e7alo e toda regi\u00e3o.<\/em><\/strong><\/p>\n\n\n\n<figure class=\"wp-block-image size-full\"><img decoding=\"async\" width=\"317\" height=\"110\" src=\"https:\/\/sgvaimudar.com.br\/wp-content\/uploads\/2023\/08\/cropped-Logo-Provisoria-2-2.png\" alt=\"\" class=\"wp-image-2782\" srcset=\"https:\/\/sgvaimudar.com.br\/wp-content\/uploads\/2023\/08\/cropped-Logo-Provisoria-2-2.png 317w, https:\/\/sgvaimudar.com.br\/wp-content\/uploads\/2023\/08\/cropped-Logo-Provisoria-2-2-300x104.png 300w\" sizes=\"(max-width: 317px) 100vw, 317px\" \/><\/figure>\n","protected":false},"excerpt":{"rendered":"<p>A f\u00e1brica n\u00e3o possu\u00eda alvar\u00e1 do Corpo de Bombeiros e foi interditada pela Pol\u00edcia Civil A Pol\u00edcia Civil do Rio&hellip;<\/p>\n","protected":false},"author":5,"featured_media":20228,"comment_status":"open","ping_status":"open","sticky":false,"template":"","format":"standard","meta":{"fifu_image_url":"","fifu_image_alt":"","footnotes":""},"categories":[32],"tags":[47],"class_list":["post-20226","post","type-post","status-publish","format-standard","has-post-thumbnail","hentry","category-casos-de-policia","tag-rj"],"_links":{"self":[{"href":"https:\/\/sgvaimudar.com.br\/index.php\/wp-json\/wp\/v2\/posts\/20226","targetHints":{"allow":["GET"]}}],"collection":[{"href":"https:\/\/sgvaimudar.com.br\/index.php\/wp-json\/wp\/v2\/posts"}],"about":[{"href":"https:\/\/sgvaimudar.com.br\/index.php\/wp-json\/wp\/v2\/types\/post"}],"author":[{"embeddable":true,"href":"https:\/\/sgvaimudar.com.br\/index.php\/wp-json\/wp\/v2\/users\/5"}],"replies":[{"embeddable":true,"href":"https:\/\/sgvaimudar.com.br\/index.php\/wp-json\/wp\/v2\/comments?post=20226"}],"version-history":[{"count":1,"href":"https:\/\/sgvaimudar.com.br\/index.php\/wp-json\/wp\/v2\/posts\/20226\/revisions"}],"predecessor-version":[{"id":20229,"href":"https:\/\/sgvaimudar.com.br\/index.php\/wp-json\/wp\/v2\/posts\/20226\/revisions\/20229"}],"wp:featuredmedia":[{"embeddable":true,"href":"https:\/\/sgvaimudar.com.br\/index.php\/wp-json\/wp\/v2\/media\/20228"}],"wp:attachment":[{"href":"https:\/\/sgvaimudar.com.br\/index.php\/wp-json\/wp\/v2\/media?parent=20226"}],"wp:term":[{"taxonomy":"category","embeddable":true,"href":"https:\/\/sgvaimudar.com.br\/index.php\/wp-json\/wp\/v2\/categories?post=20226"},{"taxonomy":"post_tag","embeddable":true,"href":"https:\/\/sgvaimudar.com.br\/index.php\/wp-json\/wp\/v2\/tags?post=20226"}],"curies":[{"name":"wp","href":"https:\/\/api.w.org\/{rel}","templated":true}]}}