{"id":20143,"date":"2025-02-12T07:30:00","date_gmt":"2025-02-12T10:30:00","guid":{"rendered":"https:\/\/sgvaimudar.com.br\/?p=20143"},"modified":"2025-02-12T07:41:37","modified_gmt":"2025-02-12T10:41:37","slug":"prefeitura-oferece-curso-gratuito-de-saude-vocal-para-professores-da-rede-municipal","status":"publish","type":"post","link":"https:\/\/sgvaimudar.com.br\/index.php\/2025\/02\/12\/prefeitura-oferece-curso-gratuito-de-saude-vocal-para-professores-da-rede-municipal\/","title":{"rendered":"Prefeitura oferece curso gratuito de sa\u00fade vocal para professores da rede municipal"},"content":{"rendered":"\n<p><em>Iniciativa \u00e9 da Funasg, em parceria com a Secretaria de Educa\u00e7\u00e3o<\/em><\/p>\n\n\n\n<p>A Funda\u00e7\u00e3o Municipal de Assist\u00eancia \u00e0 Sa\u00fade dos Servidores de S\u00e3o Gon\u00e7alo (Funasg), em parceria com a Secretaria Municipal de Educa\u00e7\u00e3o, ao visar promover a preserva\u00e7\u00e3o da sa\u00fade vocal e o bem-estar dos professores da rede municipal, est\u00e1 com vagas abertas para um curso gratuito de sa\u00fade vocal, o &#8220;Projeto Provoz Funasg &#8211; Sa\u00fade Vocal do Professor\u201d.<\/p>\n\n\n\n<p>Ao todo, 80 vagas foram disponibilizadas e elas est\u00e3o dividas em 8 turmas, com datas espec\u00edficas de aulas para cada turma. O projeto foi anunciado, inicialmente, na abertura do ano letivo de 2025 da Secretaria de Educa\u00e7\u00e3o, no Teatro Municipal, no dia 3 de fevereiro.<\/p>\n\n\n\n<figure class=\"wp-block-image size-large\"><img fetchpriority=\"high\" decoding=\"async\" width=\"819\" height=\"1024\" src=\"https:\/\/sgvaimudar.com.br\/wp-content\/uploads\/2025\/02\/unnamed-21-819x1024.jpg\" alt=\"\" class=\"wp-image-20144\" srcset=\"https:\/\/sgvaimudar.com.br\/wp-content\/uploads\/2025\/02\/unnamed-21-819x1024.jpg 819w, https:\/\/sgvaimudar.com.br\/wp-content\/uploads\/2025\/02\/unnamed-21-240x300.jpg 240w, https:\/\/sgvaimudar.com.br\/wp-content\/uploads\/2025\/02\/unnamed-21-768x960.jpg 768w, https:\/\/sgvaimudar.com.br\/wp-content\/uploads\/2025\/02\/unnamed-21.jpg 1080w\" sizes=\"(max-width: 819px) 100vw, 819px\" \/><\/figure>\n\n\n\n<p>O Provoz tem o objetivo de promover a preserva\u00e7\u00e3o da sa\u00fade vocal e o bem-estar dos professores, tendo em vista o grande n\u00famero de relatos de problemas vocais enfrentados pelos profissionais devido \u00e0 rotina em sala de aula, o uso inadequado da voz e falta das medidas preventivas necess\u00e1rias. <\/p>\n\n\n\n<p>O projeto visa garantir o acesso dos docentes da rede municipal de S\u00e3o Gon\u00e7alo \u00e0s informa\u00e7\u00f5es e orienta\u00e7\u00f5es sobre padr\u00f5es adequados de fona\u00e7\u00e3o, bem como habilit\u00e1-los quanto ao uso profissional da voz.<\/p>\n\n\n\n<p>O presidente da Funasg, Eug\u00eanio Abreu, destacou a import\u00e2ncia do projeto para os professores. &#8220;A rotina em sala de aula pode causar problemas vocais em alguns professores que n\u00e3o est\u00e3o cientes do uso adequado da voz e das medidas preventivas necess\u00e1rias. Por isso, vamos fornecer aulas com fonoaudi\u00f3logas especializadas que ir\u00e3o ajudar esses profissionais. Come\u00e7aremos as aulas com testes vocais e question\u00e1rios para entender a rotina desses professores, depois realizaremos workshops e treinamentos especializados. Durante os encontros, vamos fornecer tamb\u00e9m folhetos, v\u00eddeos e tutoriais online&#8221;, afirmou o presidente.<\/p>\n\n\n\n<p>O Provoz ter\u00e1 um encontro por semana, com dura\u00e7\u00e3o de uma hora cada, realizados nas escolas ou na sede da Funasg, durante um m\u00eas. O primeiro grupo ter\u00e1 aulas a partir de mar\u00e7o.<\/p>\n\n\n\n<p>Ao todo, ser\u00e3o quatro encontros por grupo:<\/p>\n\n\n\n<p>1\u00aa semana:<\/p>\n\n\n\n<p>Conversa \u201cMitos e Verdades Sobre a Voz\u201d (Temas: produ\u00e7\u00e3o normal da voz e higiene vocal) e grava\u00e7\u00e3o das vozes dos professores;<\/p>\n\n\n\n<p>2\u00aa semana:<\/p>\n\n\n\n<p>Conversa \u201cPatologias Lar\u00edngeas e Sua Consequ\u00eancia na Voz\u201d (Tema: dist\u00farbios vocais) e exerc\u00edcios vocais;<\/p>\n\n\n\n<p>3\u00aa semana:<\/p>\n\n\n\n<p>Oficina de exerc\u00edcios;<\/p>\n\n\n\n<p>4\u00aa semana:<\/p>\n\n\n\n<p>Oficina de exerc\u00edcios e regrava\u00e7\u00e3o das vozes;<\/p>\n\n\n\n<p>Os professores interessados podem se inscrever atrav\u00e9s do link:\u00a0<a rel=\"noreferrer noopener\" href=\"https:\/\/click.cse360.com.br\/Click\/AddCampaignEmailClick\/4934238d-39db-4a59-6dfa-08dd4aa5c864\/https%253a%252f%252fforms.gle%252f8Du7N6KmMmMgU8gh7\/ac66966e-2b55-4484-fb2c-08dc491eed5f\/jornalistaws@gmail.com\/False\" target=\"_blank\">https:\/\/forms.gle\/8Du7N6KmMmMgU8gh7<\/a>. As inscri\u00e7\u00f5es estar\u00e3o abertas at\u00e9 que as vagas sejam totalmente preenchidas.<\/p>\n\n\n\n<p><strong><em>S\u00e3o Gon\u00e7alo vai mudar: Not\u00edcias de S\u00e3o Gon\u00e7alo e toda regi\u00e3o.<\/em><\/strong><\/p>\n\n\n\n<figure class=\"wp-block-image size-full\"><img decoding=\"async\" width=\"317\" height=\"110\" src=\"https:\/\/sgvaimudar.com.br\/wp-content\/uploads\/2023\/08\/cropped-Logo-Provisoria-2-2.png\" alt=\"\" class=\"wp-image-2782\" srcset=\"https:\/\/sgvaimudar.com.br\/wp-content\/uploads\/2023\/08\/cropped-Logo-Provisoria-2-2.png 317w, https:\/\/sgvaimudar.com.br\/wp-content\/uploads\/2023\/08\/cropped-Logo-Provisoria-2-2-300x104.png 300w\" sizes=\"(max-width: 317px) 100vw, 317px\" \/><\/figure>\n","protected":false},"excerpt":{"rendered":"<p>Iniciativa \u00e9 da Funasg, em parceria com a Secretaria de Educa\u00e7\u00e3o A Funda\u00e7\u00e3o Municipal de Assist\u00eancia \u00e0 Sa\u00fade dos Servidores&hellip;<\/p>\n","protected":false},"author":5,"featured_media":5359,"comment_status":"open","ping_status":"open","sticky":false,"template":"","format":"standard","meta":{"fifu_image_url":"","fifu_image_alt":"","footnotes":""},"categories":[3],"tags":[47,75],"class_list":["post-20143","post","type-post","status-publish","format-standard","has-post-thumbnail","hentry","category-sao-goncalo","tag-rj","tag-sao-goncalo"],"_links":{"self":[{"href":"https:\/\/sgvaimudar.com.br\/index.php\/wp-json\/wp\/v2\/posts\/20143","targetHints":{"allow":["GET"]}}],"collection":[{"href":"https:\/\/sgvaimudar.com.br\/index.php\/wp-json\/wp\/v2\/posts"}],"about":[{"href":"https:\/\/sgvaimudar.com.br\/index.php\/wp-json\/wp\/v2\/types\/post"}],"author":[{"embeddable":true,"href":"https:\/\/sgvaimudar.com.br\/index.php\/wp-json\/wp\/v2\/users\/5"}],"replies":[{"embeddable":true,"href":"https:\/\/sgvaimudar.com.br\/index.php\/wp-json\/wp\/v2\/comments?post=20143"}],"version-history":[{"count":2,"href":"https:\/\/sgvaimudar.com.br\/index.php\/wp-json\/wp\/v2\/posts\/20143\/revisions"}],"predecessor-version":[{"id":20146,"href":"https:\/\/sgvaimudar.com.br\/index.php\/wp-json\/wp\/v2\/posts\/20143\/revisions\/20146"}],"wp:featuredmedia":[{"embeddable":true,"href":"https:\/\/sgvaimudar.com.br\/index.php\/wp-json\/wp\/v2\/media\/5359"}],"wp:attachment":[{"href":"https:\/\/sgvaimudar.com.br\/index.php\/wp-json\/wp\/v2\/media?parent=20143"}],"wp:term":[{"taxonomy":"category","embeddable":true,"href":"https:\/\/sgvaimudar.com.br\/index.php\/wp-json\/wp\/v2\/categories?post=20143"},{"taxonomy":"post_tag","embeddable":true,"href":"https:\/\/sgvaimudar.com.br\/index.php\/wp-json\/wp\/v2\/tags?post=20143"}],"curies":[{"name":"wp","href":"https:\/\/api.w.org\/{rel}","templated":true}]}}