{"id":20099,"date":"2025-02-11T12:00:00","date_gmt":"2025-02-11T15:00:00","guid":{"rendered":"https:\/\/sgvaimudar.com.br\/?p=20099"},"modified":"2025-02-11T08:59:14","modified_gmt":"2025-02-11T11:59:14","slug":"padaria-escola-realiza-aula-inaugural-das-novas-turmas-de-2025","status":"publish","type":"post","link":"https:\/\/sgvaimudar.com.br\/index.php\/2025\/02\/11\/padaria-escola-realiza-aula-inaugural-das-novas-turmas-de-2025\/","title":{"rendered":"Padaria Escola realiza aula inaugural das novas turmas de 2025"},"content":{"rendered":"\n<p><em>Curso de Panifica\u00e7\u00e3o tem dura\u00e7\u00e3o de quatro meses<\/em><\/p>\n\n\n\n<p>As novas turmas do IX Ciclo do Curso de Panifica\u00e7\u00e3o B\u00e1sica foram iniciadas nesta segunda-feira (10). A aula inaugural foi realizada no turno da manh\u00e3, das 9h \u00e0s 12h, e no turno da tarde, das 13h \u00e0s 16h, na Padaria Escola, que fica no CRAS de Vista Alegre. A capacita\u00e7\u00e3o \u00e9 de gra\u00e7a e tem a dura\u00e7\u00e3o de quatro meses.<\/p>\n\n\n\n<p>O curso, com mais de 400 panificadores formados, visa promover a qualifica\u00e7\u00e3o profissional como forma de facilitar a entrada no mercado de trabalho e a gera\u00e7\u00e3o de emprego e renda. A forma\u00e7\u00e3o \u00e9 promovida pela Prefeitura de S\u00e3o Gon\u00e7alo, por meio da Secretaria de Assist\u00eancia Social, atrav\u00e9s da Subsecretaria de Prote\u00e7\u00e3o Social B\u00e1sica, em parceria com o Programa Nacional de Promo\u00e7\u00e3o ao Acesso ao Mundo do Trabalho (Acessuas), do Governo Federal.<\/p>\n\n\n\n<p>As aulas s\u00e3o ministradas pelo professor Cl\u00e1udio M\u00e1rcio Marinho e os alunos ir\u00e3o aprender, primeiramente, sobre a higieniza\u00e7\u00e3o adequada, conhecer os maquin\u00e1rios e a import\u00e2ncia dos ingredientes. Depois, ir\u00e3o iniciar a produ\u00e7\u00e3o de biscoitos, sonhos, p\u00e3es salgados e doces variados, al\u00e9m de ensinamentos sobre empreendedorismo.<\/p>\n\n\n\n<p>M\u00e1rcia Ferreira, de 45 anos, \u00e9 moradora do bairro Coelho e soube do curso atrav\u00e9s das redes sociais da Prefeitura. \u201cAp\u00f3s ver na p\u00e1gina da Prefeitura, resolvi me inscrever, pois j\u00e1 trabalho produzindo salgados e gostaria de agregar conhecimento ao meu neg\u00f3cio e montar um card\u00e1pio ainda mais rico para os clientes\u201d, relatou a moradora.<\/p>\n\n\n\n<p>As aulas do curso de panifica\u00e7\u00e3o b\u00e1sica ocorrem \u00e0s segundas e ter\u00e7as, com turmas no hor\u00e1rios no per\u00edodo da manh\u00e3 (9h \u00e0s 12h) e no per\u00edodo da tarde (das 13h \u00e0s 16h).<\/p>\n\n\n\n<p><em>Foto: Fabio Guimar\u00e3es<\/em><\/p>\n\n\n\n<p><strong><em>S\u00e3o Gon\u00e7alo vai mudar: Not\u00edcias de S\u00e3o Gon\u00e7alo e toda regi\u00e3o.<\/em><\/strong><\/p>\n\n\n\n<figure class=\"wp-block-image size-full\"><img decoding=\"async\" width=\"317\" height=\"110\" src=\"https:\/\/sgvaimudar.com.br\/wp-content\/uploads\/2023\/08\/cropped-Logo-Provisoria-2-2.png\" alt=\"\" class=\"wp-image-2782\" srcset=\"https:\/\/sgvaimudar.com.br\/wp-content\/uploads\/2023\/08\/cropped-Logo-Provisoria-2-2.png 317w, https:\/\/sgvaimudar.com.br\/wp-content\/uploads\/2023\/08\/cropped-Logo-Provisoria-2-2-300x104.png 300w\" sizes=\"(max-width: 317px) 100vw, 317px\" \/><\/figure>\n","protected":false},"excerpt":{"rendered":"<p>Curso de Panifica\u00e7\u00e3o tem dura\u00e7\u00e3o de quatro meses As novas turmas do IX Ciclo do Curso de Panifica\u00e7\u00e3o B\u00e1sica foram&hellip;<\/p>\n","protected":false},"author":5,"featured_media":20100,"comment_status":"open","ping_status":"open","sticky":false,"template":"","format":"standard","meta":{"fifu_image_url":"","fifu_image_alt":"","footnotes":""},"categories":[3],"tags":[47,75],"class_list":["post-20099","post","type-post","status-publish","format-standard","has-post-thumbnail","hentry","category-sao-goncalo","tag-rj","tag-sao-goncalo"],"_links":{"self":[{"href":"https:\/\/sgvaimudar.com.br\/index.php\/wp-json\/wp\/v2\/posts\/20099","targetHints":{"allow":["GET"]}}],"collection":[{"href":"https:\/\/sgvaimudar.com.br\/index.php\/wp-json\/wp\/v2\/posts"}],"about":[{"href":"https:\/\/sgvaimudar.com.br\/index.php\/wp-json\/wp\/v2\/types\/post"}],"author":[{"embeddable":true,"href":"https:\/\/sgvaimudar.com.br\/index.php\/wp-json\/wp\/v2\/users\/5"}],"replies":[{"embeddable":true,"href":"https:\/\/sgvaimudar.com.br\/index.php\/wp-json\/wp\/v2\/comments?post=20099"}],"version-history":[{"count":1,"href":"https:\/\/sgvaimudar.com.br\/index.php\/wp-json\/wp\/v2\/posts\/20099\/revisions"}],"predecessor-version":[{"id":20101,"href":"https:\/\/sgvaimudar.com.br\/index.php\/wp-json\/wp\/v2\/posts\/20099\/revisions\/20101"}],"wp:featuredmedia":[{"embeddable":true,"href":"https:\/\/sgvaimudar.com.br\/index.php\/wp-json\/wp\/v2\/media\/20100"}],"wp:attachment":[{"href":"https:\/\/sgvaimudar.com.br\/index.php\/wp-json\/wp\/v2\/media?parent=20099"}],"wp:term":[{"taxonomy":"category","embeddable":true,"href":"https:\/\/sgvaimudar.com.br\/index.php\/wp-json\/wp\/v2\/categories?post=20099"},{"taxonomy":"post_tag","embeddable":true,"href":"https:\/\/sgvaimudar.com.br\/index.php\/wp-json\/wp\/v2\/tags?post=20099"}],"curies":[{"name":"wp","href":"https:\/\/api.w.org\/{rel}","templated":true}]}}