{"id":20095,"date":"2025-02-11T11:59:00","date_gmt":"2025-02-11T14:59:00","guid":{"rendered":"https:\/\/sgvaimudar.com.br\/?p=20095"},"modified":"2025-02-11T08:52:11","modified_gmt":"2025-02-11T11:52:11","slug":"traficante-e-preso-em-itaipu-em-niteroi","status":"publish","type":"post","link":"https:\/\/sgvaimudar.com.br\/index.php\/2025\/02\/11\/traficante-e-preso-em-itaipu-em-niteroi\/","title":{"rendered":"Traficante \u00e9 preso em Itaipu, em Niter\u00f3i"},"content":{"rendered":"\n<p><em>Homem tem oito anota\u00e7\u00f5es criminais, uma delas por homic\u00eddio<\/em><\/p>\n\n\n\n<p>Um homem de 38 anos foi preso nesta segunda-feira (10) por policiais do Niter\u00f3i Presente durante uma abordagem na Avenida Ewerton Xavier da Costa, em Itaipu, na Regi\u00e3o Oce\u00e2nica da cidade. Ele tinha um mandado em aberto por tr\u00e1fico de drogas e outras oito anota\u00e7\u00f5es criminais.<\/p>\n\n\n\n<p>Os agentes realizavam uma opera\u00e7\u00e3o de rotina quando pararam um carro com quatro ocupantes. Durante a abordagem, nada de il\u00edcito foi encontrado no ve\u00edculo, mas, ao consultarem o sistema policial, os agentes identificaram o mandado de pris\u00e3o contra um dos passageiros.<\/p>\n\n\n\n<p>O suspeito j\u00e1 tinha passagem com algumas anota\u00e7\u00f5es criminais como furto, homic\u00eddio, roubo, tr\u00e1fico de drogas e associa\u00e7\u00e3o para o tr\u00e1fico. Diante da situa\u00e7\u00e3o, ele foi encaminhado para a 81\u00aa DP (Itaipu), onde permaneceu preso \u00e0 disposi\u00e7\u00e3o da Justi\u00e7a.<\/p>\n\n\n\n<p><em>Fonte enfoco<\/em><\/p>\n\n\n\n<figure class=\"wp-block-image size-full\"><img decoding=\"async\" width=\"317\" height=\"110\" src=\"https:\/\/sgvaimudar.com.br\/wp-content\/uploads\/2023\/08\/cropped-Logo-Provisoria-2-2.png\" alt=\"\" class=\"wp-image-2782\" srcset=\"https:\/\/sgvaimudar.com.br\/wp-content\/uploads\/2023\/08\/cropped-Logo-Provisoria-2-2.png 317w, https:\/\/sgvaimudar.com.br\/wp-content\/uploads\/2023\/08\/cropped-Logo-Provisoria-2-2-300x104.png 300w\" sizes=\"(max-width: 317px) 100vw, 317px\" \/><\/figure>\n","protected":false},"excerpt":{"rendered":"<p>Homem tem oito anota\u00e7\u00f5es criminais, uma delas por homic\u00eddio Um homem de 38 anos foi preso nesta segunda-feira (10) por&hellip;<\/p>\n","protected":false},"author":5,"featured_media":20096,"comment_status":"open","ping_status":"open","sticky":false,"template":"","format":"standard","meta":{"fifu_image_url":"","fifu_image_alt":"","footnotes":""},"categories":[32],"tags":[39,47],"class_list":["post-20095","post","type-post","status-publish","format-standard","has-post-thumbnail","hentry","category-casos-de-policia","tag-ataque","tag-rj"],"_links":{"self":[{"href":"https:\/\/sgvaimudar.com.br\/index.php\/wp-json\/wp\/v2\/posts\/20095","targetHints":{"allow":["GET"]}}],"collection":[{"href":"https:\/\/sgvaimudar.com.br\/index.php\/wp-json\/wp\/v2\/posts"}],"about":[{"href":"https:\/\/sgvaimudar.com.br\/index.php\/wp-json\/wp\/v2\/types\/post"}],"author":[{"embeddable":true,"href":"https:\/\/sgvaimudar.com.br\/index.php\/wp-json\/wp\/v2\/users\/5"}],"replies":[{"embeddable":true,"href":"https:\/\/sgvaimudar.com.br\/index.php\/wp-json\/wp\/v2\/comments?post=20095"}],"version-history":[{"count":2,"href":"https:\/\/sgvaimudar.com.br\/index.php\/wp-json\/wp\/v2\/posts\/20095\/revisions"}],"predecessor-version":[{"id":20098,"href":"https:\/\/sgvaimudar.com.br\/index.php\/wp-json\/wp\/v2\/posts\/20095\/revisions\/20098"}],"wp:featuredmedia":[{"embeddable":true,"href":"https:\/\/sgvaimudar.com.br\/index.php\/wp-json\/wp\/v2\/media\/20096"}],"wp:attachment":[{"href":"https:\/\/sgvaimudar.com.br\/index.php\/wp-json\/wp\/v2\/media?parent=20095"}],"wp:term":[{"taxonomy":"category","embeddable":true,"href":"https:\/\/sgvaimudar.com.br\/index.php\/wp-json\/wp\/v2\/categories?post=20095"},{"taxonomy":"post_tag","embeddable":true,"href":"https:\/\/sgvaimudar.com.br\/index.php\/wp-json\/wp\/v2\/tags?post=20095"}],"curies":[{"name":"wp","href":"https:\/\/api.w.org\/{rel}","templated":true}]}}