{"id":20056,"date":"2025-02-10T19:00:00","date_gmt":"2025-02-10T22:00:00","guid":{"rendered":"https:\/\/sgvaimudar.com.br\/?p=20056"},"modified":"2025-02-10T10:02:07","modified_gmt":"2025-02-10T13:02:07","slug":"marica-jovem-desaparece-apos-mergulho-na-praia-de-itaipuacu","status":"publish","type":"post","link":"https:\/\/sgvaimudar.com.br\/index.php\/2025\/02\/10\/marica-jovem-desaparece-apos-mergulho-na-praia-de-itaipuacu\/","title":{"rendered":"Maric\u00e1: Jovem desaparece ap\u00f3s mergulho na praia de Itaipua\u00e7u"},"content":{"rendered":"\n<p><em>O caso ocorreu nas proximidades da Avenida Zumbi dos Palmares (antiga Avenida Um)<\/em><\/p>\n\n\n\n<p>Um jovem, ainda n\u00e3o identificado, desapareceu na manh\u00e3 deste domingo (9) ap\u00f3s entrar no mar para um mergulho na praia de Itaipua\u00e7u, em Maric\u00e1. O caso ocorreu nas proximidades da Avenida Zumbi dos Palmares (antiga Avenida Um), regi\u00e3o bastante frequentada por banhistas.<\/p>\n\n\n\n<p>Assim que o desaparecimento foi constatado, equipes de Salva-vidas foram acionadas e iniciaram as buscas no local. O 4\u00ba Grupamento Mar\u00edtimo (GMAR) tamb\u00e9m foi mobilizado para refor\u00e7ar os trabalhos de localiza\u00e7\u00e3o do jovem, intensificando as opera\u00e7\u00f5es na \u00e1rea.<\/p>\n\n\n\n<p>As buscas contam com mergulhadores especializados e embarca\u00e7\u00f5es de apoio, que vasculham a regi\u00e3o na esperan\u00e7a de encontrar o jovem.<\/p>\n\n\n\n<p><strong><em>S\u00e3o Gon\u00e7alo vai mudar: Not\u00edcias de S\u00e3o Gon\u00e7alo e toda regi\u00e3o.<\/em><\/strong><\/p>\n\n\n\n<figure class=\"wp-block-image size-full\"><img decoding=\"async\" width=\"317\" height=\"110\" src=\"https:\/\/sgvaimudar.com.br\/wp-content\/uploads\/2023\/08\/cropped-Logo-Provisoria-2-2.png\" alt=\"\" class=\"wp-image-2782\" srcset=\"https:\/\/sgvaimudar.com.br\/wp-content\/uploads\/2023\/08\/cropped-Logo-Provisoria-2-2.png 317w, https:\/\/sgvaimudar.com.br\/wp-content\/uploads\/2023\/08\/cropped-Logo-Provisoria-2-2-300x104.png 300w\" sizes=\"(max-width: 317px) 100vw, 317px\" \/><\/figure>\n","protected":false},"excerpt":{"rendered":"<p>O caso ocorreu nas proximidades da Avenida Zumbi dos Palmares (antiga Avenida Um) Um jovem, ainda n\u00e3o identificado, desapareceu na&hellip;<\/p>\n","protected":false},"author":5,"featured_media":20057,"comment_status":"open","ping_status":"open","sticky":false,"template":"","format":"standard","meta":{"fifu_image_url":"","fifu_image_alt":"","footnotes":""},"categories":[32],"tags":[47],"class_list":["post-20056","post","type-post","status-publish","format-standard","has-post-thumbnail","hentry","category-casos-de-policia","tag-rj"],"_links":{"self":[{"href":"https:\/\/sgvaimudar.com.br\/index.php\/wp-json\/wp\/v2\/posts\/20056","targetHints":{"allow":["GET"]}}],"collection":[{"href":"https:\/\/sgvaimudar.com.br\/index.php\/wp-json\/wp\/v2\/posts"}],"about":[{"href":"https:\/\/sgvaimudar.com.br\/index.php\/wp-json\/wp\/v2\/types\/post"}],"author":[{"embeddable":true,"href":"https:\/\/sgvaimudar.com.br\/index.php\/wp-json\/wp\/v2\/users\/5"}],"replies":[{"embeddable":true,"href":"https:\/\/sgvaimudar.com.br\/index.php\/wp-json\/wp\/v2\/comments?post=20056"}],"version-history":[{"count":1,"href":"https:\/\/sgvaimudar.com.br\/index.php\/wp-json\/wp\/v2\/posts\/20056\/revisions"}],"predecessor-version":[{"id":20058,"href":"https:\/\/sgvaimudar.com.br\/index.php\/wp-json\/wp\/v2\/posts\/20056\/revisions\/20058"}],"wp:featuredmedia":[{"embeddable":true,"href":"https:\/\/sgvaimudar.com.br\/index.php\/wp-json\/wp\/v2\/media\/20057"}],"wp:attachment":[{"href":"https:\/\/sgvaimudar.com.br\/index.php\/wp-json\/wp\/v2\/media?parent=20056"}],"wp:term":[{"taxonomy":"category","embeddable":true,"href":"https:\/\/sgvaimudar.com.br\/index.php\/wp-json\/wp\/v2\/categories?post=20056"},{"taxonomy":"post_tag","embeddable":true,"href":"https:\/\/sgvaimudar.com.br\/index.php\/wp-json\/wp\/v2\/tags?post=20056"}],"curies":[{"name":"wp","href":"https:\/\/api.w.org\/{rel}","templated":true}]}}