{"id":20029,"date":"2025-02-10T10:00:00","date_gmt":"2025-02-10T13:00:00","guid":{"rendered":"https:\/\/sgvaimudar.com.br\/?p=20029"},"modified":"2025-02-10T08:25:45","modified_gmt":"2025-02-10T11:25:45","slug":"goncalenses-celebram-17a-edicao-do-presente-de-iemanja-na-praia-das-pedrinhas","status":"publish","type":"post","link":"https:\/\/sgvaimudar.com.br\/index.php\/2025\/02\/10\/goncalenses-celebram-17a-edicao-do-presente-de-iemanja-na-praia-das-pedrinhas\/","title":{"rendered":"Gon\u00e7alenses celebram 17\u00aa edi\u00e7\u00e3o do Presente de Iemanj\u00e1 na Praia das Pedrinhas\u00a0"},"content":{"rendered":"\n<p><em>Evento comemora a rica tradi\u00e7\u00e3o dos povos de matriz africana<\/em><\/p>\n\n\n\n<p>Centenas de pessoas estiveram presentes na 17\u00aa edi\u00e7\u00e3o do Presente de Iemanj\u00e1, evento gratuito realizado na Praia das Pedrinhas, neste domingo (9). O evento teve in\u00edcio nesta manh\u00e3 e segue com atra\u00e7\u00f5es at\u00e9 o final do dia.<\/p>\n\n\n\n<p>O Presente de Iemanj\u00e1 celebra a rica tradi\u00e7\u00e3o dos povos de matriz africana, sendo uma manifesta\u00e7\u00e3o cultural e religiosa que tem o apoio da Secretaria de Turismo e Cultura da Prefeitura de S\u00e3o Gon\u00e7alo, tendo sido comtemplado pela Lei Aldir Blanc.<\/p>\n\n\n\n<figure class=\"wp-block-image size-full\"><img fetchpriority=\"high\" decoding=\"async\" width=\"1024\" height=\"681\" src=\"https:\/\/sgvaimudar.com.br\/wp-content\/uploads\/2025\/02\/unnamed-6-5.jpg\" alt=\"\" class=\"wp-image-20030\" srcset=\"https:\/\/sgvaimudar.com.br\/wp-content\/uploads\/2025\/02\/unnamed-6-5.jpg 1024w, https:\/\/sgvaimudar.com.br\/wp-content\/uploads\/2025\/02\/unnamed-6-5-300x200.jpg 300w, https:\/\/sgvaimudar.com.br\/wp-content\/uploads\/2025\/02\/unnamed-6-5-768x511.jpg 768w\" sizes=\"(max-width: 1024px) 100vw, 1024px\" \/><\/figure>\n\n\n\n<p>Um dos momentos mais especiais do dia aconteceu pouco depois das 11h, quando um barco com presentes para Iemanj\u00e1 e pedido dos religiosos foi colocado no mar ap\u00f3s uma prociss\u00e3o.<\/p>\n\n\n\n<p>Criado em 2007 por iniciativa de M\u00e3e M\u00e1rcia D\u2019Oxum durante uma confer\u00eancia de cultura, o evento nasceu do desejo de homenagear Iemanj\u00e1 com um presente sustent\u00e1vel e respeitoso \u00e0 natureza, enquanto promove a mem\u00f3ria ancestral e celebra uma das divindades mais populares do Brasil. Comemorado no dia 2 de fevereiro, o Dia de Iemanj\u00e1 recebe a manifesta\u00e7\u00e3o de f\u00e9 sempre no primeiro domingo ap\u00f3s o dia 2 em S\u00e3o Gon\u00e7alo.<\/p>\n\n\n\n<p>A secret\u00e1ria de Turismo e Cultura, Julia Sobreira, esteve no evento e destacou a import\u00e2ncia da diversidade cultural para o munic\u00edpio. &#8220;A Secretaria de Cultura fica muito feliz em apoiar o 17\u00b0 Presente de Iemanj\u00e1. Sabemos que \u00e9 uma festa tradicional na cidade e \u00e9 uma manifesta\u00e7\u00e3o cultural muito importante para n\u00f3s. O papel da secretaria \u00e9 dar espa\u00e7o para que todas as manifesta\u00e7\u00f5es culturais de S\u00e3o Gon\u00e7alo possam se apresentar. Esse projeto foi contemplado pela Lei Aldir Blanc, em um edital de R$ 100 mil. Hoje \u00e9 mais uma materializa\u00e7\u00e3o dessas pol\u00edticas p\u00fablicas de fomento que conseguem espalhar cultura pela cidade toda&#8221;, disse.<\/p>\n\n\n\n<p>A programa\u00e7\u00e3o da 17\u00aa edi\u00e7\u00e3o do evento contou, pela manh\u00e3 com o Xir\u00ea, a prociss\u00e3o do Presente de Iemanj\u00e1, com um barco sendo levado pelos fi\u00e9is at\u00e9 a \u00e1gua da praia. Depois disso, o evento segue durante todo o dia com apresenta\u00e7\u00f5es culturais como de Folia de Reis, do Bloco Afro, Afox\u00e9 Orunmila, Afox\u00e9 Tuala Bumoxi, Afox\u00e9 Ara Omi, apresenta\u00e7\u00e3o da Banda de Forr\u00f3 Seu Ivo, de Emerson Rodrigues, Quel, Samba com Bruno Paiva e Grupo Awure, al\u00e9m de feira de artesanato e gastronomia tradicional de matriz africana.<\/p>\n\n\n\n<p>A enfermeira Patr\u00edcia Caetano, de 45 anos, que segue a na\u00e7\u00e3o de Ketu, participa do evento anual h\u00e1 cinco anos e afirma que ele proporciona socializa\u00e7\u00e3o. &#8220;Estamos todos unificados, juntos, partilhando, compartilhando ideias e informa\u00e7\u00f5es. Trazemos tamb\u00e9m simpatizantes de outras religi\u00f5es para esse evento e acontece assim uma socializa\u00e7\u00e3o. Desejamos aqui coisas boas para todos e at\u00e9 para os nossos irm\u00e3os de outras religi\u00f5es. Iemanj\u00e1 \u00e9 a m\u00e3e do mar e, por isso, colocamos oferendas no barco, com doces, flores, joias e perfumes, para ofertar para ela e colocamos pedidos tamb\u00e9m para o nosso mundo. O barco \u00e9 uma simbologia, o que importa s\u00e3o nossos bons sentimentos e boas energias depositados ali&#8221;, afirmou.<\/p>\n\n\n\n<p>O Presente de Iemanj\u00e1 atrai pessoas de todos os lugares do Rio. \u00c9 o caso de Pai Carlinhos de Oxal\u00e1, morador de Mesquita, que frequenta o evento em S\u00e3o Gon\u00e7alo desde o in\u00edcio. &#8220;Nosso evento acontece sempre em fevereiro. O evento tem a parte religiosa, que \u00e9 fundamental e nos une, e depois tem os eventos culturais, com show e m\u00fasica para relaxar e curtir. Estarmos realizando esse evento h\u00e1 17 anos \u00e9 um marco, uma quest\u00e3o de reconhecimento, que estamos aqui, que nossa energia \u00e9 verdadeira, que a cultura dos nosso ancestrais est\u00e1 sendo perpetuada e que vai continuar por muitos anos&#8221;, disse ele, que tem 53 anos.<\/p>\n\n\n\n<p>O evento contou com o apoio da Secretaria de Ordem P\u00fablica da Prefeitura de S\u00e3o Gon\u00e7alo, com equipes da Guarda Municipal.&nbsp;<\/p>\n\n\n\n<p><em>Fotos: Julio Diniz<\/em><\/p>\n\n\n\n<p><strong><em>S\u00e3o Gon\u00e7alo vai mudar: Not\u00edcias de S\u00e3o Gon\u00e7alo e toda regi\u00e3o.<\/em><\/strong><\/p>\n\n\n\n<figure class=\"wp-block-image size-full\"><img decoding=\"async\" width=\"317\" height=\"110\" src=\"https:\/\/sgvaimudar.com.br\/wp-content\/uploads\/2023\/08\/cropped-Logo-Provisoria-2-2.png\" alt=\"\" class=\"wp-image-2782\" srcset=\"https:\/\/sgvaimudar.com.br\/wp-content\/uploads\/2023\/08\/cropped-Logo-Provisoria-2-2.png 317w, https:\/\/sgvaimudar.com.br\/wp-content\/uploads\/2023\/08\/cropped-Logo-Provisoria-2-2-300x104.png 300w\" sizes=\"(max-width: 317px) 100vw, 317px\" \/><\/figure>\n","protected":false},"excerpt":{"rendered":"<p>Evento comemora a rica tradi\u00e7\u00e3o dos povos de matriz africana Centenas de pessoas estiveram presentes na 17\u00aa edi\u00e7\u00e3o do Presente&hellip;<\/p>\n","protected":false},"author":5,"featured_media":20031,"comment_status":"open","ping_status":"open","sticky":false,"template":"","format":"standard","meta":{"fifu_image_url":"","fifu_image_alt":"","footnotes":""},"categories":[3],"tags":[47,75],"class_list":["post-20029","post","type-post","status-publish","format-standard","has-post-thumbnail","hentry","category-sao-goncalo","tag-rj","tag-sao-goncalo"],"_links":{"self":[{"href":"https:\/\/sgvaimudar.com.br\/index.php\/wp-json\/wp\/v2\/posts\/20029","targetHints":{"allow":["GET"]}}],"collection":[{"href":"https:\/\/sgvaimudar.com.br\/index.php\/wp-json\/wp\/v2\/posts"}],"about":[{"href":"https:\/\/sgvaimudar.com.br\/index.php\/wp-json\/wp\/v2\/types\/post"}],"author":[{"embeddable":true,"href":"https:\/\/sgvaimudar.com.br\/index.php\/wp-json\/wp\/v2\/users\/5"}],"replies":[{"embeddable":true,"href":"https:\/\/sgvaimudar.com.br\/index.php\/wp-json\/wp\/v2\/comments?post=20029"}],"version-history":[{"count":1,"href":"https:\/\/sgvaimudar.com.br\/index.php\/wp-json\/wp\/v2\/posts\/20029\/revisions"}],"predecessor-version":[{"id":20032,"href":"https:\/\/sgvaimudar.com.br\/index.php\/wp-json\/wp\/v2\/posts\/20029\/revisions\/20032"}],"wp:featuredmedia":[{"embeddable":true,"href":"https:\/\/sgvaimudar.com.br\/index.php\/wp-json\/wp\/v2\/media\/20031"}],"wp:attachment":[{"href":"https:\/\/sgvaimudar.com.br\/index.php\/wp-json\/wp\/v2\/media?parent=20029"}],"wp:term":[{"taxonomy":"category","embeddable":true,"href":"https:\/\/sgvaimudar.com.br\/index.php\/wp-json\/wp\/v2\/categories?post=20029"},{"taxonomy":"post_tag","embeddable":true,"href":"https:\/\/sgvaimudar.com.br\/index.php\/wp-json\/wp\/v2\/tags?post=20029"}],"curies":[{"name":"wp","href":"https:\/\/api.w.org\/{rel}","templated":true}]}}