{"id":20026,"date":"2025-02-10T09:59:00","date_gmt":"2025-02-10T12:59:00","guid":{"rendered":"https:\/\/sgvaimudar.com.br\/?p=20026"},"modified":"2025-02-10T08:20:07","modified_gmt":"2025-02-10T11:20:07","slug":"pm-apreende-adolescente-envolvido-com-o-trafico-de-drogas-em-niteroi","status":"publish","type":"post","link":"https:\/\/sgvaimudar.com.br\/index.php\/2025\/02\/10\/pm-apreende-adolescente-envolvido-com-o-trafico-de-drogas-em-niteroi\/","title":{"rendered":"PM apreende adolescente envolvido com o tr\u00e1fico de drogas em Niter\u00f3i"},"content":{"rendered":"\n<p><em>Com informa\u00e7\u00f5es do Disque Den\u00fancia foi poss\u00edvel encontrar o menor acusado de integrar o tr\u00e1fico de drogas\u00a0<\/em><\/p>\n\n\n\n<p>Mais um menor de idade foi apreendido durante a\u00e7\u00e3o da Pol\u00edcia Militar de repress\u00e3o ao tr\u00e1fico de drogas em Niter\u00f3i. Na quarta-feira (5), agentes do 12\u00ba BPM estiveram no Morro do Estado, em S\u00e3o Domingos, Zona Sul da cidade, onde um adolescente de 16 anos foi flagrado em uma boca de fumo.<\/p>\n\n\n\n<p>A a\u00e7\u00e3o da PM ocorreu por volta das 9h, ap\u00f3s homens do Grupamento de A\u00e7\u00f5es T\u00e1ticas (GAT) receberem uma informa\u00e7\u00e3o do Disque Den\u00fancia apontando as atividades do tr\u00e1fico de drogas na comunidade. Quando chegaram na rua Padre Anchieta, os policiais se depararam com dois suspeitos, entre eles o rapaz. <\/p>\n\n\n\n<p>Ao abord\u00e1-los, eles verificaram que ambos estavam portando um r\u00e1dio transmissor, usado na pr\u00e1tica do crime de tr\u00e1fico de drogas. Ao prosseguir no terreno, os agentes encontraram um homem em atitude suspeita. Ap\u00f3s ser revistado, foi encontrado pr\u00f3ximo a ele uma sacola contendo uma pistola Stoeger STR-9 calibre 9 mm com numera\u00e7\u00e3o suprimida e uma pistola Glock G 17 calibre 9 mm. <\/p>\n\n\n\n<p>Al\u00e9m disso, foram apreendidos sete carregadores de pistolas, 64 muni\u00e7\u00f5es calibre 9 mm, tr\u00eas r\u00e1dios transmissores, 651 trouxinhas de maconha, 547 pedras de crack, 189 pinos de coca\u00edna e R$ 116 em esp\u00e9cie. O jovem apreendido n\u00e3o tinha anota\u00e7\u00e3o criminal e foi encaminhado para a Delegacia de Prote\u00e7\u00e3o \u00e0 Crian\u00e7a e ao Adolescente (DPCA) de Niter\u00f3i, onde vai responder por fato an\u00e1logo ao tr\u00e1fico de drogas. <\/p>\n\n\n\n<p>Os dois presos, de 26 e 34 anos, foram levados para a 76\u00aa DP (Centro), onde foram autuados em flagrante pelo crime de tr\u00e1fico de drogas. Juntos, eles t\u00eam quatro passagens pela pol\u00edcia, pelos crimes de furto, roubo, porte ilegal de arma de uso permitido e tr\u00e1fico de drogas.<\/p>\n\n\n\n<p>Durante o patrulhamento pela localidade, \u00e1rea de ocupa\u00e7\u00e3o da fac\u00e7\u00e3o criminosa Comando Vermelho (CV), os agentes avistaram homens em atitude suspeita. Ao notarem a presen\u00e7a dos policiais, eles fugiram, mas acabaram sendo detidos ap\u00f3s cerco t\u00e1tico.<br>Um deles tem 43 anos. Os outros s\u00e3o menores de idade, dois com 17 anos e um com 15. Eles estavam com 354 inv\u00f3lucros de maconha, 74 pinos de coca\u00edna, 73 trouxinhas de skunk, 56 pedras de crack, tr\u00eas r\u00e1dio transmissores e R$ 40 em esp\u00e9cie. O caso foi registrado na 76\u00aa DP (Centro de Niter\u00f3i), onde o homem foi autuado por tr\u00e1fico de drogas. J\u00e1 os adolescentes v\u00e3o responder por fato an\u00e1logo ao tr\u00e1fico de drogas.<\/p>\n\n\n\n<p><strong><em>S\u00e3o Gon\u00e7alo vai mudar: Not\u00edcias de S\u00e3o Gon\u00e7alo e toda regi\u00e3o.<\/em><\/strong><\/p>\n\n\n\n<figure class=\"wp-block-image size-full\"><img decoding=\"async\" width=\"317\" height=\"110\" src=\"https:\/\/sgvaimudar.com.br\/wp-content\/uploads\/2023\/08\/cropped-Logo-Provisoria-2-2.png\" alt=\"\" class=\"wp-image-2782\" srcset=\"https:\/\/sgvaimudar.com.br\/wp-content\/uploads\/2023\/08\/cropped-Logo-Provisoria-2-2.png 317w, https:\/\/sgvaimudar.com.br\/wp-content\/uploads\/2023\/08\/cropped-Logo-Provisoria-2-2-300x104.png 300w\" sizes=\"(max-width: 317px) 100vw, 317px\" \/><\/figure>\n","protected":false},"excerpt":{"rendered":"<p>Com informa\u00e7\u00f5es do Disque Den\u00fancia foi poss\u00edvel encontrar o menor acusado de integrar o tr\u00e1fico de drogas\u00a0 Mais um menor&hellip;<\/p>\n","protected":false},"author":5,"featured_media":20027,"comment_status":"open","ping_status":"open","sticky":false,"template":"","format":"standard","meta":{"fifu_image_url":"","fifu_image_alt":"","footnotes":""},"categories":[32],"tags":[47],"class_list":["post-20026","post","type-post","status-publish","format-standard","has-post-thumbnail","hentry","category-casos-de-policia","tag-rj"],"_links":{"self":[{"href":"https:\/\/sgvaimudar.com.br\/index.php\/wp-json\/wp\/v2\/posts\/20026","targetHints":{"allow":["GET"]}}],"collection":[{"href":"https:\/\/sgvaimudar.com.br\/index.php\/wp-json\/wp\/v2\/posts"}],"about":[{"href":"https:\/\/sgvaimudar.com.br\/index.php\/wp-json\/wp\/v2\/types\/post"}],"author":[{"embeddable":true,"href":"https:\/\/sgvaimudar.com.br\/index.php\/wp-json\/wp\/v2\/users\/5"}],"replies":[{"embeddable":true,"href":"https:\/\/sgvaimudar.com.br\/index.php\/wp-json\/wp\/v2\/comments?post=20026"}],"version-history":[{"count":1,"href":"https:\/\/sgvaimudar.com.br\/index.php\/wp-json\/wp\/v2\/posts\/20026\/revisions"}],"predecessor-version":[{"id":20028,"href":"https:\/\/sgvaimudar.com.br\/index.php\/wp-json\/wp\/v2\/posts\/20026\/revisions\/20028"}],"wp:featuredmedia":[{"embeddable":true,"href":"https:\/\/sgvaimudar.com.br\/index.php\/wp-json\/wp\/v2\/media\/20027"}],"wp:attachment":[{"href":"https:\/\/sgvaimudar.com.br\/index.php\/wp-json\/wp\/v2\/media?parent=20026"}],"wp:term":[{"taxonomy":"category","embeddable":true,"href":"https:\/\/sgvaimudar.com.br\/index.php\/wp-json\/wp\/v2\/categories?post=20026"},{"taxonomy":"post_tag","embeddable":true,"href":"https:\/\/sgvaimudar.com.br\/index.php\/wp-json\/wp\/v2\/tags?post=20026"}],"curies":[{"name":"wp","href":"https:\/\/api.w.org\/{rel}","templated":true}]}}