{"id":20020,"date":"2025-02-10T08:13:27","date_gmt":"2025-02-10T11:13:27","guid":{"rendered":"https:\/\/sgvaimudar.com.br\/?p=20020"},"modified":"2025-02-10T08:13:27","modified_gmt":"2025-02-10T11:13:27","slug":"prefeito-capitao-nelson-entrega-uma-nova-praca-no-jardim-catarina","status":"publish","type":"post","link":"https:\/\/sgvaimudar.com.br\/index.php\/2025\/02\/10\/prefeito-capitao-nelson-entrega-uma-nova-praca-no-jardim-catarina\/","title":{"rendered":"Prefeito Capit\u00e3o Nelson entrega uma nova Pra\u00e7a no Jardim Catarina"},"content":{"rendered":"\n<p><em>\u00c1rea de lazer do Jardim Alc\u00e2ntara foi a 19\u00aa contemplada pelo Pra\u00e7a Renovada<\/em><\/p>\n\n\n\n<p>A popula\u00e7\u00e3o do bairro do Jardim Alc\u00e2ntara recebeu, das m\u00e3os do prefeito Capit\u00e3o Nelson, na tarde de s\u00e1bado (8), uma nova Pra\u00e7a Prefeito Gilberto Afonso Pires. Isso porque a \u00e1rea de lazer foi totalmente revitalizada pelo Pra\u00e7a Renovada, do projeto da Prefeitura de S\u00e3o Gon\u00e7alo, que j\u00e1 transformou outras 18 \u00e1reas de lazer no munic\u00edpio. <\/p>\n\n\n\n<figure class=\"wp-block-image size-full\"><img fetchpriority=\"high\" decoding=\"async\" width=\"1024\" height=\"681\" src=\"https:\/\/sgvaimudar.com.br\/wp-content\/uploads\/2025\/02\/unnamed-3-6.jpg\" alt=\"\" class=\"wp-image-20021\" srcset=\"https:\/\/sgvaimudar.com.br\/wp-content\/uploads\/2025\/02\/unnamed-3-6.jpg 1024w, https:\/\/sgvaimudar.com.br\/wp-content\/uploads\/2025\/02\/unnamed-3-6-300x200.jpg 300w, https:\/\/sgvaimudar.com.br\/wp-content\/uploads\/2025\/02\/unnamed-3-6-768x511.jpg 768w\" sizes=\"(max-width: 1024px) 100vw, 1024px\" \/><\/figure>\n\n\n\n<p>A nova pra\u00e7a do Jardim Alc\u00e2ntara conta agora com novos brinquedos para as crian\u00e7as e equipamentos para a academia do idoso, uma nova quadra poliesportiva, um novo paisagismo, pintura, mesas, cadeiras, bancos e postes de luz.<\/p>\n\n\n\n<p>Durante o evento, as crian\u00e7as puderam participar das atividades proporcionadas pela Caravana de Arte e Lazer, da Funda\u00e7\u00e3o de Artes, Esporte e Lazer \u2013 Faelsg, e os mun\u00edcipes puderam assistir a um show completo e gratuito da banda da Orquestra Municipal.<\/p>\n\n\n\n<figure class=\"wp-block-image size-full\"><img decoding=\"async\" width=\"1024\" height=\"681\" src=\"https:\/\/sgvaimudar.com.br\/wp-content\/uploads\/2025\/02\/unnamed-2-7.jpg\" alt=\"\" class=\"wp-image-20023\" srcset=\"https:\/\/sgvaimudar.com.br\/wp-content\/uploads\/2025\/02\/unnamed-2-7.jpg 1024w, https:\/\/sgvaimudar.com.br\/wp-content\/uploads\/2025\/02\/unnamed-2-7-300x200.jpg 300w, https:\/\/sgvaimudar.com.br\/wp-content\/uploads\/2025\/02\/unnamed-2-7-768x511.jpg 768w\" sizes=\"(max-width: 1024px) 100vw, 1024px\" \/><\/figure>\n\n\n\n<p>O prefeito Capit\u00e3o Nelson falou de sua satisfa\u00e7\u00e3o em entregar a pra\u00e7a para os moradores do bairro.<\/p>\n\n\n\n<p>&#8220;Essa \u00e9 a primeira inaugura\u00e7\u00e3o que estamos realizando nesse segundo governo, que come\u00e7ou no in\u00edcio deste ano. E prometo que \u00e9 a primeira de muitas outras que vir\u00e3o, tanto na \u00e1rea da educa\u00e7\u00e3o quanto na sa\u00fade e em obras. Atuamos com um time, uma engrenagem, contando com o apoio dos secret\u00e1rios, funcion\u00e1rios e vereadores&#8221;, disse o prefeito.<\/p>\n\n\n\n<p>Segundo ele, com os moradores podem esperar a transforma\u00e7\u00e3o da cidade de S\u00e3o Gon\u00e7alo, que sofreu, anteriormente, com d\u00e9cadas de atraso. &#8220;Hoje, somos refer\u00eancia em sa\u00fade no Estado do Rio, por exemplo, com o Hospital do C\u00e2ncer e do Cora\u00e7\u00e3o (HCCOR). Isso tudo \u00e9 fruto de muito trabalho do nosso time. Estamos tentando, de todas as maneiras, dar mais dignidade aos gon\u00e7alenses. Essa nova pra\u00e7a \u00e9 de voc\u00eas e eu pe\u00e7o que voc\u00eas cuidem delas como se fosse a casa de voc\u00eas, conservem os equipamentos. O trabalho vai continuar!&#8221;, afirmou o chefe do Executivo gon\u00e7alense.<\/p>\n\n\n\n<figure class=\"wp-block-image size-full\"><img decoding=\"async\" width=\"1024\" height=\"681\" src=\"https:\/\/sgvaimudar.com.br\/wp-content\/uploads\/2025\/02\/unnamed-4-6.jpg\" alt=\"\" class=\"wp-image-20024\" srcset=\"https:\/\/sgvaimudar.com.br\/wp-content\/uploads\/2025\/02\/unnamed-4-6.jpg 1024w, https:\/\/sgvaimudar.com.br\/wp-content\/uploads\/2025\/02\/unnamed-4-6-300x200.jpg 300w, https:\/\/sgvaimudar.com.br\/wp-content\/uploads\/2025\/02\/unnamed-4-6-768x511.jpg 768w\" sizes=\"(max-width: 1024px) 100vw, 1024px\" \/><\/figure>\n\n\n\n<p>O secret\u00e1rio de Estado das Cidades, Douglas Ruas, tamb\u00e9m esteve no evento e destacou o avan\u00e7o que o munic\u00edpio de S\u00e3o Gon\u00e7alo tem dado nesses \u00faltimos anos, sob a gest\u00e3o do prefeito Capit\u00e3o Nelson.<\/p>\n\n\n\n<p>&#8220;Obrigado a todos que est\u00e3o aqui celebrando conosco mais essa conquista no munic\u00edpio. O projeto Pra\u00e7a Renovada foi desenvolvido pela Secretaria de Gest\u00e3o Integrada e Projetos Especiais (Semgipe) da Prefeitura, que montou o projeto dessa pra\u00e7a, em parceria com a Secretaria de Conserva\u00e7\u00e3o, que realizou a execu\u00e7\u00e3o das obras&#8221;, afirmou o secret\u00e1rio.<\/p>\n\n\n\n<p>Ele disse que o projeto Pra\u00e7a Renovada foi um pedido do Capit\u00e3o Nelson que desejava proporcionar um espa\u00e7o de lazer para as crian\u00e7as no seu bairro e espa\u00e7os de conviv\u00eancia para toda a fam\u00edlia. <\/p>\n\n\n\n<p>&#8220;O projeto j\u00e1 avan\u00e7ou por todo o munic\u00edpio. Essa pra\u00e7a ainda n\u00e3o havia sido contemplada, mas, ap\u00f3s o pedido de muitas pessoas, o projeto foi executado aqui. Esse \u00e9 apenas um dos benef\u00edcios que a regi\u00e3o do Jardim Alc\u00e2ntara recebeu nesse governo. Tudo o que vem acontecendo na nossa cidade \u00e9 um trabalho de uni\u00e3o e vamos seguir por mais. Quero citar o empenho e trabalho do deputado federal Altineu C\u00f4rtes, que batalha incansavelmente para trazer recursos de Bras\u00edlia para c\u00e1, e do governador Cl\u00e1udio Castro, que \u00e9 um grande parceiro da nossa cidade, fazendo os investimentos aqui para que o Capit\u00e3o Nelson possa dar continuidade ao trabalho que tem feito nessa gest\u00e3o&#8221;, disse Ruas.<\/p>\n\n\n\n<p>Na nova pra\u00e7a, que \u00e9 um espa\u00e7o de lazer revitalizado, gratuito e integrado ao bairro, uma cal\u00e7ada foi criada ao redor dela, al\u00e9m da instala\u00e7\u00e3o de rampas e do piso t\u00e1til pensando na acessibilidade para pessoas com defici\u00eancia (PcD).<\/p>\n\n\n\n<p>O secret\u00e1rio de Conserva\u00e7\u00e3o, Edson Leal, tamb\u00e9m esteve no evento e celebrou mais esse espa\u00e7o revitalizado. A pra\u00e7a do Jardim Alc\u00e2ntara \u00e9 a 19\u00aa \u00e1rea de lazer revitalizada pelo projeto Pra\u00e7a Renovada.<\/p>\n\n\n\n<p>\u201cEntregar mais esse espa\u00e7o de lazer revitalizado \u00e9 um orgulho para n\u00f3s. Nossas equipes da Secretaria de Conserva\u00e7\u00e3o trabalharam arduamente desde outubro para entregar essa pra\u00e7a revitalizada, com novos brinquedos, uma quadra revitalizada, paisagismo e pintura. Esperamos que a popula\u00e7\u00e3o aproveite do melhor que esse espa\u00e7o tem a oferecer&#8221;, afirmou Leal.<\/p>\n\n\n\n<p>A popula\u00e7\u00e3o tamb\u00e9m comemorou a nova entrega. \u00c9 o caso da professora Gisela Fonseca, de 49 anos. Ele esteve no evento com o filho dela Ant\u00f4nio C\u00e9sar, de 4 anos. &#8220;Gra\u00e7as a Deus, agora temos uma \u00e1rea de lazer. Moro aqui h\u00e1 24 anos e precis\u00e1vamos disso. Agora, meu filho vai crescer com uma \u00e1rea de lazer digna para ele. A pra\u00e7a anterior estava p\u00e9ssima. Agora, essa nova pra\u00e7a est\u00e1 com uma pintura linda, equipamentos de lazer, est\u00e1 maravilhosa. Estou satisfeita e agora espero que a popula\u00e7\u00e3o cuide tamb\u00e9m, conserve&#8221;, disse a professora.<\/p>\n\n\n\n<p>Daniele Barreto, de 45 anos, tamb\u00e9m esteve na inaugura\u00e7\u00e3o da nova pra\u00e7a. Junto dela, estava sua filha Anny, de 9 anos. &#8220;Essa pra\u00e7a precisava muito desse cuidado. Os brinquedos antigos estavam quebrados, agora, as crian\u00e7as possuem uma quadra novinha para praticar esportes. Eu passava aqui sempre durante a obra e estava ansiosa para usarmos. Eu via as novidades pelas redes sociais da Prefeitura e estava animada por essa inaugura\u00e7\u00e3o&#8221;, contou Barreto.<\/p>\n\n\n\n<p>No evento, estiveram presentes tamb\u00e9m o vice-prefeito Jo\u00e3o Ventura; o vereador Alcemir Maciel e v\u00e1rios secret\u00e1rios. O evento contou com o apoio da Secretaria Municipal de Meio Ambiente e Transportes e da Secretaria Municipal de Ordem P\u00fablica, com equipes do Ordenamento Urbano e da Guarda Municipal.<\/p>\n\n\n\n<p><strong>Pra\u00e7a Renovada<\/strong>\u00a0\u2013 Segundo a Prefeitura, esta \u00e9 a 19\u00aa \u00e1rea de lazer revitalizada pelo projeto. &#8220;Al\u00e9m da Pra\u00e7a do Jardim Alc\u00e2ntara, o projeto j\u00e1 foi conclu\u00eddo tamb\u00e9m em outros 18 espa\u00e7os, sendo eles: Pra\u00e7a Jardim Catarina II (ou Pra\u00e7a da Rua I), no Jardim Catarina; Pra\u00e7a Jornalista Valfrido Rocha, no Jardim Catarina; Pra\u00e7a do Barenco, no Boa\u00e7u; Pra\u00e7a do Coroado&#8221;, afirmou o poder p\u00fablico na nota.<\/p>\n\n\n\n<p>Tamb\u00e9m receberam: a Pra\u00e7a da Lagoa Seca, no Laranjal; Pra\u00e7a do Vila Tr\u00eas; Pra\u00e7a do Gradim; Pra\u00e7a Chico Mendes, no bairro Raul Veiga; Pra\u00e7a do Rocha; Pra\u00e7a Lucacio Te\u00f3filo de Campos, no J\u00f3quei; Pra\u00e7a do Largo de Ita\u00fana; Pra\u00e7a Vereador Josias dos Santos Muniz, na Lagoinha; Pra\u00e7a Governador Leonel Brizola, no Coluband\u00ea. <\/p>\n\n\n\n<p>A Pra\u00e7a Expedicion\u00e1rio Ant\u00f4nio Vieira, mais conhecida como Pra\u00e7a do Mineirinho, localizada no bairro de Santa Catarina; a Arena Zaga Silva, localizada no Porto Velho; e a Pra\u00e7a Thiago Evangelista de Vasconcellos, do bairro Almerinda; Pra\u00e7a do Pontal; e Pra\u00e7a do Porto do Rosa.<\/p>\n\n\n\n<p><em>Fotos: Julio Diniz<\/em><\/p>\n\n\n\n<p><strong><em>S\u00e3o Gon\u00e7alo vai mudar: Not\u00edcias de S\u00e3o Gon\u00e7alo e toda regi\u00e3o.<\/em><\/strong><\/p>\n\n\n\n<figure class=\"wp-block-image size-full\"><img loading=\"lazy\" decoding=\"async\" width=\"317\" height=\"110\" src=\"https:\/\/sgvaimudar.com.br\/wp-content\/uploads\/2023\/08\/cropped-Logo-Provisoria-2-2.png\" alt=\"\" class=\"wp-image-2782\" srcset=\"https:\/\/sgvaimudar.com.br\/wp-content\/uploads\/2023\/08\/cropped-Logo-Provisoria-2-2.png 317w, https:\/\/sgvaimudar.com.br\/wp-content\/uploads\/2023\/08\/cropped-Logo-Provisoria-2-2-300x104.png 300w\" sizes=\"(max-width: 317px) 100vw, 317px\" \/><\/figure>\n","protected":false},"excerpt":{"rendered":"<p>\u00c1rea de lazer do Jardim Alc\u00e2ntara foi a 19\u00aa contemplada pelo Pra\u00e7a Renovada A popula\u00e7\u00e3o do bairro do Jardim Alc\u00e2ntara&hellip;<\/p>\n","protected":false},"author":5,"featured_media":20022,"comment_status":"open","ping_status":"open","sticky":false,"template":"","format":"standard","meta":{"fifu_image_url":"","fifu_image_alt":"","footnotes":""},"categories":[3],"tags":[47,75],"class_list":["post-20020","post","type-post","status-publish","format-standard","has-post-thumbnail","hentry","category-sao-goncalo","tag-rj","tag-sao-goncalo"],"_links":{"self":[{"href":"https:\/\/sgvaimudar.com.br\/index.php\/wp-json\/wp\/v2\/posts\/20020","targetHints":{"allow":["GET"]}}],"collection":[{"href":"https:\/\/sgvaimudar.com.br\/index.php\/wp-json\/wp\/v2\/posts"}],"about":[{"href":"https:\/\/sgvaimudar.com.br\/index.php\/wp-json\/wp\/v2\/types\/post"}],"author":[{"embeddable":true,"href":"https:\/\/sgvaimudar.com.br\/index.php\/wp-json\/wp\/v2\/users\/5"}],"replies":[{"embeddable":true,"href":"https:\/\/sgvaimudar.com.br\/index.php\/wp-json\/wp\/v2\/comments?post=20020"}],"version-history":[{"count":1,"href":"https:\/\/sgvaimudar.com.br\/index.php\/wp-json\/wp\/v2\/posts\/20020\/revisions"}],"predecessor-version":[{"id":20025,"href":"https:\/\/sgvaimudar.com.br\/index.php\/wp-json\/wp\/v2\/posts\/20020\/revisions\/20025"}],"wp:featuredmedia":[{"embeddable":true,"href":"https:\/\/sgvaimudar.com.br\/index.php\/wp-json\/wp\/v2\/media\/20022"}],"wp:attachment":[{"href":"https:\/\/sgvaimudar.com.br\/index.php\/wp-json\/wp\/v2\/media?parent=20020"}],"wp:term":[{"taxonomy":"category","embeddable":true,"href":"https:\/\/sgvaimudar.com.br\/index.php\/wp-json\/wp\/v2\/categories?post=20020"},{"taxonomy":"post_tag","embeddable":true,"href":"https:\/\/sgvaimudar.com.br\/index.php\/wp-json\/wp\/v2\/tags?post=20020"}],"curies":[{"name":"wp","href":"https:\/\/api.w.org\/{rel}","templated":true}]}}