{"id":20009,"date":"2025-02-09T12:00:00","date_gmt":"2025-02-09T15:00:00","guid":{"rendered":"https:\/\/sgvaimudar.com.br\/?p=20009"},"modified":"2025-02-09T05:54:53","modified_gmt":"2025-02-09T08:54:53","slug":"unidade-de-saude-e-totalmente-revitalizada-no-alcantara","status":"publish","type":"post","link":"https:\/\/sgvaimudar.com.br\/index.php\/2025\/02\/09\/unidade-de-saude-e-totalmente-revitalizada-no-alcantara\/","title":{"rendered":"Unidade de sa\u00fade \u00e9 totalmente revitalizada no Alc\u00e2ntara"},"content":{"rendered":"\n<p><em>Polo Sanit\u00e1rio H\u00e9lio Cruz recebe uma s\u00e9rie de obras e melhorias&nbsp;&nbsp;<\/em><\/p>\n\n\n\n<p>Quem entra no Polo Sanit\u00e1rio H\u00e9lio Cruz, em Alc\u00e2ntara, n\u00e3o o reconhece. A unidade de sa\u00fade foi completamente revitalizada e adequada para melhor atender os pacientes. Todos os ambientes receberam pisos, rebaixamento de teto e nova pintura. Espa\u00e7os tamb\u00e9m foram remodelados e receberam manuten\u00e7\u00e3o. O polo ainda recebe as obras e melhorias.&nbsp;<\/p>\n\n\n\n<p>Todos os ambientes fechados j\u00e1 est\u00e3o com ares-condicionados. E as \u00e1reas coletivas tamb\u00e9m receber\u00e3o os equipamentos. Alguns consult\u00f3rios, como o da pediatria, e \u00e1reas comuns receberam pinturas personalizadas. Todos eles foram revitalizados. O objetivo de toda essa mudan\u00e7a \u00e9 oferecer ambientes adequados e mais humanizados para os pacientes e funcion\u00e1rios.<\/p>\n\n\n\n<figure class=\"wp-block-image size-full\"><img fetchpriority=\"high\" decoding=\"async\" width=\"1024\" height=\"683\" src=\"https:\/\/sgvaimudar.com.br\/wp-content\/uploads\/2025\/02\/unnamed-18.jpg\" alt=\"\" class=\"wp-image-20010\" srcset=\"https:\/\/sgvaimudar.com.br\/wp-content\/uploads\/2025\/02\/unnamed-18.jpg 1024w, https:\/\/sgvaimudar.com.br\/wp-content\/uploads\/2025\/02\/unnamed-18-300x200.jpg 300w, https:\/\/sgvaimudar.com.br\/wp-content\/uploads\/2025\/02\/unnamed-18-768x512.jpg 768w\" sizes=\"(max-width: 1024px) 100vw, 1024px\" \/><\/figure>\n\n\n\n<p>\u201c\u00c9 uma verdadeira transforma\u00e7\u00e3o nesta unidade que, no in\u00edcio do governo do prefeito Capit\u00e3o Nelson, apresentava v\u00e1rios problemas, inclusive estruturais. Era uma unidade sem condi\u00e7\u00f5es de atendimento, mas que n\u00e3o pod\u00edamos fechar devido ao grande fluxo de pessoas. Ent\u00e3o, resolvemos ir fazendo as obras por etapas para n\u00e3o prejudicar os pacientes\u201d, explicou a secret\u00e1ria de Sa\u00fade da Prefeitura de S\u00e3o Gon\u00e7alo, Dra. Bianca Serour.<\/p>\n\n\n\n<p>Segundo polo sanit\u00e1rio mais movimentado, perdendo apenas para o Washington Luiz, no Z\u00e9 Garoto, a unidade ainda teve uma \u00e1rea ampliada e recebeu mais dois consult\u00f3rios, novo refeit\u00f3rio para funcion\u00e1rios e adequa\u00e7\u00e3o das salas destinadas ao atendimento dos pacientes com hansen\u00edase e tuberculose, incluindo sanit\u00e1rio acess\u00edvel. Todas as obras d\u00e3o mais dignidade aos atendimentos.\u00a0<\/p>\n\n\n\n<figure class=\"wp-block-image size-full\"><img decoding=\"async\" width=\"1024\" height=\"683\" src=\"https:\/\/sgvaimudar.com.br\/wp-content\/uploads\/2025\/02\/unnamed-16.jpg\" alt=\"\" class=\"wp-image-20011\" srcset=\"https:\/\/sgvaimudar.com.br\/wp-content\/uploads\/2025\/02\/unnamed-16.jpg 1024w, https:\/\/sgvaimudar.com.br\/wp-content\/uploads\/2025\/02\/unnamed-16-300x200.jpg 300w, https:\/\/sgvaimudar.com.br\/wp-content\/uploads\/2025\/02\/unnamed-16-768x512.jpg 768w\" sizes=\"(max-width: 1024px) 100vw, 1024px\" \/><\/figure>\n\n\n\n<p>As unidades de sa\u00fade est\u00e3o sendo revitalizadas para que elas tenham um mesmo padr\u00e3o visual, de atendimento humanizado e de acessibilidade. O H\u00e9lio Cruz recebeu obras para adequa\u00e7\u00e3o das normas e protocolos de instala\u00e7\u00e3o do Minist\u00e9rio da Sa\u00fade e da Anvisa: a RDC 50, que diz respeito aos ambientes; e a NBR 9050, sobre acessibilidade.&nbsp;<\/p>\n\n\n\n<p><strong>Regula\u00e7\u00e3o<\/strong>&nbsp;\u2013 Todas as consultas deste polo sanit\u00e1rio s\u00e3o marcadas atrav\u00e9s da Central de Regula\u00e7\u00e3o da Secretaria. Para marcar, o gon\u00e7alense pode procurar qualquer unidade de sa\u00fade da rede municipal, independente se ser\u00e1 atendido naquele local. As unidades inserem os pacientes no sistema da Central de Regula\u00e7\u00e3o, que vai entrar em contato \u2013 atrav\u00e9s do telefone \u2013 para avisar sobre a marca\u00e7\u00e3o do servi\u00e7o, que ser\u00e1 agendado em local que for mais pr\u00f3ximo de sua resid\u00eancia.&nbsp;<\/p>\n\n\n\n<p>Por isso, \u00e9 muito importante que os pacientes mantenham um telefone que funcione e esteja atualizado no cadastro. O contato e endere\u00e7o do morador tamb\u00e9m podem ser atualizados em qualquer unidade de sa\u00fade.&nbsp;&nbsp;<\/p>\n\n\n\n<p><em>Fotos: Fabio Guimar\u00e3es<\/em><\/p>\n\n\n\n<p><strong><em>S\u00e3o Gon\u00e7alo vai mudar: Not\u00edcias de S\u00e3o Gon\u00e7alo e toda regi\u00e3o.<\/em><\/strong><\/p>\n\n\n\n<figure class=\"wp-block-image size-full\"><img decoding=\"async\" width=\"317\" height=\"110\" src=\"https:\/\/sgvaimudar.com.br\/wp-content\/uploads\/2023\/08\/cropped-Logo-Provisoria-2-2.png\" alt=\"\" class=\"wp-image-2782\" srcset=\"https:\/\/sgvaimudar.com.br\/wp-content\/uploads\/2023\/08\/cropped-Logo-Provisoria-2-2.png 317w, https:\/\/sgvaimudar.com.br\/wp-content\/uploads\/2023\/08\/cropped-Logo-Provisoria-2-2-300x104.png 300w\" sizes=\"(max-width: 317px) 100vw, 317px\" \/><\/figure>\n","protected":false},"excerpt":{"rendered":"<p>Polo Sanit\u00e1rio H\u00e9lio Cruz recebe uma s\u00e9rie de obras e melhorias&nbsp;&nbsp; Quem entra no Polo Sanit\u00e1rio H\u00e9lio Cruz, em Alc\u00e2ntara,&hellip;<\/p>\n","protected":false},"author":5,"featured_media":20012,"comment_status":"open","ping_status":"open","sticky":false,"template":"","format":"standard","meta":{"fifu_image_url":"","fifu_image_alt":"","footnotes":""},"categories":[7],"tags":[47,75],"class_list":["post-20009","post","type-post","status-publish","format-standard","has-post-thumbnail","hentry","category-saude","tag-rj","tag-sao-goncalo"],"_links":{"self":[{"href":"https:\/\/sgvaimudar.com.br\/index.php\/wp-json\/wp\/v2\/posts\/20009","targetHints":{"allow":["GET"]}}],"collection":[{"href":"https:\/\/sgvaimudar.com.br\/index.php\/wp-json\/wp\/v2\/posts"}],"about":[{"href":"https:\/\/sgvaimudar.com.br\/index.php\/wp-json\/wp\/v2\/types\/post"}],"author":[{"embeddable":true,"href":"https:\/\/sgvaimudar.com.br\/index.php\/wp-json\/wp\/v2\/users\/5"}],"replies":[{"embeddable":true,"href":"https:\/\/sgvaimudar.com.br\/index.php\/wp-json\/wp\/v2\/comments?post=20009"}],"version-history":[{"count":1,"href":"https:\/\/sgvaimudar.com.br\/index.php\/wp-json\/wp\/v2\/posts\/20009\/revisions"}],"predecessor-version":[{"id":20013,"href":"https:\/\/sgvaimudar.com.br\/index.php\/wp-json\/wp\/v2\/posts\/20009\/revisions\/20013"}],"wp:featuredmedia":[{"embeddable":true,"href":"https:\/\/sgvaimudar.com.br\/index.php\/wp-json\/wp\/v2\/media\/20012"}],"wp:attachment":[{"href":"https:\/\/sgvaimudar.com.br\/index.php\/wp-json\/wp\/v2\/media?parent=20009"}],"wp:term":[{"taxonomy":"category","embeddable":true,"href":"https:\/\/sgvaimudar.com.br\/index.php\/wp-json\/wp\/v2\/categories?post=20009"},{"taxonomy":"post_tag","embeddable":true,"href":"https:\/\/sgvaimudar.com.br\/index.php\/wp-json\/wp\/v2\/tags?post=20009"}],"curies":[{"name":"wp","href":"https:\/\/api.w.org\/{rel}","templated":true}]}}