{"id":19983,"date":"2025-02-08T17:00:00","date_gmt":"2025-02-08T20:00:00","guid":{"rendered":"https:\/\/sgvaimudar.com.br\/?p=19983"},"modified":"2025-02-08T07:27:14","modified_gmt":"2025-02-08T10:27:14","slug":"prefeitura-debate-sobre-liberdade-religiosa-em-seminario","status":"publish","type":"post","link":"https:\/\/sgvaimudar.com.br\/index.php\/2025\/02\/08\/prefeitura-debate-sobre-liberdade-religiosa-em-seminario\/","title":{"rendered":"Prefeitura debate sobre liberdade religiosa em semin\u00e1rio"},"content":{"rendered":"\n<p><em>Lavour\u00e3o recebeu representantes de diferentes religi\u00f5es&nbsp;&nbsp;<\/em><\/p>\n\n\n\n<p>A Secretaria de Assist\u00eancia Social da Prefeitura de S\u00e3o Gon\u00e7alo, por meio da Coordenadoria de Promo\u00e7\u00e3o e Igualdade Racial, realizou, nesta sexta-feira (7), o 3\u00b0 Semin\u00e1rio de Liberdade Religiosa, Democracia e Educa\u00e7\u00e3o no munic\u00edpio. O evento ocorreu junto com a Feira da Cultura, \u00e0s 10h, no Centro Cultural Joaquim Lavoura, o Lavour\u00e3o.<\/p>\n\n\n\n<p>Em conformidade com o Conselho de Defesa dos Direitos do Negro e Promo\u00e7\u00e3o de Igualdade Racial e \u00c9tnica de S\u00e3o Gon\u00e7alo (Comirsg), o objetivo do semin\u00e1rio foi promover o conhecimento e gerar toler\u00e2ncia, respeito ao pluralismo religioso e \u00e9tnico, seguindo os princ\u00edpios estabelecidos pela Constitui\u00e7\u00e3o Brasileira.\u00a0<\/p>\n\n\n\n<figure class=\"wp-block-image size-full\"><img fetchpriority=\"high\" decoding=\"async\" width=\"1024\" height=\"616\" src=\"https:\/\/sgvaimudar.com.br\/wp-content\/uploads\/2025\/02\/unnamed-13-1.jpg\" alt=\"\" class=\"wp-image-19984\" srcset=\"https:\/\/sgvaimudar.com.br\/wp-content\/uploads\/2025\/02\/unnamed-13-1.jpg 1024w, https:\/\/sgvaimudar.com.br\/wp-content\/uploads\/2025\/02\/unnamed-13-1-300x180.jpg 300w, https:\/\/sgvaimudar.com.br\/wp-content\/uploads\/2025\/02\/unnamed-13-1-768x462.jpg 768w\" sizes=\"(max-width: 1024px) 100vw, 1024px\" \/><\/figure>\n\n\n\n<p>\u201cQuando temos a ideia de somar liberdade religiosa, democracia e educa\u00e7\u00e3o e igualdade racial, \u00e9 com o prop\u00f3sito de trazer mais conhecimento sobre as etnias e combater o racismo e o preconceito religioso\u201d, afirmou a vice-presidente da Comirsg, Bianca Cardume, representante da sociedade civil.<\/p>\n\n\n\n<p>O semin\u00e1rio, com o tema \u201cPr\u00e1ticas que promovem o combate ao racismo e ao preconceito religioso\u201d, foi realizado pelos palestrantes: M\u00e3e M\u00e1rcia D\u2019Oxum, uma das mais importantes lideran\u00e7as religiosas do Candombl\u00e9; Negrogun Luiz Eduardo, ativista pelos direitos da popula\u00e7\u00e3o negra e atual presidente do Conselho Estadual de Direitos do Negro (Cedine); e M\u00e3e Adriana de Bessem, Yalori\u1e63\u00e1 e jornalista. Al\u00e9m disso, teve depoimentos do Pastor Eduardo Gomes, representantes da M\u00e3e Alba de Oxossi e uma apresenta\u00e7\u00e3o cultural de dan\u00e7a afro contempor\u00e2nea, com o grupo Filhos de Oya.<\/p>\n\n\n\n<p>A coordenadora de Promo\u00e7\u00e3o e Igualdade Racial, Daniele Fontoura, refor\u00e7ou a import\u00e2ncia do semin\u00e1rio. \u201c\u00c9 importante falarmos sobre os pilares, trabalhando por uma cidade mais justa, equilibrada e antirracista, debatendo sobre educa\u00e7\u00e3o e diferentes esferas religiosas\u201d, disse.<\/p>\n\n\n\n<p>A secret\u00e1ria de Turismo e Cultura, Julia Sobreira, tamb\u00e9m prestigiou o semin\u00e1rio.<\/p>\n\n\n\n<p>A&nbsp;Feira da Cultura tamb\u00e9m esteve dispon\u00edvel no local, das 10h \u00e0s 17h, em parceria com a Feira Aduke, que \u00e9 um espa\u00e7o de valoriza\u00e7\u00e3o da diversidade cultural, com um enfoque no empreendedorismo, especialmente das mulheres empreendedoras da cidade, dando a oportunidade de apresentar seus trabalhos artesanais e gastron\u00f4micos, destacando a riqueza da cultura local.<\/p>\n\n\n\n<p><em>Fotos: Luiz Carvalho<\/em><\/p>\n\n\n\n<p><strong><em>S\u00e3o Gon\u00e7alo vai mudar: Not\u00edcias de S\u00e3o Gon\u00e7alo e toda regi\u00e3o.<\/em><\/strong><\/p>\n\n\n\n<figure class=\"wp-block-image size-full\"><img decoding=\"async\" width=\"317\" height=\"110\" src=\"https:\/\/sgvaimudar.com.br\/wp-content\/uploads\/2023\/08\/cropped-Logo-Provisoria-2-2.png\" alt=\"\" class=\"wp-image-2782\" srcset=\"https:\/\/sgvaimudar.com.br\/wp-content\/uploads\/2023\/08\/cropped-Logo-Provisoria-2-2.png 317w, https:\/\/sgvaimudar.com.br\/wp-content\/uploads\/2023\/08\/cropped-Logo-Provisoria-2-2-300x104.png 300w\" sizes=\"(max-width: 317px) 100vw, 317px\" \/><\/figure>\n","protected":false},"excerpt":{"rendered":"<p>Lavour\u00e3o recebeu representantes de diferentes religi\u00f5es&nbsp;&nbsp; A Secretaria de Assist\u00eancia Social da Prefeitura de S\u00e3o Gon\u00e7alo, por meio da Coordenadoria&hellip;<\/p>\n","protected":false},"author":5,"featured_media":19985,"comment_status":"open","ping_status":"open","sticky":false,"template":"","format":"standard","meta":{"fifu_image_url":"","fifu_image_alt":"","footnotes":""},"categories":[3],"tags":[47,75],"class_list":["post-19983","post","type-post","status-publish","format-standard","has-post-thumbnail","hentry","category-sao-goncalo","tag-rj","tag-sao-goncalo"],"_links":{"self":[{"href":"https:\/\/sgvaimudar.com.br\/index.php\/wp-json\/wp\/v2\/posts\/19983","targetHints":{"allow":["GET"]}}],"collection":[{"href":"https:\/\/sgvaimudar.com.br\/index.php\/wp-json\/wp\/v2\/posts"}],"about":[{"href":"https:\/\/sgvaimudar.com.br\/index.php\/wp-json\/wp\/v2\/types\/post"}],"author":[{"embeddable":true,"href":"https:\/\/sgvaimudar.com.br\/index.php\/wp-json\/wp\/v2\/users\/5"}],"replies":[{"embeddable":true,"href":"https:\/\/sgvaimudar.com.br\/index.php\/wp-json\/wp\/v2\/comments?post=19983"}],"version-history":[{"count":1,"href":"https:\/\/sgvaimudar.com.br\/index.php\/wp-json\/wp\/v2\/posts\/19983\/revisions"}],"predecessor-version":[{"id":19986,"href":"https:\/\/sgvaimudar.com.br\/index.php\/wp-json\/wp\/v2\/posts\/19983\/revisions\/19986"}],"wp:featuredmedia":[{"embeddable":true,"href":"https:\/\/sgvaimudar.com.br\/index.php\/wp-json\/wp\/v2\/media\/19985"}],"wp:attachment":[{"href":"https:\/\/sgvaimudar.com.br\/index.php\/wp-json\/wp\/v2\/media?parent=19983"}],"wp:term":[{"taxonomy":"category","embeddable":true,"href":"https:\/\/sgvaimudar.com.br\/index.php\/wp-json\/wp\/v2\/categories?post=19983"},{"taxonomy":"post_tag","embeddable":true,"href":"https:\/\/sgvaimudar.com.br\/index.php\/wp-json\/wp\/v2\/tags?post=19983"}],"curies":[{"name":"wp","href":"https:\/\/api.w.org\/{rel}","templated":true}]}}