{"id":19977,"date":"2025-02-08T15:00:00","date_gmt":"2025-02-08T18:00:00","guid":{"rendered":"https:\/\/sgvaimudar.com.br\/?p=19977"},"modified":"2025-02-08T07:23:37","modified_gmt":"2025-02-08T10:23:37","slug":"obras-do-mobilidade-urbana-verde-integrada-muvi-seguem-adiantadas-no-trecho-4","status":"publish","type":"post","link":"https:\/\/sgvaimudar.com.br\/index.php\/2025\/02\/08\/obras-do-mobilidade-urbana-verde-integrada-muvi-seguem-adiantadas-no-trecho-4\/","title":{"rendered":"Obras do Mobilidade Urbana Verde Integrada (Muvi) seguem adiantadas no trecho 4"},"content":{"rendered":"\n<p><em>Avenida Presidente Kennedy, na altura do Clube Mau\u00e1, recebe pavimenta\u00e7\u00e3o<\/em><\/p>\n\n\n\n<p>As obras do projeto Mobilidade Urbana Verde Integrada (Muvi) seguem avan\u00e7ando. Nesta sexta-feira (7), uma parte do trecho 4 da Avenida Presidente Kennedy, na altura do Clube Mau\u00e1, no bairro Estrela do Norte, foi pavimentada. Al\u00e9m disso, no local, foram feitas vagas de estacionamento e outras partes est\u00e3o recebendo obras de drenagem.<\/p>\n\n\n\n<p>O trecho 4 do Muvi vai do bairro Estrela do Norte at\u00e9 o 7\u00b0 Batalh\u00e3o da Pol\u00edcia Militar, na Trindade, onde uma equipe tamb\u00e9m est\u00e1 trabalhando com rede de drenagem, constru\u00e7\u00e3o de cal\u00e7adas e ciclovia.<\/p>\n\n\n\n<figure class=\"wp-block-image size-full\"><img fetchpriority=\"high\" decoding=\"async\" width=\"1024\" height=\"683\" src=\"https:\/\/sgvaimudar.com.br\/wp-content\/uploads\/2025\/02\/unnamed-11-2.jpg\" alt=\"\" class=\"wp-image-19978\" srcset=\"https:\/\/sgvaimudar.com.br\/wp-content\/uploads\/2025\/02\/unnamed-11-2.jpg 1024w, https:\/\/sgvaimudar.com.br\/wp-content\/uploads\/2025\/02\/unnamed-11-2-300x200.jpg 300w, https:\/\/sgvaimudar.com.br\/wp-content\/uploads\/2025\/02\/unnamed-11-2-768x512.jpg 768w\" sizes=\"(max-width: 1024px) 100vw, 1024px\" \/><\/figure>\n\n\n\n<p>O projeto est\u00e1 sendo executado gra\u00e7as a uma parceria entre o Governo do Estado do Rio de Janeiro, atrav\u00e9s da Secretaria das Cidades, e a Prefeitura de S\u00e3o Gon\u00e7alo. O investimento na obra \u00e9 de R$ 287 milh\u00f5es. Interven\u00e7\u00f5es seguem em andamento tamb\u00e9m nos trechos 1, 2, 3 e 5.<\/p>\n\n\n\n<p>O projeto foi elaborado pela Secretaria Municipal de Gest\u00e3o Integrada e Projetos Especiais (Semgipe) e prev\u00ea a cria\u00e7\u00e3o de um novo corredor vi\u00e1rio, com pistas preferenciais de \u00f4nibus e ciclovia, ligando o bairro de Neves a Guaxindiba, trecho onde s\u00e3o previstas v\u00e1rias interven\u00e7\u00f5es urban\u00edsticas e de paisagismo. O corredor vi\u00e1rio ter\u00e1 18 quil\u00f4metros de extens\u00e3o.<\/p>\n\n\n\n<p>O prefeito Capit\u00e3o Nelson acompanha rotineiramente as obras do projeto. &#8220;Este \u00e9 o maior projeto de mobilidade urbana j\u00e1 realizado na cidade de S\u00e3o Gon\u00e7alo. Nosso governo tem como prioridade dar mais qualidade de vida para os gon\u00e7alenses e o Muvi \u00e9 um dos projetos que estamos realizando para alcan\u00e7ar esse objetivo. A popula\u00e7\u00e3o tem reconhecido e agradecido pelas mudan\u00e7as j\u00e1 feitas pelo projeto, principalmente no Vila Lage e Camar\u00e3o, onde j\u00e1 realizamos paisagismo&#8221;, disse o prefeito.<\/p>\n\n\n\n<p>O secret\u00e1rio de Estado das Cidades, Douglas Ruas, tamb\u00e9m destacou o impacto do projeto no munic\u00edpio. \u201cSeguimos os trabalhos no Muvi, sob a lideran\u00e7a do governador Cl\u00e1udio Castro e a parceria com a Prefeitura de S\u00e3o Gon\u00e7alo. \u00c9 o maior projeto da hist\u00f3ria da cidade e vai levar mais qualidade de vida e menos tempo no tr\u00e2nsito, garantindo seguran\u00e7a pra pedestres e motoristas. Estamos avan\u00e7ando no trecho 4, fazendo todo o trabalho de pavimenta\u00e7\u00e3o e drenagem, que vai ajudar a conter o grande volume de chuva e preparar a cidade para os futuros eventos clim\u00e1ticos extremos\u201d, afirmou o secret\u00e1rio.\u00a0<\/p>\n\n\n\n<p><em>Fotos: Fabio Guimar\u00e3es e Julio Diniz<\/em><\/p>\n\n\n\n<p><strong><em>S\u00e3o Gon\u00e7alo vai mudar: Not\u00edcias de S\u00e3o Gon\u00e7alo e toda regi\u00e3o.<\/em><\/strong><\/p>\n\n\n\n<figure class=\"wp-block-image size-full\"><img decoding=\"async\" width=\"317\" height=\"110\" src=\"https:\/\/sgvaimudar.com.br\/wp-content\/uploads\/2023\/08\/cropped-Logo-Provisoria-2-2.png\" alt=\"\" class=\"wp-image-2782\" srcset=\"https:\/\/sgvaimudar.com.br\/wp-content\/uploads\/2023\/08\/cropped-Logo-Provisoria-2-2.png 317w, https:\/\/sgvaimudar.com.br\/wp-content\/uploads\/2023\/08\/cropped-Logo-Provisoria-2-2-300x104.png 300w\" sizes=\"(max-width: 317px) 100vw, 317px\" \/><\/figure>\n","protected":false},"excerpt":{"rendered":"<p>Avenida Presidente Kennedy, na altura do Clube Mau\u00e1, recebe pavimenta\u00e7\u00e3o As obras do projeto Mobilidade Urbana Verde Integrada (Muvi) seguem&hellip;<\/p>\n","protected":false},"author":5,"featured_media":19979,"comment_status":"open","ping_status":"open","sticky":false,"template":"","format":"standard","meta":{"fifu_image_url":"","fifu_image_alt":"","footnotes":""},"categories":[3],"tags":[47,75],"class_list":["post-19977","post","type-post","status-publish","format-standard","has-post-thumbnail","hentry","category-sao-goncalo","tag-rj","tag-sao-goncalo"],"_links":{"self":[{"href":"https:\/\/sgvaimudar.com.br\/index.php\/wp-json\/wp\/v2\/posts\/19977","targetHints":{"allow":["GET"]}}],"collection":[{"href":"https:\/\/sgvaimudar.com.br\/index.php\/wp-json\/wp\/v2\/posts"}],"about":[{"href":"https:\/\/sgvaimudar.com.br\/index.php\/wp-json\/wp\/v2\/types\/post"}],"author":[{"embeddable":true,"href":"https:\/\/sgvaimudar.com.br\/index.php\/wp-json\/wp\/v2\/users\/5"}],"replies":[{"embeddable":true,"href":"https:\/\/sgvaimudar.com.br\/index.php\/wp-json\/wp\/v2\/comments?post=19977"}],"version-history":[{"count":2,"href":"https:\/\/sgvaimudar.com.br\/index.php\/wp-json\/wp\/v2\/posts\/19977\/revisions"}],"predecessor-version":[{"id":19982,"href":"https:\/\/sgvaimudar.com.br\/index.php\/wp-json\/wp\/v2\/posts\/19977\/revisions\/19982"}],"wp:featuredmedia":[{"embeddable":true,"href":"https:\/\/sgvaimudar.com.br\/index.php\/wp-json\/wp\/v2\/media\/19979"}],"wp:attachment":[{"href":"https:\/\/sgvaimudar.com.br\/index.php\/wp-json\/wp\/v2\/media?parent=19977"}],"wp:term":[{"taxonomy":"category","embeddable":true,"href":"https:\/\/sgvaimudar.com.br\/index.php\/wp-json\/wp\/v2\/categories?post=19977"},{"taxonomy":"post_tag","embeddable":true,"href":"https:\/\/sgvaimudar.com.br\/index.php\/wp-json\/wp\/v2\/tags?post=19977"}],"curies":[{"name":"wp","href":"https:\/\/api.w.org\/{rel}","templated":true}]}}