{"id":19966,"date":"2025-02-08T12:00:00","date_gmt":"2025-02-08T15:00:00","guid":{"rendered":"https:\/\/sgvaimudar.com.br\/?p=19966"},"modified":"2025-02-08T07:13:03","modified_gmt":"2025-02-08T10:13:03","slug":"vigilancia-ambiental-de-sao-goncalo-faz-combate-a-mosquitos-nos-cemiterios","status":"publish","type":"post","link":"https:\/\/sgvaimudar.com.br\/index.php\/2025\/02\/08\/vigilancia-ambiental-de-sao-goncalo-faz-combate-a-mosquitos-nos-cemiterios\/","title":{"rendered":"Vigil\u00e2ncia Ambiental de S\u00e3o Gon\u00e7alo faz combate a mosquitos nos cemit\u00e9rios"},"content":{"rendered":"\n<p><em>A\u00e7\u00e3o &#8216;Ponto Estrat\u00e9gico&#8217; \u00e9 executada semanalmente pelas equipes<\/em><\/p>\n\n\n\n<p>A Vigil\u00e2ncia em Sa\u00fade Ambiental, ligada \u00e0 Secretaria de Sa\u00fade e Defesa Civil da Prefeitura de S\u00e3o Gon\u00e7alo, atua em diferentes frentes de trabalho relacionadas ao meio ambiente para manter a sa\u00fade humana. O controle de pragas, roedores e mosquitos, por exemplo, faz parte das estrat\u00e9gias de preven\u00e7\u00e3o do setor. Uma das a\u00e7\u00f5es desenvolvidas \u00e9 chamada de Ponto Estrat\u00e9gico \u2013 visitas em locais como ferros-velhos, dep\u00f3sitos p\u00fablicos, cemit\u00e9rios e borracharias.<\/p>\n\n\n\n<p>Os cemit\u00e9rios, por exemplo, recebem as a\u00e7\u00f5es dos agentes de sa\u00fade ambiental semanalmente. O objetivo \u00e9 controlar n\u00e3o s\u00f3 a prolifera\u00e7\u00e3o de diferentes mosquitos, incluindo o Aedes aegypti (transmissor da dengue, zika e chikungunya) e o popular maruim (transmissor da febre oropouche), mas tamb\u00e9m moscas e outros insetos.\u00a0\u00a0\u00a0<\/p>\n\n\n\n<figure class=\"wp-block-image size-large\"><img fetchpriority=\"high\" decoding=\"async\" width=\"1024\" height=\"684\" src=\"https:\/\/sgvaimudar.com.br\/wp-content\/uploads\/2025\/02\/unnamed-6-4-1024x684.jpg\" alt=\"\" class=\"wp-image-19967\" srcset=\"https:\/\/sgvaimudar.com.br\/wp-content\/uploads\/2025\/02\/unnamed-6-4-1024x684.jpg 1024w, https:\/\/sgvaimudar.com.br\/wp-content\/uploads\/2025\/02\/unnamed-6-4-300x200.jpg 300w, https:\/\/sgvaimudar.com.br\/wp-content\/uploads\/2025\/02\/unnamed-6-4-768x513.jpg 768w, https:\/\/sgvaimudar.com.br\/wp-content\/uploads\/2025\/02\/unnamed-6-4-1536x1027.jpg 1536w, https:\/\/sgvaimudar.com.br\/wp-content\/uploads\/2025\/02\/unnamed-6-4.jpg 1616w\" sizes=\"(max-width: 1024px) 100vw, 1024px\" \/><\/figure>\n\n\n\n<p>\u201cO trabalho acontece em todos os cemit\u00e9rios p\u00fablicos e privados de S\u00e3o Gon\u00e7alo. Os agentes pulverizam o inseticida, que \u00e9 autorizado pelo Minist\u00e9rio da Sa\u00fade, atrav\u00e9s das bombas costais e pelas motofogs. \u00c9 um trabalho constante e que \u00e9 realizado durante todo o ano. Mas, nesse per\u00edodo de ver\u00e3o, ele costuma ser intensificado devido \u00e0s condi\u00e7\u00f5es mais prop\u00edcias para a reprodu\u00e7\u00e3o, principalmente, dos mosquitos\u201d, explicou o diretor da Vigil\u00e2ncia em Sa\u00fade Ambiental, Marcelo S\u00e1 Lima.\u00a0\u00a0\u00a0<\/p>\n\n\n\n<p>O monitoramento do Ponto Estrat\u00e9gico independe de solicita\u00e7\u00e3o dos propriet\u00e1rios dos locais, quando n\u00e3o s\u00e3o p\u00fablicos. As visitas s\u00e3o programadas pela Vigil\u00e2ncia em Sa\u00fade Ambiental baseadas em dados de casos notificados de doen\u00e7as pelo setor de Vigil\u00e2ncia Epidemiol\u00f3gica.<\/p>\n\n\n\n<p>\u201cConseguimos manter as doen\u00e7as sob controle e com baixo \u00edndice de contamina\u00e7\u00e3o, como mostrou o primeiro Levantamento de \u00cdndice R\u00e1pido de Aedes aegypti (LIRAa) deste ano. Mas s\u00f3 o trabalho dos agentes n\u00e3o \u00e9 suficiente e a popula\u00e7\u00e3o tem que colaborar eliminando os poss\u00edveis criadouros dentro de casa e nos quintais. Basta olhar se tem ac\u00famulo de \u00e1gua, e pode ser at\u00e9 em uma folha ca\u00edda, uma vez por semana\u201d, orientou a subsecret\u00e1ria de Sa\u00fade Coletiva, Thain\u00e1 Fratane.\u00a0<\/p>\n\n\n\n<p><strong>Vacina\u00e7\u00e3o<\/strong>\u00a0&#8211;\u00a0A secret\u00e1ria de Sa\u00fade, Dra. Bianca Serour, alerta para a import\u00e2ncia da vacina\u00e7\u00e3o contra a dengue, que est\u00e1 dispon\u00edvel nas unidades de sa\u00fade para crian\u00e7as e adolescentes de 10 a 14 anos.<\/p>\n\n\n\n<p>\u201cS\u00e3o Gon\u00e7alo oferece a vacina Qdenga h\u00e1 um ano e ela protege contra quatro tipos de v\u00edrus da dengue. Ela foi incorporada no calend\u00e1rio de rotina de vacina\u00e7\u00e3o e \u00e9 autorizada pela Ag\u00eancia Nacional de Vigil\u00e2ncia Sanit\u00e1ria (Anvisa). Temos que lembrar que a vacina\u00e7\u00e3o \u00e9 um ato de amor com o nosso filho e, ao mesmo tempo, de prote\u00e7\u00e3o para toda a comunidade\u201d, ensinou.<\/p>\n\n\n\n<p>A Vigil\u00e2ncia Ambiental tamb\u00e9m tem o pronto-atendimento. Qualquer cidad\u00e3o pode ligar para o setor e pedir uma visita nos casos de infesta\u00e7\u00e3o de qualquer vetor. Os pedidos s\u00e3o atendidos, em m\u00e9dia, em uma semana. Nesses casos, os agentes averiguam a den\u00fancia e realizam a a\u00e7\u00e3o necess\u00e1ria para acabar com os vetores. As den\u00fancias podem ser feitas pelo telefone da Vigil\u00e2ncia Ambiental (21) 3195-5198, ramal 1008.<\/p>\n\n\n\n<p>Foto: Renan Otto<\/p>\n\n\n\n<p><strong><em>S\u00e3o Gon\u00e7alo vai mudar: Not\u00edcias de S\u00e3o Gon\u00e7alo e toda regi\u00e3o.<\/em><\/strong><\/p>\n\n\n\n<figure class=\"wp-block-image size-full\"><img decoding=\"async\" width=\"317\" height=\"110\" src=\"https:\/\/sgvaimudar.com.br\/wp-content\/uploads\/2023\/08\/cropped-Logo-Provisoria-2-2.png\" alt=\"\" class=\"wp-image-2782\" srcset=\"https:\/\/sgvaimudar.com.br\/wp-content\/uploads\/2023\/08\/cropped-Logo-Provisoria-2-2.png 317w, https:\/\/sgvaimudar.com.br\/wp-content\/uploads\/2023\/08\/cropped-Logo-Provisoria-2-2-300x104.png 300w\" sizes=\"(max-width: 317px) 100vw, 317px\" \/><\/figure>\n","protected":false},"excerpt":{"rendered":"<p>A\u00e7\u00e3o &#8216;Ponto Estrat\u00e9gico&#8217; \u00e9 executada semanalmente pelas equipes A Vigil\u00e2ncia em Sa\u00fade Ambiental, ligada \u00e0 Secretaria de Sa\u00fade e Defesa&hellip;<\/p>\n","protected":false},"author":5,"featured_media":19968,"comment_status":"open","ping_status":"open","sticky":false,"template":"","format":"standard","meta":{"fifu_image_url":"","fifu_image_alt":"","footnotes":""},"categories":[7],"tags":[47,75],"class_list":["post-19966","post","type-post","status-publish","format-standard","has-post-thumbnail","hentry","category-saude","tag-rj","tag-sao-goncalo"],"_links":{"self":[{"href":"https:\/\/sgvaimudar.com.br\/index.php\/wp-json\/wp\/v2\/posts\/19966","targetHints":{"allow":["GET"]}}],"collection":[{"href":"https:\/\/sgvaimudar.com.br\/index.php\/wp-json\/wp\/v2\/posts"}],"about":[{"href":"https:\/\/sgvaimudar.com.br\/index.php\/wp-json\/wp\/v2\/types\/post"}],"author":[{"embeddable":true,"href":"https:\/\/sgvaimudar.com.br\/index.php\/wp-json\/wp\/v2\/users\/5"}],"replies":[{"embeddable":true,"href":"https:\/\/sgvaimudar.com.br\/index.php\/wp-json\/wp\/v2\/comments?post=19966"}],"version-history":[{"count":1,"href":"https:\/\/sgvaimudar.com.br\/index.php\/wp-json\/wp\/v2\/posts\/19966\/revisions"}],"predecessor-version":[{"id":19969,"href":"https:\/\/sgvaimudar.com.br\/index.php\/wp-json\/wp\/v2\/posts\/19966\/revisions\/19969"}],"wp:featuredmedia":[{"embeddable":true,"href":"https:\/\/sgvaimudar.com.br\/index.php\/wp-json\/wp\/v2\/media\/19968"}],"wp:attachment":[{"href":"https:\/\/sgvaimudar.com.br\/index.php\/wp-json\/wp\/v2\/media?parent=19966"}],"wp:term":[{"taxonomy":"category","embeddable":true,"href":"https:\/\/sgvaimudar.com.br\/index.php\/wp-json\/wp\/v2\/categories?post=19966"},{"taxonomy":"post_tag","embeddable":true,"href":"https:\/\/sgvaimudar.com.br\/index.php\/wp-json\/wp\/v2\/tags?post=19966"}],"curies":[{"name":"wp","href":"https:\/\/api.w.org\/{rel}","templated":true}]}}