{"id":19953,"date":"2025-02-08T09:01:00","date_gmt":"2025-02-08T12:01:00","guid":{"rendered":"https:\/\/sgvaimudar.com.br\/?p=19953"},"modified":"2025-02-08T06:53:27","modified_gmt":"2025-02-08T09:53:27","slug":"secretaria-de-turismo-celebra-neste-domingo-17o-presente-de-iemanja","status":"publish","type":"post","link":"https:\/\/sgvaimudar.com.br\/index.php\/2025\/02\/08\/secretaria-de-turismo-celebra-neste-domingo-17o-presente-de-iemanja\/","title":{"rendered":"Secretaria de Turismo celebra neste domingo 17\u00ba Presente de Iemanj\u00e1"},"content":{"rendered":"\n<p><em>Evento inclui atra\u00e7\u00f5es musicais e culturais na Praia das Pedrinhas<\/em><\/p>\n\n\n\n<p>Neste domingo (9), atrav\u00e9s da Secretaria de Turismo e Cultura, com apoio da Lei Aldir Blanc, S\u00e3o Gon\u00e7alo vai celebrar O Presente de Iemanj\u00e1, evento que comemora a rica tradi\u00e7\u00e3o dos povos de matriz africana, e que chega \u00e0 sua 17\u00aa edi\u00e7\u00e3o, reafirmando sua import\u00e2ncia como uma manifesta\u00e7\u00e3o cultural e religiosa. <\/p>\n\n\n\n<p>O evento ter\u00e1 in\u00edcio a partir das 9h, na Praia das Pedrinhas. A entrada \u00e9 gratuita e o evento \u00e9 livre para todas as idades, com participa\u00e7\u00e3o aberta ao p\u00fablico.<\/p>\n\n\n\n<figure class=\"wp-block-image size-large\"><img fetchpriority=\"high\" decoding=\"async\" width=\"1024\" height=\"683\" src=\"https:\/\/sgvaimudar.com.br\/wp-content\/uploads\/2025\/02\/unnamed-3-5-1024x683.jpg\" alt=\"\" class=\"wp-image-19955\" srcset=\"https:\/\/sgvaimudar.com.br\/wp-content\/uploads\/2025\/02\/unnamed-3-5-1024x683.jpg 1024w, https:\/\/sgvaimudar.com.br\/wp-content\/uploads\/2025\/02\/unnamed-3-5-300x200.jpg 300w, https:\/\/sgvaimudar.com.br\/wp-content\/uploads\/2025\/02\/unnamed-3-5-768x512.jpg 768w, https:\/\/sgvaimudar.com.br\/wp-content\/uploads\/2025\/02\/unnamed-3-5.jpg 1500w\" sizes=\"(max-width: 1024px) 100vw, 1024px\" \/><\/figure>\n\n\n\n<p>Criado em 2007 por iniciativa de M\u00e3e M\u00e1rcia D\u2019Oxum durante uma confer\u00eancia de cultura, o evento nasceu do desejo de homenagear Iemanj\u00e1 com um presente sustent\u00e1vel e respeitoso \u00e0 natureza, enquanto promove a mem\u00f3ria ancestral e celebra uma das divindades mais populares do Brasil.<\/p>\n\n\n\n<p>A programa\u00e7\u00e3o da 17\u00aa edi\u00e7\u00e3o \u00e9 uma celebra\u00e7\u00e3o ampla que inclui atra\u00e7\u00f5es musicais e culturais, al\u00e9m de uma feira de artesanato e gastronomia tradicional de matriz africana. O evento como um todo \u00e9 uma vitrine para a economia criativa e um propulsor do turismo em S\u00e3o Gon\u00e7alo, atraindo visitantes e gerando oportunidades para artes\u00e3os, artistas e<\/p>\n\n\n\n<p>empreendedores locais.<\/p>\n\n\n\n<p><strong>Servi\u00e7o:&nbsp;<\/strong><\/p>\n\n\n\n<p>Data: 9 de fevereiro&nbsp;<\/p>\n\n\n\n<p>Hor\u00e1rio: A partir das 9h&nbsp;<\/p>\n\n\n\n<p>Local: Praia das Pedrinhas<\/p>\n\n\n\n<p><em>Foto: Julio Diniz<\/em><\/p>\n\n\n\n<p><strong><em>S\u00e3o Gon\u00e7alo vai mudar: Not\u00edcias de S\u00e3o Gon\u00e7alo e toda regi\u00e3o.<\/em><\/strong><\/p>\n\n\n\n<figure class=\"wp-block-image size-full\"><img decoding=\"async\" width=\"317\" height=\"110\" src=\"https:\/\/sgvaimudar.com.br\/wp-content\/uploads\/2023\/08\/cropped-Logo-Provisoria-2-2.png\" alt=\"\" class=\"wp-image-2782\" srcset=\"https:\/\/sgvaimudar.com.br\/wp-content\/uploads\/2023\/08\/cropped-Logo-Provisoria-2-2.png 317w, https:\/\/sgvaimudar.com.br\/wp-content\/uploads\/2023\/08\/cropped-Logo-Provisoria-2-2-300x104.png 300w\" sizes=\"(max-width: 317px) 100vw, 317px\" \/><\/figure>\n","protected":false},"excerpt":{"rendered":"<p>Evento inclui atra\u00e7\u00f5es musicais e culturais na Praia das Pedrinhas Neste domingo (9), atrav\u00e9s da Secretaria de Turismo e Cultura,&hellip;<\/p>\n","protected":false},"author":5,"featured_media":19954,"comment_status":"open","ping_status":"open","sticky":false,"template":"","format":"standard","meta":{"fifu_image_url":"","fifu_image_alt":"","footnotes":""},"categories":[3],"tags":[47,75],"class_list":["post-19953","post","type-post","status-publish","format-standard","has-post-thumbnail","hentry","category-sao-goncalo","tag-rj","tag-sao-goncalo"],"_links":{"self":[{"href":"https:\/\/sgvaimudar.com.br\/index.php\/wp-json\/wp\/v2\/posts\/19953","targetHints":{"allow":["GET"]}}],"collection":[{"href":"https:\/\/sgvaimudar.com.br\/index.php\/wp-json\/wp\/v2\/posts"}],"about":[{"href":"https:\/\/sgvaimudar.com.br\/index.php\/wp-json\/wp\/v2\/types\/post"}],"author":[{"embeddable":true,"href":"https:\/\/sgvaimudar.com.br\/index.php\/wp-json\/wp\/v2\/users\/5"}],"replies":[{"embeddable":true,"href":"https:\/\/sgvaimudar.com.br\/index.php\/wp-json\/wp\/v2\/comments?post=19953"}],"version-history":[{"count":1,"href":"https:\/\/sgvaimudar.com.br\/index.php\/wp-json\/wp\/v2\/posts\/19953\/revisions"}],"predecessor-version":[{"id":19956,"href":"https:\/\/sgvaimudar.com.br\/index.php\/wp-json\/wp\/v2\/posts\/19953\/revisions\/19956"}],"wp:featuredmedia":[{"embeddable":true,"href":"https:\/\/sgvaimudar.com.br\/index.php\/wp-json\/wp\/v2\/media\/19954"}],"wp:attachment":[{"href":"https:\/\/sgvaimudar.com.br\/index.php\/wp-json\/wp\/v2\/media?parent=19953"}],"wp:term":[{"taxonomy":"category","embeddable":true,"href":"https:\/\/sgvaimudar.com.br\/index.php\/wp-json\/wp\/v2\/categories?post=19953"},{"taxonomy":"post_tag","embeddable":true,"href":"https:\/\/sgvaimudar.com.br\/index.php\/wp-json\/wp\/v2\/tags?post=19953"}],"curies":[{"name":"wp","href":"https:\/\/api.w.org\/{rel}","templated":true}]}}