{"id":19951,"date":"2025-02-08T09:59:00","date_gmt":"2025-02-08T12:59:00","guid":{"rendered":"https:\/\/sgvaimudar.com.br\/?p=19951"},"modified":"2025-02-08T07:06:07","modified_gmt":"2025-02-08T10:06:07","slug":"corpo-e-encontrado-pela-policia-em-ilha-de-niteroi","status":"publish","type":"post","link":"https:\/\/sgvaimudar.com.br\/index.php\/2025\/02\/08\/corpo-e-encontrado-pela-policia-em-ilha-de-niteroi\/","title":{"rendered":"Corpo \u00e9 encontrado pela pol\u00edcia em Ilha de Niter\u00f3i"},"content":{"rendered":"\n<p><em>V\u00edtima n\u00e3o foi identificada e pol\u00edcia investiga o caso<\/em><\/p>\n\n\n\n<p>Os policiais do 12\u00ba BPM (Niter\u00f3i) encontraram o corpo de um homem na Ilha da Concei\u00e7\u00e3o, na Regi\u00e3o Central da cidade, na tarde desta sexta-feira (7). A informa\u00e7\u00e3o foi confirmada pela Pol\u00edcia Militar ao&nbsp;<strong>ENFOCO<\/strong>.<\/p>\n\n\n\n<p>De acordo com relatos na internet, o homem teria sido morto no Morro da Palmeira, na Zona Norte, e transportado at\u00e9 a Ilha.&nbsp;A v\u00edtima, ainda n\u00e3o identificada, apresentava ferimentos pelo corpo e estava enrolada em uma lona.<\/p>\n\n\n\n<p>A Pol\u00edcia Civil informou que &#8220;a per\u00edcia foi realizada no local e que dilig\u00eancias est\u00e3o em andamento para esclarecer as circunst\u00e2ncias da morte&#8221;.<\/p>\n\n\n\n<p>A Delegacia de Homic\u00eddios de Niter\u00f3i, S\u00e3o Gon\u00e7alo e Itabora\u00ed (DHNSG) investiga o caso.<\/p>\n\n\n\n<p><strong><em>S\u00e3o Gon\u00e7alo vai mudar: Not\u00edcias de S\u00e3o Gon\u00e7alo e toda regi\u00e3o.<\/em><\/strong><\/p>\n\n\n\n<figure class=\"wp-block-image size-full\"><img decoding=\"async\" width=\"317\" height=\"110\" src=\"https:\/\/sgvaimudar.com.br\/wp-content\/uploads\/2023\/08\/cropped-Logo-Provisoria-2-2.png\" alt=\"\" class=\"wp-image-2782\" srcset=\"https:\/\/sgvaimudar.com.br\/wp-content\/uploads\/2023\/08\/cropped-Logo-Provisoria-2-2.png 317w, https:\/\/sgvaimudar.com.br\/wp-content\/uploads\/2023\/08\/cropped-Logo-Provisoria-2-2-300x104.png 300w\" sizes=\"(max-width: 317px) 100vw, 317px\" \/><\/figure>\n","protected":false},"excerpt":{"rendered":"<p>V\u00edtima n\u00e3o foi identificada e pol\u00edcia investiga o caso Os policiais do 12\u00ba BPM (Niter\u00f3i) encontraram o corpo de um&hellip;<\/p>\n","protected":false},"author":5,"featured_media":19960,"comment_status":"open","ping_status":"open","sticky":false,"template":"","format":"standard","meta":{"fifu_image_url":"","fifu_image_alt":"","footnotes":""},"categories":[32],"tags":[47],"class_list":["post-19951","post","type-post","status-publish","format-standard","has-post-thumbnail","hentry","category-casos-de-policia","tag-rj"],"_links":{"self":[{"href":"https:\/\/sgvaimudar.com.br\/index.php\/wp-json\/wp\/v2\/posts\/19951","targetHints":{"allow":["GET"]}}],"collection":[{"href":"https:\/\/sgvaimudar.com.br\/index.php\/wp-json\/wp\/v2\/posts"}],"about":[{"href":"https:\/\/sgvaimudar.com.br\/index.php\/wp-json\/wp\/v2\/types\/post"}],"author":[{"embeddable":true,"href":"https:\/\/sgvaimudar.com.br\/index.php\/wp-json\/wp\/v2\/users\/5"}],"replies":[{"embeddable":true,"href":"https:\/\/sgvaimudar.com.br\/index.php\/wp-json\/wp\/v2\/comments?post=19951"}],"version-history":[{"count":2,"href":"https:\/\/sgvaimudar.com.br\/index.php\/wp-json\/wp\/v2\/posts\/19951\/revisions"}],"predecessor-version":[{"id":19961,"href":"https:\/\/sgvaimudar.com.br\/index.php\/wp-json\/wp\/v2\/posts\/19951\/revisions\/19961"}],"wp:featuredmedia":[{"embeddable":true,"href":"https:\/\/sgvaimudar.com.br\/index.php\/wp-json\/wp\/v2\/media\/19960"}],"wp:attachment":[{"href":"https:\/\/sgvaimudar.com.br\/index.php\/wp-json\/wp\/v2\/media?parent=19951"}],"wp:term":[{"taxonomy":"category","embeddable":true,"href":"https:\/\/sgvaimudar.com.br\/index.php\/wp-json\/wp\/v2\/categories?post=19951"},{"taxonomy":"post_tag","embeddable":true,"href":"https:\/\/sgvaimudar.com.br\/index.php\/wp-json\/wp\/v2\/tags?post=19951"}],"curies":[{"name":"wp","href":"https:\/\/api.w.org\/{rel}","templated":true}]}}