{"id":19896,"date":"2025-02-07T10:59:00","date_gmt":"2025-02-07T13:59:00","guid":{"rendered":"https:\/\/sgvaimudar.com.br\/?p=19896"},"modified":"2025-02-07T08:19:50","modified_gmt":"2025-02-07T11:19:50","slug":"socio-da-mocellin-churrascaria-morre-atropelado-por-moto-na-ilha-do-governador","status":"publish","type":"post","link":"https:\/\/sgvaimudar.com.br\/index.php\/2025\/02\/07\/socio-da-mocellin-churrascaria-morre-atropelado-por-moto-na-ilha-do-governador\/","title":{"rendered":"S\u00f3cio da Mocellin Churrascaria morre atropelado por moto na Ilha do Governador"},"content":{"rendered":"\n<p><em>N\u00e9dio Jos\u00e9 Mocellin, de 62 anos, estava na frente de uma das filiais da empresa quando foi atingido<\/em><\/p>\n\n\n\n<p>O empres\u00e1rio N\u00e9dio Jos\u00e9 Mocellin, de 62 anos, s\u00f3cio da Mocellin Churrascaria, morreu nesta quarta-feira (5) depois de ser atropelado por uma moto, na Estrada do Gale\u00e3o, na Ilha do Governador, na Zona Norte, em frente\u00a0\u00e0 uma das filiais. A Pol\u00edcia Civil investiga o caso.<\/p>\n\n\n\n<p>O acidente aconteceu por volta das 17h25. Bombeiros chegaram a prestar socorro \u00e0 v\u00edtima e encaminh\u00e1-la, em estado grave, \u00e0 Coordena\u00e7\u00e3o de Emerg\u00eancia Regional (CER) da Ilha. Mas, segundo a Secretaria Municipal de Sa\u00fade (SMS), ele chegou sem vida na unidade.<\/p>\n\n\n\n<p>Nas redes sociais, a Mocellin Churrascaria, que tem restaurantes na Ilha e em Niter\u00f3i, lamentou a morte do diretor.<\/p>\n\n\n\n<p>&#8220;Neste momento de profunda dor, toda a equipe Mocellin se une em solidariedade \u00e0 fam\u00edlia, amigos e colegas, prestando nossas mais sinceras condol\u00eancias. N\u00e9dio foi um l\u00edder inspirador, um profissional e pessoa admir\u00e1vel, deixando um legado de dedica\u00e7\u00e3o, compromisso e valores que sempre marcaram sua trajet\u00f3ria. Sua aus\u00eancia ser\u00e1 sentida por todos que tiveram o privil\u00e9gio de conhec\u00ea-lo e trabalhar ao seu lado. Que a lembran\u00e7a de sua for\u00e7a, \u00e9tica e generosidade permane\u00e7a viva em nossos cora\u00e7\u00f5es&#8221;, diz a nota.<\/p>\n\n\n\n<p>A C\u00e2mara de Dirigentes Lojistas (CDL) de Niter\u00f3i tamb\u00e9m se solidarizou com a fam\u00edlia. &#8220;N\u00e9dio foi um grande grande ser humano, empres\u00e1rio e cidad\u00e3o niteroiense. Um expoente e pioneiro da gastronomia de Niter\u00f3i e regi\u00e3o. Sua capacidade de empreender deixaram uma marca profunda em Niter\u00f3i, influenciando e inspirando v\u00e1rias pessoas que adentraram no setor de gastronomia&#8221;, destacou a institui\u00e7\u00e3o.<\/p>\n\n\n\n<p>O caso \u00e9 investigado pela 37\u00aa DP (Ilha do Governador). De acordo com a Pol\u00edcia Civil, os agentes realizam dilig\u00eancias para esclarecer todos os fatos.<\/p>\n\n\n\n<p><strong><em>S\u00e3o Gon\u00e7alo vai mudar: Not\u00edcias de S\u00e3o Gon\u00e7alo e toda regi\u00e3o.<\/em><\/strong><\/p>\n\n\n\n<figure class=\"wp-block-image size-full\"><img decoding=\"async\" width=\"317\" height=\"110\" src=\"https:\/\/sgvaimudar.com.br\/wp-content\/uploads\/2023\/08\/cropped-Logo-Provisoria-2-2.png\" alt=\"\" class=\"wp-image-2782\" srcset=\"https:\/\/sgvaimudar.com.br\/wp-content\/uploads\/2023\/08\/cropped-Logo-Provisoria-2-2.png 317w, https:\/\/sgvaimudar.com.br\/wp-content\/uploads\/2023\/08\/cropped-Logo-Provisoria-2-2-300x104.png 300w\" sizes=\"(max-width: 317px) 100vw, 317px\" \/><\/figure>\n","protected":false},"excerpt":{"rendered":"<p>N\u00e9dio Jos\u00e9 Mocellin, de 62 anos, estava na frente de uma das filiais da empresa quando foi atingido O empres\u00e1rio&hellip;<\/p>\n","protected":false},"author":5,"featured_media":19897,"comment_status":"open","ping_status":"open","sticky":false,"template":"","format":"standard","meta":{"fifu_image_url":"","fifu_image_alt":"","footnotes":""},"categories":[32],"tags":[47],"class_list":["post-19896","post","type-post","status-publish","format-standard","has-post-thumbnail","hentry","category-casos-de-policia","tag-rj"],"_links":{"self":[{"href":"https:\/\/sgvaimudar.com.br\/index.php\/wp-json\/wp\/v2\/posts\/19896","targetHints":{"allow":["GET"]}}],"collection":[{"href":"https:\/\/sgvaimudar.com.br\/index.php\/wp-json\/wp\/v2\/posts"}],"about":[{"href":"https:\/\/sgvaimudar.com.br\/index.php\/wp-json\/wp\/v2\/types\/post"}],"author":[{"embeddable":true,"href":"https:\/\/sgvaimudar.com.br\/index.php\/wp-json\/wp\/v2\/users\/5"}],"replies":[{"embeddable":true,"href":"https:\/\/sgvaimudar.com.br\/index.php\/wp-json\/wp\/v2\/comments?post=19896"}],"version-history":[{"count":1,"href":"https:\/\/sgvaimudar.com.br\/index.php\/wp-json\/wp\/v2\/posts\/19896\/revisions"}],"predecessor-version":[{"id":19898,"href":"https:\/\/sgvaimudar.com.br\/index.php\/wp-json\/wp\/v2\/posts\/19896\/revisions\/19898"}],"wp:featuredmedia":[{"embeddable":true,"href":"https:\/\/sgvaimudar.com.br\/index.php\/wp-json\/wp\/v2\/media\/19897"}],"wp:attachment":[{"href":"https:\/\/sgvaimudar.com.br\/index.php\/wp-json\/wp\/v2\/media?parent=19896"}],"wp:term":[{"taxonomy":"category","embeddable":true,"href":"https:\/\/sgvaimudar.com.br\/index.php\/wp-json\/wp\/v2\/categories?post=19896"},{"taxonomy":"post_tag","embeddable":true,"href":"https:\/\/sgvaimudar.com.br\/index.php\/wp-json\/wp\/v2\/tags?post=19896"}],"curies":[{"name":"wp","href":"https:\/\/api.w.org\/{rel}","templated":true}]}}