{"id":19882,"date":"2025-02-07T09:00:00","date_gmt":"2025-02-07T12:00:00","guid":{"rendered":"https:\/\/sgvaimudar.com.br\/?p=19882"},"modified":"2025-02-07T07:53:26","modified_gmt":"2025-02-07T10:53:26","slug":"sao-goncalo-lanca-curta-metragem-sobre-representatividade","status":"publish","type":"post","link":"https:\/\/sgvaimudar.com.br\/index.php\/2025\/02\/07\/sao-goncalo-lanca-curta-metragem-sobre-representatividade\/","title":{"rendered":"S\u00e3o Gon\u00e7alo lan\u00e7a curta-metragem sobre representatividade"},"content":{"rendered":"\n<p><em>Produ\u00e7\u00e3o de document\u00e1rio recebeu incentivo cultural da Lei Paulo Gustavo<\/em><\/p>\n\n\n\n<p>O curta-metragem \u201cJuventude em Transi\u00e7\u00e3o\u201d \u00e9 o primeiro lan\u00e7amento dentre 22 projetos de document\u00e1rios a serem produzidos em S\u00e3o Gon\u00e7alo com recursos oriundos da Lei Paulo Gustavo. <\/p>\n\n\n\n<p>Trata-se de uma obra com temas fundamentais como representatividade, identidade e autoaceita\u00e7\u00e3o. O curta foi produzido pelo Est\u00fadio Fiore, com apoio da Secretaria de Turismo e Cultura da Prefeitura de S\u00e3o Gon\u00e7alo, atrav\u00e9s da Lei Paulo Gustavo.<\/p>\n\n\n\n<figure class=\"wp-block-image size-large\"><img fetchpriority=\"high\" decoding=\"async\" width=\"1024\" height=\"683\" src=\"https:\/\/sgvaimudar.com.br\/wp-content\/uploads\/2025\/02\/unnamed-9-2-1024x683.jpg\" alt=\"\" class=\"wp-image-19883\" srcset=\"https:\/\/sgvaimudar.com.br\/wp-content\/uploads\/2025\/02\/unnamed-9-2-1024x683.jpg 1024w, https:\/\/sgvaimudar.com.br\/wp-content\/uploads\/2025\/02\/unnamed-9-2-300x200.jpg 300w, https:\/\/sgvaimudar.com.br\/wp-content\/uploads\/2025\/02\/unnamed-9-2-768x512.jpg 768w, https:\/\/sgvaimudar.com.br\/wp-content\/uploads\/2025\/02\/unnamed-9-2.jpg 1500w\" sizes=\"(max-width: 1024px) 100vw, 1024px\" \/><\/figure>\n\n\n\n<p>O projeto nasce de uma roda de conversa realizada em novembro de 2024, onde jovens de S\u00e3o Gon\u00e7alo compartilham suas experi\u00eancias sobre a transi\u00e7\u00e3o capilar, discutindo os desafios e viv\u00eancias em torno do processo de resgate do cabelo natural. <\/p>\n\n\n\n<p>Durante a roda de conversa, foram revelados hist\u00f3rias de supera\u00e7\u00e3o sobre a descoberta do cabelo natural, os obst\u00e1culos enfrentados, o preconceito vivido e as escolhas que envolveram procedimentos qu\u00edmicos, como alisamentos e relaxamentos.<\/p>\n\n\n\n<p>Essas narrativas refletem a for\u00e7a e resili\u00eancia de uma gera\u00e7\u00e3o que busca valorizar sua identidade e celebrar a diversidade capilar. O curta transmite a mensagem de que o cabelo vai muito al\u00e9m da est\u00e9tica, mas \u00e9 um s\u00edmbolo de pertencimento, autoestima e afirma\u00e7\u00e3o pessoal.<\/p>\n\n\n\n<figure class=\"wp-block-image size-large\"><img decoding=\"async\" width=\"1024\" height=\"683\" src=\"https:\/\/sgvaimudar.com.br\/wp-content\/uploads\/2025\/02\/unnamed-8-3-1024x683.jpg\" alt=\"\" class=\"wp-image-19885\" srcset=\"https:\/\/sgvaimudar.com.br\/wp-content\/uploads\/2025\/02\/unnamed-8-3-1024x683.jpg 1024w, https:\/\/sgvaimudar.com.br\/wp-content\/uploads\/2025\/02\/unnamed-8-3-300x200.jpg 300w, https:\/\/sgvaimudar.com.br\/wp-content\/uploads\/2025\/02\/unnamed-8-3-768x512.jpg 768w, https:\/\/sgvaimudar.com.br\/wp-content\/uploads\/2025\/02\/unnamed-8-3.jpg 1500w\" sizes=\"(max-width: 1024px) 100vw, 1024px\" \/><\/figure>\n\n\n\n<p>A primeira exibi\u00e7\u00e3o de \u201cJuventude em Transi\u00e7\u00e3o\u201d aconteceu no dia 2 de fevereiro no Cinemark do Partage Shopping, e agora est\u00e1 dispon\u00edvel gratuitamente no YouTube, atrav\u00e9s do link:\u00a0<a rel=\"noreferrer noopener\" href=\"https:\/\/click.cse360.com.br\/Click\/AddCampaignEmailClick\/2f56c042-2d5f-4589-fa1a-08dd3b44d9fd\/https%253a%252f%252fyoutu.be%252fiAoT0ZrXhiM%253fsi%253dArPNeLkLcvx_yT0J\/ac66966e-2b55-4484-fb2c-08dc491eed5f\/jornalistaws@gmail.com\/False\" target=\"_blank\"><u>https:\/\/youtu.be\/iAoT0ZrXhiM?si=ArPNeLkLcvx_yT0J<\/u><\/a>.<\/p>\n\n\n\n<p>\u201cJuventude em Transi\u00e7\u00e3o\u201d foi contemplado pelo Edital 01A &#8211; Produ\u00e7\u00e3o de Curtas da Lei Paulo Gustavo, que apoiou a realiza\u00e7\u00e3o de mais 22 document\u00e1rios:<\/p>\n\n\n\n<p>-A Arte PCD Gon\u00e7alense<\/p>\n\n\n\n<p>-A Pirata<\/p>\n\n\n\n<p>-A vida de mestre: das senzalas \u00e0s telas de cinema. A saga das capoeiras<\/p>\n\n\n\n<p>-Altay Veloso \u2013 O Alab\u00ea Gon\u00e7alense<\/p>\n\n\n\n<p>-Antes do \u00daltimo Adeus<\/p>\n\n\n\n<p>-Baile do Amarelo<\/p>\n\n\n\n<p>-Batalha do Tanque<\/p>\n\n\n\n<p>-Dan\u00e7a Cultural<\/p>\n\n\n\n<p>-Formatura \u2013 Um Filme de Supera\u00e7\u00e3o<\/p>\n\n\n\n<p>-Ile \u00d2s\u00fan \u00e0t\u00ed \u00d2s\u00f3si \u2013 Um Legado Familiar<\/p>\n\n\n\n<p>-Juventude em Transi\u00e7\u00e3o<\/p>\n\n\n\n<p>-L\u00eddia Maria da Silva \u2013 O Nome por Tr\u00e1s da Lona<\/p>\n\n\n\n<p>-Mente do Didi<\/p>\n\n\n\n<p>-O Circo da Alegria<\/p>\n\n\n\n<p>-O Doce Artista Autista<\/p>\n\n\n\n<p>-Para Al\u00e9m dos P\u00e1tios da Escola<\/p>\n\n\n\n<p>-Quadrilha Bal\u00e3o Dourado de SG<\/p>\n\n\n\n<p>-Quebranto das Almas<\/p>\n\n\n\n<p>-Roda Cultural do Alc\u00e2ntara \u2013 Pot\u00eancia da Arte Urbana de SG<\/p>\n\n\n\n<p>-S\u00e3o Gon\u00e7alo do Alto<\/p>\n\n\n\n<p>-S\u00e3o Gon\u00e7alo, Meu Ponto de Partida<\/p>\n\n\n\n<p>-Versos do Sub\u00farbio: a vida e a arte dos principais MCs de SG.<\/p>\n\n\n\n<p><strong><em>S\u00e3o Gon\u00e7alo vai mudar: Not\u00edcias de S\u00e3o Gon\u00e7alo e toda regi\u00e3o.<\/em><\/strong><\/p>\n\n\n\n<figure class=\"wp-block-image size-full\"><img decoding=\"async\" width=\"317\" height=\"110\" src=\"https:\/\/sgvaimudar.com.br\/wp-content\/uploads\/2023\/08\/cropped-Logo-Provisoria-2-2.png\" alt=\"\" class=\"wp-image-2782\" srcset=\"https:\/\/sgvaimudar.com.br\/wp-content\/uploads\/2023\/08\/cropped-Logo-Provisoria-2-2.png 317w, https:\/\/sgvaimudar.com.br\/wp-content\/uploads\/2023\/08\/cropped-Logo-Provisoria-2-2-300x104.png 300w\" sizes=\"(max-width: 317px) 100vw, 317px\" \/><\/figure>\n","protected":false},"excerpt":{"rendered":"<p>Produ\u00e7\u00e3o de document\u00e1rio recebeu incentivo cultural da Lei Paulo Gustavo O curta-metragem \u201cJuventude em Transi\u00e7\u00e3o\u201d \u00e9 o primeiro lan\u00e7amento dentre&hellip;<\/p>\n","protected":false},"author":5,"featured_media":19884,"comment_status":"open","ping_status":"open","sticky":false,"template":"","format":"standard","meta":{"fifu_image_url":"","fifu_image_alt":"","footnotes":""},"categories":[6],"tags":[47,75],"class_list":["post-19882","post","type-post","status-publish","format-standard","has-post-thumbnail","hentry","category-entretenimento","tag-rj","tag-sao-goncalo"],"_links":{"self":[{"href":"https:\/\/sgvaimudar.com.br\/index.php\/wp-json\/wp\/v2\/posts\/19882","targetHints":{"allow":["GET"]}}],"collection":[{"href":"https:\/\/sgvaimudar.com.br\/index.php\/wp-json\/wp\/v2\/posts"}],"about":[{"href":"https:\/\/sgvaimudar.com.br\/index.php\/wp-json\/wp\/v2\/types\/post"}],"author":[{"embeddable":true,"href":"https:\/\/sgvaimudar.com.br\/index.php\/wp-json\/wp\/v2\/users\/5"}],"replies":[{"embeddable":true,"href":"https:\/\/sgvaimudar.com.br\/index.php\/wp-json\/wp\/v2\/comments?post=19882"}],"version-history":[{"count":1,"href":"https:\/\/sgvaimudar.com.br\/index.php\/wp-json\/wp\/v2\/posts\/19882\/revisions"}],"predecessor-version":[{"id":19886,"href":"https:\/\/sgvaimudar.com.br\/index.php\/wp-json\/wp\/v2\/posts\/19882\/revisions\/19886"}],"wp:featuredmedia":[{"embeddable":true,"href":"https:\/\/sgvaimudar.com.br\/index.php\/wp-json\/wp\/v2\/media\/19884"}],"wp:attachment":[{"href":"https:\/\/sgvaimudar.com.br\/index.php\/wp-json\/wp\/v2\/media?parent=19882"}],"wp:term":[{"taxonomy":"category","embeddable":true,"href":"https:\/\/sgvaimudar.com.br\/index.php\/wp-json\/wp\/v2\/categories?post=19882"},{"taxonomy":"post_tag","embeddable":true,"href":"https:\/\/sgvaimudar.com.br\/index.php\/wp-json\/wp\/v2\/tags?post=19882"}],"curies":[{"name":"wp","href":"https:\/\/api.w.org\/{rel}","templated":true}]}}