{"id":19869,"date":"2025-02-07T07:10:53","date_gmt":"2025-02-07T10:10:53","guid":{"rendered":"https:\/\/sgvaimudar.com.br\/?p=19869"},"modified":"2025-02-07T07:10:53","modified_gmt":"2025-02-07T10:10:53","slug":"no-apagar-das-luzes-botafogo-vence-nova-iguacu-e-respira","status":"publish","type":"post","link":"https:\/\/sgvaimudar.com.br\/index.php\/2025\/02\/07\/no-apagar-das-luzes-botafogo-vence-nova-iguacu-e-respira\/","title":{"rendered":"No apagar das luzes, Botafogo vence Nova Igua\u00e7u e respira"},"content":{"rendered":"\n<p><em>O Glorioso volta a campo contra o Madureira, no pr\u00f3ximo domingo (8), \u00e0s 16h (de Bras\u00edlia), no Nilton Santos<\/em><\/p>\n\n\n\n<p>O\u00a0Botafogo venceu o Nova Igua\u00e7u por 1 a 0, na noite desta quinta-feira (6), em jogo v\u00e1lido pela oitava rodada do Campeonato Carioca, no est\u00e1dio Mo\u00e7a Bonita, em Bangu. Kayke foi o autor do gol da partida, que valeu a vaga no G4 da competi\u00e7\u00e3o. <\/p>\n\n\n\n<p>O Botafogo n\u00e3o conseguiu encaixar o jogo e, al\u00e9m da atua\u00e7\u00e3o abaixo do esperado, o elenco alvinegro sofreu com les\u00f5es que se tornaram um problema para a sequ\u00eancia da competi\u00e7\u00e3o. <\/p>\n\n\n\n<p>O in\u00edcio do jogo foi lento, e apesar de os goleiros terem trabalhado, n\u00e3o houve grandes oportunidades. O Glorioso teve mais chances de abrir o placar, mas todas esbarraram ou na defesas de Lucas Maticoli ou na falta de precis\u00e3o nas finaliza\u00e7\u00f5es. Com o passar dos minutos, a partida se tornou mais din\u00e2mica, mas o que roubou a aten\u00e7\u00e3o em Mo\u00e7a Bonita foram as les\u00f5es.<\/p>\n\n\n\n<p>Primeiro foi o zagueiro Bastos, que voltava aos gramados depois da les\u00e3o no fim de novembro. Ele sofreu falta, logo aos tr\u00eas minutos, e n\u00e3o conseguiu prosseguir em campo, sendo substitu\u00eddo por Serafim, jovem da base.<\/p>\n\n\n\n<p>Em seguida, ainda no primeiro tempo, Arthur foi mais um a sentir o m\u00fasculo posterior e tamb\u00e9m saiu de campo para a entrada de Rafael Lobato. A partida seguiu sem muitas emo\u00e7\u00f5es.<\/p>\n\n\n\n<p>O segundo tempo n\u00e3o foi muito diferente. O Botafogo manteve a posse de bola, mas pecou com erros de passes e dificuldade de armar jogadas diante do Nova Igua\u00e7u, que optou por uma partida segura defensivamente e chegou a levar perigo ao gol de John. As les\u00f5es tamb\u00e9m se repetiram na segunda etapa.<\/p>\n\n\n\n<p>Serafim, que havia entrado no lugar de Bastos, foi mais um que sentiu e precisou ser substitu\u00eddo por Patrick de Paula. Assim, o Botafogo ficou sem op\u00e7\u00f5es para a zaga na partida.<\/p>\n\n\n\n<p>Aos nove minutos, Matheus Martins foi derrubado por Yan Silva dentro da \u00e1rea e o \u00e1rbitro marcou p\u00eanalti para o Alvinegro. Parecia ser o momento para mudar o jogo. Nada feito. Savarino cobrou, e Lucas Maticoli fez a defesa para manter o 0 a 0 no placar. <\/p>\n\n\n\n<p>A reta final ficou longe de ser interessante, Matheus Martins e Savarino tentaram arrancadas, que quase sempre esbarravam na defesa do Laranj\u00e3o. Foi apenas aos 45 minutos, no contra-ataque, que o garoto Kayke, depois de uma bela assist\u00eancia do camisa 10, marcou o gol da vit\u00f3ria do Botafogo por 1 a 0 sobre o Nova Igua\u00e7u.<\/p>\n\n\n\n<p>Com o resultado, o Botafogo assume a quarta posi\u00e7\u00e3o, com 12 pontos e um jogo a menos, enquanto o Nova Igua\u00e7u \u00e9 o sexto colocado, com a mesma pontua\u00e7\u00e3o. O Alvinegro volta a campo no pr\u00f3ximo domingo (9), contra o Madureira, pela nona rodada do Campeonato Carioca, no Nilton Santos, a partir das 16h (de Bras\u00edlia).<\/p>\n\n\n\n<p><strong><em>S\u00e3o Gon\u00e7alo vai mudar: Not\u00edcias de S\u00e3o Gon\u00e7alo e toda regi\u00e3o.<\/em><\/strong><\/p>\n\n\n\n<figure class=\"wp-block-image size-full\"><img decoding=\"async\" width=\"317\" height=\"110\" src=\"https:\/\/sgvaimudar.com.br\/wp-content\/uploads\/2023\/08\/cropped-Logo-Provisoria-2-2.png\" alt=\"\" class=\"wp-image-2782\" srcset=\"https:\/\/sgvaimudar.com.br\/wp-content\/uploads\/2023\/08\/cropped-Logo-Provisoria-2-2.png 317w, https:\/\/sgvaimudar.com.br\/wp-content\/uploads\/2023\/08\/cropped-Logo-Provisoria-2-2-300x104.png 300w\" sizes=\"(max-width: 317px) 100vw, 317px\" \/><\/figure>\n","protected":false},"excerpt":{"rendered":"<p>O Glorioso volta a campo contra o Madureira, no pr\u00f3ximo domingo (8), \u00e0s 16h (de Bras\u00edlia), no Nilton Santos O\u00a0Botafogo&hellip;<\/p>\n","protected":false},"author":5,"featured_media":19870,"comment_status":"open","ping_status":"open","sticky":false,"template":"","format":"standard","meta":{"fifu_image_url":"","fifu_image_alt":"","footnotes":""},"categories":[5],"tags":[],"class_list":["post-19869","post","type-post","status-publish","format-standard","has-post-thumbnail","hentry","category-esportes"],"_links":{"self":[{"href":"https:\/\/sgvaimudar.com.br\/index.php\/wp-json\/wp\/v2\/posts\/19869","targetHints":{"allow":["GET"]}}],"collection":[{"href":"https:\/\/sgvaimudar.com.br\/index.php\/wp-json\/wp\/v2\/posts"}],"about":[{"href":"https:\/\/sgvaimudar.com.br\/index.php\/wp-json\/wp\/v2\/types\/post"}],"author":[{"embeddable":true,"href":"https:\/\/sgvaimudar.com.br\/index.php\/wp-json\/wp\/v2\/users\/5"}],"replies":[{"embeddable":true,"href":"https:\/\/sgvaimudar.com.br\/index.php\/wp-json\/wp\/v2\/comments?post=19869"}],"version-history":[{"count":1,"href":"https:\/\/sgvaimudar.com.br\/index.php\/wp-json\/wp\/v2\/posts\/19869\/revisions"}],"predecessor-version":[{"id":19871,"href":"https:\/\/sgvaimudar.com.br\/index.php\/wp-json\/wp\/v2\/posts\/19869\/revisions\/19871"}],"wp:featuredmedia":[{"embeddable":true,"href":"https:\/\/sgvaimudar.com.br\/index.php\/wp-json\/wp\/v2\/media\/19870"}],"wp:attachment":[{"href":"https:\/\/sgvaimudar.com.br\/index.php\/wp-json\/wp\/v2\/media?parent=19869"}],"wp:term":[{"taxonomy":"category","embeddable":true,"href":"https:\/\/sgvaimudar.com.br\/index.php\/wp-json\/wp\/v2\/categories?post=19869"},{"taxonomy":"post_tag","embeddable":true,"href":"https:\/\/sgvaimudar.com.br\/index.php\/wp-json\/wp\/v2\/tags?post=19869"}],"curies":[{"name":"wp","href":"https:\/\/api.w.org\/{rel}","templated":true}]}}