{"id":19866,"date":"2025-02-06T21:00:00","date_gmt":"2025-02-07T00:00:00","guid":{"rendered":"https:\/\/sgvaimudar.com.br\/?p=19866"},"modified":"2025-02-06T10:58:54","modified_gmt":"2025-02-06T13:58:54","slug":"em-rio-bonito-novo-onibus-para-o-transporte-escolar-esta-pronto-para-uso","status":"publish","type":"post","link":"https:\/\/sgvaimudar.com.br\/index.php\/2025\/02\/06\/em-rio-bonito-novo-onibus-para-o-transporte-escolar-esta-pronto-para-uso\/","title":{"rendered":"Em Rio Bonito, novo \u00f4nibus para o transporte escolar est\u00e1 pronto para uso"},"content":{"rendered":"\n<p><em>O ve\u00edculo tem capacidade para levar at\u00e9 60 estudantes sentados<\/em><\/p>\n\n\n\n<p>O \u00f4nibus escolar, recebido por meio do Programa Caminhos da Escola, foi oficialmente apresentado pelo prefeito Marcos Abrah\u00e3o na \u00faltima segunda-feira (3), ap\u00f3s finalizar o processo de emplacamento pelo Departamento de Tr\u00e2nsito. O ve\u00edculo j\u00e1 est\u00e1 pronto para uso e garantir o acesso de estudantes com comodidade \u00e0 escola p\u00fablica neste ano letivo de 2025.<\/p>\n\n\n\n<p>O ve\u00edculo conta com recursos modernos e adaptados para oferecer um transporte mais seguro e confort\u00e1vel. Entre os diferenciais, est\u00e3o o ar-condicionado, Wi-Fi gratuito, poltronas acess\u00edveis, sistema de rastreamento e adapta\u00e7\u00f5es para o atendimento de estudantes com defici\u00eancia.<\/p>\n\n\n\n<p>O prefeito Marcos Abrah\u00e3o destacou a import\u00e2ncia de a\u00e7\u00f5es que visem melhorar o acesso \u00e0 educa\u00e7\u00e3o.<\/p>\n\n\n\n<p>\u201cEste novo \u00f4nibus representa um avan\u00e7o na nossa miss\u00e3o de garantir n\u00e3o apenas uma educa\u00e7\u00e3o de qualidade, mas tamb\u00e9m condi\u00e7\u00f5es adequadas para o seu deslocamento at\u00e9 a escola\u201d, afirmou o prefeito.<\/p>\n\n\n\n<p><strong>AQUISI\u00c7\u00c3O<\/strong>&nbsp;\u2013 Ao final de 2023, foi publicada a maior Ata de Registro de Pre\u00e7o dos \u00faltimos anos, com quase 16 mil unidades, possibilitando que estados, munic\u00edpios e o Distrito Federal adquirissem novas unidades para garantir o transporte dos estudantes das redes p\u00fablicas de ensino. Com validade de 12 meses, h\u00e1 um edital dispon\u00edvel que possibilita a eventual aquisi\u00e7\u00e3o de 15.220 novos ve\u00edculos escolares.<\/p>\n\n\n\n<p><strong>CAMINHOS DA ESCOLA<\/strong>\u00a0\u2013 Criado em 2007, o Programa Caminhos da Escola tem o objetivo garantir o acesso di\u00e1rio e a perman\u00eancia de estudantes residentes em \u00e1reas rurais e ribeirinhas nas escolas p\u00fablicas de educa\u00e7\u00e3o b\u00e1sica. O programa oferece \u00f4nibus, embarca\u00e7\u00f5es e bicicletas fabricados especialmente para o tr\u00e1fego nessas regi\u00f5es, onde normalmente h\u00e1 dificuldades para se chegar \u00e0s unidades de ensino.<\/p>\n\n\n\n<p><strong><em>S\u00e3o Gon\u00e7alo vai mudar: Not\u00edcias de S\u00e3o Gon\u00e7alo e toda regi\u00e3o.<\/em><\/strong><\/p>\n\n\n\n<figure class=\"wp-block-image size-full\"><img decoding=\"async\" width=\"317\" height=\"110\" src=\"https:\/\/sgvaimudar.com.br\/wp-content\/uploads\/2023\/08\/cropped-Logo-Provisoria-2-2.png\" alt=\"\" class=\"wp-image-2782\" srcset=\"https:\/\/sgvaimudar.com.br\/wp-content\/uploads\/2023\/08\/cropped-Logo-Provisoria-2-2.png 317w, https:\/\/sgvaimudar.com.br\/wp-content\/uploads\/2023\/08\/cropped-Logo-Provisoria-2-2-300x104.png 300w\" sizes=\"(max-width: 317px) 100vw, 317px\" \/><\/figure>\n","protected":false},"excerpt":{"rendered":"<p>O ve\u00edculo tem capacidade para levar at\u00e9 60 estudantes sentados O \u00f4nibus escolar, recebido por meio do Programa Caminhos da&hellip;<\/p>\n","protected":false},"author":5,"featured_media":19867,"comment_status":"open","ping_status":"open","sticky":false,"template":"","format":"standard","meta":{"fifu_image_url":"","fifu_image_alt":"","footnotes":""},"categories":[3],"tags":[47],"class_list":["post-19866","post","type-post","status-publish","format-standard","has-post-thumbnail","hentry","category-sao-goncalo","tag-rj"],"_links":{"self":[{"href":"https:\/\/sgvaimudar.com.br\/index.php\/wp-json\/wp\/v2\/posts\/19866","targetHints":{"allow":["GET"]}}],"collection":[{"href":"https:\/\/sgvaimudar.com.br\/index.php\/wp-json\/wp\/v2\/posts"}],"about":[{"href":"https:\/\/sgvaimudar.com.br\/index.php\/wp-json\/wp\/v2\/types\/post"}],"author":[{"embeddable":true,"href":"https:\/\/sgvaimudar.com.br\/index.php\/wp-json\/wp\/v2\/users\/5"}],"replies":[{"embeddable":true,"href":"https:\/\/sgvaimudar.com.br\/index.php\/wp-json\/wp\/v2\/comments?post=19866"}],"version-history":[{"count":1,"href":"https:\/\/sgvaimudar.com.br\/index.php\/wp-json\/wp\/v2\/posts\/19866\/revisions"}],"predecessor-version":[{"id":19868,"href":"https:\/\/sgvaimudar.com.br\/index.php\/wp-json\/wp\/v2\/posts\/19866\/revisions\/19868"}],"wp:featuredmedia":[{"embeddable":true,"href":"https:\/\/sgvaimudar.com.br\/index.php\/wp-json\/wp\/v2\/media\/19867"}],"wp:attachment":[{"href":"https:\/\/sgvaimudar.com.br\/index.php\/wp-json\/wp\/v2\/media?parent=19866"}],"wp:term":[{"taxonomy":"category","embeddable":true,"href":"https:\/\/sgvaimudar.com.br\/index.php\/wp-json\/wp\/v2\/categories?post=19866"},{"taxonomy":"post_tag","embeddable":true,"href":"https:\/\/sgvaimudar.com.br\/index.php\/wp-json\/wp\/v2\/tags?post=19866"}],"curies":[{"name":"wp","href":"https:\/\/api.w.org\/{rel}","templated":true}]}}