{"id":19862,"date":"2025-02-06T19:00:00","date_gmt":"2025-02-06T22:00:00","guid":{"rendered":"https:\/\/sgvaimudar.com.br\/?p=19862"},"modified":"2025-02-06T10:47:37","modified_gmt":"2025-02-06T13:47:37","slug":"prefeitura-e-enel-rio-anunciam-investimentos-de-r-114-milhoes-em-itaborai","status":"publish","type":"post","link":"https:\/\/sgvaimudar.com.br\/index.php\/2025\/02\/06\/prefeitura-e-enel-rio-anunciam-investimentos-de-r-114-milhoes-em-itaborai\/","title":{"rendered":"Prefeitura e Enel Rio anunciam investimentos de R$ 11,4 milh\u00f5es em Itabora\u00ed"},"content":{"rendered":"\n<p><em>Chefe do Executivo itaboraiense, Marcelo Delaroli, destacou a import\u00e2ncia desse investimento para o munic\u00edpio<\/em><\/p>\n\n\n\n<p>O munic\u00edpio de Itabora\u00ed ser\u00e1 um dos beneficiados pelo plano de investimentos da Enel Rio no estado. Em parceria com a Prefeitura, que vai acompanhar e vai fiscalizar as a\u00e7\u00f5es, a distribuidora investir\u00e1 R$ 11,4 milh\u00f5es em obras que trar\u00e3o melhorias significativas na qualidade dos servi\u00e7os prestados \u00e0 popula\u00e7\u00e3o.<\/p>\n\n\n\n<p>A Prefeitura destaca que, como parte desse processo, ser\u00e1 implantado na cidade um centro de treinamento e capacita\u00e7\u00e3o de eletricistas, al\u00e9m da instala\u00e7\u00e3o de uma base operacional, prevista para entrar em atividade at\u00e9 setembro deste ano. <\/p>\n\n\n\n<p>&#8220;Essa iniciativa n\u00e3o apenas fortalece a infraestrutura el\u00e9trica do munic\u00edpio, mas tamb\u00e9m impulsiona a gera\u00e7\u00e3o de empregos e qualifica\u00e7\u00e3o profissional, trazendo benef\u00edcios diretos para a popula\u00e7\u00e3o itaboraiense&#8221;, disse o poder p\u00fablico no texto.<\/p>\n\n\n\n<p>Para 2025, est\u00e3o previstos R$ 8,5 milh\u00f5es em obras estruturais para amplia\u00e7\u00e3o da capacidade de atendimento a novas demandas, garantindo um servi\u00e7o mais eficiente e abrangente. Outros R$ 2,9 milh\u00f5es ser\u00e3o destinados a projetos que impactar\u00e3o diretamente na qualidade do fornecimento de energia el\u00e9trica e na chegada de novos clientes \u00e0 rede.<\/p>\n\n\n\n<p>Al\u00e9m das amplia\u00e7\u00f5es, os servi\u00e7os preventivos ser\u00e3o intensificados, preparando a cidade para enfrentar desafios como as instabilidades clim\u00e1ticas. Est\u00e1 programada a realiza\u00e7\u00e3o de 13 mil podas de \u00e1rvores e 1,8 mil manuten\u00e7\u00f5es ao longo do ano, um aumento de 14% nas a\u00e7\u00f5es de poda e 84% nas de manuten\u00e7\u00e3o em rela\u00e7\u00e3o a 2024.<\/p>\n\n\n\n<p>O prefeito de Itabora\u00ed, Marcelo Delaroli, disse que esse \u00e9 um avan\u00e7o essencial para Itabora\u00ed. &#8220;A parceria com a Enel vai garantir um servi\u00e7o de qualidade para a nossa popula\u00e7\u00e3o, trazendo mais seguran\u00e7a no fornecimento de energia e novas oportunidades de emprego com a implanta\u00e7\u00e3o do centro de capacita\u00e7\u00e3o e da base operacional. Nosso compromisso \u00e9 acompanhar de perto cada etapa para que os benef\u00edcios cheguem de fato aos itaboraienses\u201d, disse Delaroli.<\/p>\n\n\n\n<p>&#8220;A Prefeitura de Itabora\u00ed segue acompanhando e fiscalizando todas as etapas desse investimento, garantindo que as melhorias sejam implementadas com qualidade e que o impacto positivo seja sentido no dia a dia da popula\u00e7\u00e3o&#8221;, afirmou o Executivo na nota.<\/p>\n\n\n\n<p><strong><em>S\u00e3o Gon\u00e7alo vai mudar: Not\u00edcias de S\u00e3o Gon\u00e7alo e toda regi\u00e3o.<\/em><\/strong><\/p>\n\n\n\n<figure class=\"wp-block-image size-full\"><img decoding=\"async\" width=\"317\" height=\"110\" src=\"https:\/\/sgvaimudar.com.br\/wp-content\/uploads\/2023\/08\/cropped-Logo-Provisoria-2-2.png\" alt=\"\" class=\"wp-image-2782\" srcset=\"https:\/\/sgvaimudar.com.br\/wp-content\/uploads\/2023\/08\/cropped-Logo-Provisoria-2-2.png 317w, https:\/\/sgvaimudar.com.br\/wp-content\/uploads\/2023\/08\/cropped-Logo-Provisoria-2-2-300x104.png 300w\" sizes=\"(max-width: 317px) 100vw, 317px\" \/><\/figure>\n","protected":false},"excerpt":{"rendered":"<p>Chefe do Executivo itaboraiense, Marcelo Delaroli, destacou a import\u00e2ncia desse investimento para o munic\u00edpio O munic\u00edpio de Itabora\u00ed ser\u00e1 um&hellip;<\/p>\n","protected":false},"author":5,"featured_media":19863,"comment_status":"open","ping_status":"open","sticky":false,"template":"","format":"standard","meta":{"fifu_image_url":"","fifu_image_alt":"","footnotes":""},"categories":[3],"tags":[47],"class_list":["post-19862","post","type-post","status-publish","format-standard","has-post-thumbnail","hentry","category-sao-goncalo","tag-rj"],"_links":{"self":[{"href":"https:\/\/sgvaimudar.com.br\/index.php\/wp-json\/wp\/v2\/posts\/19862","targetHints":{"allow":["GET"]}}],"collection":[{"href":"https:\/\/sgvaimudar.com.br\/index.php\/wp-json\/wp\/v2\/posts"}],"about":[{"href":"https:\/\/sgvaimudar.com.br\/index.php\/wp-json\/wp\/v2\/types\/post"}],"author":[{"embeddable":true,"href":"https:\/\/sgvaimudar.com.br\/index.php\/wp-json\/wp\/v2\/users\/5"}],"replies":[{"embeddable":true,"href":"https:\/\/sgvaimudar.com.br\/index.php\/wp-json\/wp\/v2\/comments?post=19862"}],"version-history":[{"count":2,"href":"https:\/\/sgvaimudar.com.br\/index.php\/wp-json\/wp\/v2\/posts\/19862\/revisions"}],"predecessor-version":[{"id":19865,"href":"https:\/\/sgvaimudar.com.br\/index.php\/wp-json\/wp\/v2\/posts\/19862\/revisions\/19865"}],"wp:featuredmedia":[{"embeddable":true,"href":"https:\/\/sgvaimudar.com.br\/index.php\/wp-json\/wp\/v2\/media\/19863"}],"wp:attachment":[{"href":"https:\/\/sgvaimudar.com.br\/index.php\/wp-json\/wp\/v2\/media?parent=19862"}],"wp:term":[{"taxonomy":"category","embeddable":true,"href":"https:\/\/sgvaimudar.com.br\/index.php\/wp-json\/wp\/v2\/categories?post=19862"},{"taxonomy":"post_tag","embeddable":true,"href":"https:\/\/sgvaimudar.com.br\/index.php\/wp-json\/wp\/v2\/tags?post=19862"}],"curies":[{"name":"wp","href":"https:\/\/api.w.org\/{rel}","templated":true}]}}