{"id":19858,"date":"2025-02-06T17:00:00","date_gmt":"2025-02-06T20:00:00","guid":{"rendered":"https:\/\/sgvaimudar.com.br\/?p=19858"},"modified":"2025-02-06T10:40:19","modified_gmt":"2025-02-06T13:40:19","slug":"prefeitura-de-itaborai-oferece-aulas-gratuitas-de-funcional","status":"publish","type":"post","link":"https:\/\/sgvaimudar.com.br\/index.php\/2025\/02\/06\/prefeitura-de-itaborai-oferece-aulas-gratuitas-de-funcional\/","title":{"rendered":"Prefeitura de Itabora\u00ed oferece aulas gratuitas de funcional"},"content":{"rendered":"\n<p><em>O novo projeto, \u201cTransformar na Pra\u00e7a\u201d, ter\u00e1 in\u00edcio na segunda 17\/2 na Pra\u00e7a Marechal Floriano Peixoto<\/em><\/p>\n\n\n\n<p>A Prefeitura de Itabora\u00ed, por meio da Secretaria Municipal de Esporte e Lazer (Semel), lan\u00e7a mais uma iniciativa para incentivar a pr\u00e1tica esportiva e a qualidade de vida da popula\u00e7\u00e3o. A\u00e7\u00e3o vai oferecer aulas gratuitas de funcional, de segunda a sexta-feira, sempre \u00e0s 7h, na quadra da Pra\u00e7a Marechal Floriano Peixoto, no Centro.<\/p>\n\n\n\n<figure class=\"wp-block-image size-large\"><img fetchpriority=\"high\" decoding=\"async\" width=\"1024\" height=\"768\" src=\"https:\/\/sgvaimudar.com.br\/wp-content\/uploads\/2025\/02\/Prefeitura-de-Itaborai-oferece-aulas-gratuitas-de-funcional-1024x768.jpeg\" alt=\"\" class=\"wp-image-19859\" srcset=\"https:\/\/sgvaimudar.com.br\/wp-content\/uploads\/2025\/02\/Prefeitura-de-Itaborai-oferece-aulas-gratuitas-de-funcional-1024x768.jpeg 1024w, https:\/\/sgvaimudar.com.br\/wp-content\/uploads\/2025\/02\/Prefeitura-de-Itaborai-oferece-aulas-gratuitas-de-funcional-300x225.jpeg 300w, https:\/\/sgvaimudar.com.br\/wp-content\/uploads\/2025\/02\/Prefeitura-de-Itaborai-oferece-aulas-gratuitas-de-funcional-768x576.jpeg 768w, https:\/\/sgvaimudar.com.br\/wp-content\/uploads\/2025\/02\/Prefeitura-de-Itaborai-oferece-aulas-gratuitas-de-funcional.jpeg 1280w\" sizes=\"(max-width: 1024px) 100vw, 1024px\" \/><\/figure>\n\n\n\n<p>As inscri\u00e7\u00f5es ser\u00e3o realizadas no pr\u00f3prio local, no dia da atividade, sendo aberta para todos que desejam participar. O objetivo do projeto \u00e9 proporcionar um espa\u00e7o acess\u00edvel para a pr\u00e1tica de exerc\u00edcios f\u00edsicos, incentivando h\u00e1bitos saud\u00e1veis e promovendo o bem-estar da comunidade.<\/p>\n\n\n\n<p>O secret\u00e1rio municipal de Esporte e Lazer, Marcelo Leite, ressaltou a import\u00e2ncia da iniciativa.<\/p>\n\n\n\n<p>\u201cCom o \u2018Transformar na Pra\u00e7a\u2019, queremos levar a atividade f\u00edsica para o dia a dia da popula\u00e7\u00e3o, utilizando espa\u00e7os p\u00fablicos para incentivar um estilo de vida mais saud\u00e1vel. Nosso compromisso \u00e9 tornar o esporte acess\u00edvel a todos, e esse projeto refor\u00e7a essa miss\u00e3o\u201d, afirmou o secret\u00e1rio.<\/p>\n\n\n\n<p>A SEMEL convida todos os interessados a comparecerem e aproveitarem os benef\u00edcios que a pr\u00e1tica esportiva oferece.<\/p>\n\n\n\n<p><strong>Servi\u00e7o<\/strong>:<br><strong>Projeto Transformar na Pra\u00e7a<br><\/strong>Local: Pra\u00e7a Marechal Floriano Peixoto, Centro<br>Data: 17\/02\/2025<br>Hor\u00e1rio: 7h.<\/p>\n\n\n\n<p><strong><em>S\u00e3o Gon\u00e7alo vai mudar: Not\u00edcias de S\u00e3o Gon\u00e7alo e toda regi\u00e3o.<\/em><\/strong><\/p>\n\n\n\n<figure class=\"wp-block-image size-full\"><img decoding=\"async\" width=\"317\" height=\"110\" src=\"https:\/\/sgvaimudar.com.br\/wp-content\/uploads\/2023\/08\/cropped-Logo-Provisoria-2-2.png\" alt=\"\" class=\"wp-image-2782\" srcset=\"https:\/\/sgvaimudar.com.br\/wp-content\/uploads\/2023\/08\/cropped-Logo-Provisoria-2-2.png 317w, https:\/\/sgvaimudar.com.br\/wp-content\/uploads\/2023\/08\/cropped-Logo-Provisoria-2-2-300x104.png 300w\" sizes=\"(max-width: 317px) 100vw, 317px\" \/><\/figure>\n","protected":false},"excerpt":{"rendered":"<p>O novo projeto, \u201cTransformar na Pra\u00e7a\u201d, ter\u00e1 in\u00edcio na segunda 17\/2 na Pra\u00e7a Marechal Floriano Peixoto A Prefeitura de Itabora\u00ed,&hellip;<\/p>\n","protected":false},"author":5,"featured_media":19860,"comment_status":"open","ping_status":"open","sticky":false,"template":"","format":"standard","meta":{"fifu_image_url":"","fifu_image_alt":"","footnotes":""},"categories":[5],"tags":[47],"class_list":["post-19858","post","type-post","status-publish","format-standard","has-post-thumbnail","hentry","category-esportes","tag-rj"],"_links":{"self":[{"href":"https:\/\/sgvaimudar.com.br\/index.php\/wp-json\/wp\/v2\/posts\/19858","targetHints":{"allow":["GET"]}}],"collection":[{"href":"https:\/\/sgvaimudar.com.br\/index.php\/wp-json\/wp\/v2\/posts"}],"about":[{"href":"https:\/\/sgvaimudar.com.br\/index.php\/wp-json\/wp\/v2\/types\/post"}],"author":[{"embeddable":true,"href":"https:\/\/sgvaimudar.com.br\/index.php\/wp-json\/wp\/v2\/users\/5"}],"replies":[{"embeddable":true,"href":"https:\/\/sgvaimudar.com.br\/index.php\/wp-json\/wp\/v2\/comments?post=19858"}],"version-history":[{"count":1,"href":"https:\/\/sgvaimudar.com.br\/index.php\/wp-json\/wp\/v2\/posts\/19858\/revisions"}],"predecessor-version":[{"id":19861,"href":"https:\/\/sgvaimudar.com.br\/index.php\/wp-json\/wp\/v2\/posts\/19858\/revisions\/19861"}],"wp:featuredmedia":[{"embeddable":true,"href":"https:\/\/sgvaimudar.com.br\/index.php\/wp-json\/wp\/v2\/media\/19860"}],"wp:attachment":[{"href":"https:\/\/sgvaimudar.com.br\/index.php\/wp-json\/wp\/v2\/media?parent=19858"}],"wp:term":[{"taxonomy":"category","embeddable":true,"href":"https:\/\/sgvaimudar.com.br\/index.php\/wp-json\/wp\/v2\/categories?post=19858"},{"taxonomy":"post_tag","embeddable":true,"href":"https:\/\/sgvaimudar.com.br\/index.php\/wp-json\/wp\/v2\/tags?post=19858"}],"curies":[{"name":"wp","href":"https:\/\/api.w.org\/{rel}","templated":true}]}}