{"id":19855,"date":"2025-02-06T15:00:00","date_gmt":"2025-02-06T18:00:00","guid":{"rendered":"https:\/\/sgvaimudar.com.br\/?p=19855"},"modified":"2025-02-06T10:33:43","modified_gmt":"2025-02-06T13:33:43","slug":"policia-apoia-fiscalizacao-em-terminal-rodoviario-de-alcantara-em-sao-goncalo","status":"publish","type":"post","link":"https:\/\/sgvaimudar.com.br\/index.php\/2025\/02\/06\/policia-apoia-fiscalizacao-em-terminal-rodoviario-de-alcantara-em-sao-goncalo\/","title":{"rendered":"Pol\u00edcia apoia fiscaliza\u00e7\u00e3o em Terminal Rodovi\u00e1rio de Alc\u00e2ntara, em S\u00e3o Gon\u00e7alo"},"content":{"rendered":"\n<p><em>Calor dentro dos coletivos passava dos 40\u00ba. Ao todo, 13 empresas j\u00e1 foram notificadas<\/em><\/p>\n\n\n\n<p>A Secretaria de Estado de Defesa do Consumidor (Sedcon) e a Autarquia de Prote\u00e7\u00e3o e Defesa do Consumidor do Estado do Rio de Janeiro (Procon-RJ) realizaram nesta quarta-feira (05\/02) fiscaliza\u00e7\u00e3o no Terminal Rodovi\u00e1rio de Alc\u00e2ntara, em S\u00e3o Gon\u00e7alo, com o apoio do 7\u00ba Batalh\u00e3o da Pol\u00edcia Militar. \u00a0\u00a0<\/p>\n\n\n\n<p>Durante a opera\u00e7\u00e3o foram fiscalizados cerca de 30 coletivos. A principal irregularidade encontrada foi a falta de climatiza\u00e7\u00e3o adequada. Quatro empresas ser\u00e3o notificadas para prestar esclarecimentos sobre a irregularidade e t\u00eam um prazo 15 dias para apresentar defesa, sob pena de multa que pode chegar a mais de 13 milh\u00f5es de reais.&nbsp;<\/p>\n\n\n\n<p>O secret\u00e1rio de Estado de Defesa do Consumidor, Gutemberg Fonseca, esclareceu que essas fiscaliza\u00e7\u00f5es foram originadas pelas diversas reclama\u00e7\u00f5es recebidas pela Secretaria e pela Autarquia e por not\u00edcias publicadas na imprensa.\u00a0<\/p>\n\n\n\n<p>\u201cEstamos monitorando todas as reclama\u00e7\u00f5es que est\u00e3o chegando pelos nossos canais de atendimento e o nosso setor de intelig\u00eancia da Secretaria e da Autarquia vem elaborando as a\u00e7\u00f5es de fiscaliza\u00e7\u00e3o em v\u00e1rios terminais rodovi\u00e1rios. Nossos agentes est\u00e3o orientando, autuando e at\u00e9 mesmo lacrando os coletivos que est\u00e3o com problemas no estado de conserva\u00e7\u00e3o, que n\u00e3o cumprem as normas de temperatura e condi\u00e7\u00f5es b\u00e1sicas nas rela\u00e7\u00f5es de consumo entre as empresas e os passageiros. Essas fiscaliza\u00e7\u00f5es n\u00e3o est\u00e3o acontecendo somente na capital, tamb\u00e9m estamos atuando em outras regi\u00f5es do estado. Vamos seguir fiscalizando e agir com rigor sempre que for preciso\u201d, afirmou o secret\u00e1rio.\u00a0<\/p>\n\n\n\n<p>Na semana passada, os \u00f3rg\u00e3os tamb\u00e9m realizaram opera\u00e7\u00f5es de fiscaliza\u00e7\u00e3o no Terminal Municipal Proc\u00f3pio Ferreira, no centro e no Terminal Bandeira Brasil, na Taquara e no Terminal de Campo Grande, na Zona Oeste, com um total de cerca de 200 coletivos vistoriados, sendo que quatro foram lacrados por apresentarem irregularidades graves.<\/p>\n\n\n\n<p>\u201cDurante as opera\u00e7\u00f5es da semana passada o que nos causou espanto foi a quantidade de elevadores de acessibilidade inoperantes nos \u00f4nibus da capital. Em alguns casos, os motoristas sequer sabiam como manusear o equipamento. Isso \u00e9 um absurdo. Temos que respeitar o direito de ir e vir do cidad\u00e3o\u201d, finalizou Gutemberg Fonseca, que explicou ainda que a Secretaria e a Autarquia tamb\u00e9m realizam pesquisas junto aos consumidores durante as fiscaliza\u00e7\u00f5es para apurar as principais queixas sobre os coletivos que circula na capital fluminense.\u00a0<\/p>\n\n\n\n<p>Caso o consumidor queira registrar uma reclama\u00e7\u00e3o ou fazer uma den\u00fancia, poder\u00e1 entrar em contato com os canais de atendimento do Fala Consumidor (Sedcon) e do Procon-RJ.<\/p>\n\n\n\n<p><strong><em>S\u00e3o Gon\u00e7alo vai mudar: Not\u00edcias de S\u00e3o Gon\u00e7alo e toda regi\u00e3o.<\/em><\/strong><\/p>\n\n\n\n<figure class=\"wp-block-image size-full\"><img decoding=\"async\" width=\"317\" height=\"110\" src=\"https:\/\/sgvaimudar.com.br\/wp-content\/uploads\/2023\/08\/cropped-Logo-Provisoria-2-2.png\" alt=\"\" class=\"wp-image-2782\" srcset=\"https:\/\/sgvaimudar.com.br\/wp-content\/uploads\/2023\/08\/cropped-Logo-Provisoria-2-2.png 317w, https:\/\/sgvaimudar.com.br\/wp-content\/uploads\/2023\/08\/cropped-Logo-Provisoria-2-2-300x104.png 300w\" sizes=\"(max-width: 317px) 100vw, 317px\" \/><\/figure>\n","protected":false},"excerpt":{"rendered":"<p>Calor dentro dos coletivos passava dos 40\u00ba. Ao todo, 13 empresas j\u00e1 foram notificadas A Secretaria de Estado de Defesa&hellip;<\/p>\n","protected":false},"author":5,"featured_media":19856,"comment_status":"open","ping_status":"open","sticky":false,"template":"","format":"standard","meta":{"fifu_image_url":"","fifu_image_alt":"","footnotes":""},"categories":[32],"tags":[47,75],"class_list":["post-19855","post","type-post","status-publish","format-standard","has-post-thumbnail","hentry","category-casos-de-policia","tag-rj","tag-sao-goncalo"],"_links":{"self":[{"href":"https:\/\/sgvaimudar.com.br\/index.php\/wp-json\/wp\/v2\/posts\/19855","targetHints":{"allow":["GET"]}}],"collection":[{"href":"https:\/\/sgvaimudar.com.br\/index.php\/wp-json\/wp\/v2\/posts"}],"about":[{"href":"https:\/\/sgvaimudar.com.br\/index.php\/wp-json\/wp\/v2\/types\/post"}],"author":[{"embeddable":true,"href":"https:\/\/sgvaimudar.com.br\/index.php\/wp-json\/wp\/v2\/users\/5"}],"replies":[{"embeddable":true,"href":"https:\/\/sgvaimudar.com.br\/index.php\/wp-json\/wp\/v2\/comments?post=19855"}],"version-history":[{"count":1,"href":"https:\/\/sgvaimudar.com.br\/index.php\/wp-json\/wp\/v2\/posts\/19855\/revisions"}],"predecessor-version":[{"id":19857,"href":"https:\/\/sgvaimudar.com.br\/index.php\/wp-json\/wp\/v2\/posts\/19855\/revisions\/19857"}],"wp:featuredmedia":[{"embeddable":true,"href":"https:\/\/sgvaimudar.com.br\/index.php\/wp-json\/wp\/v2\/media\/19856"}],"wp:attachment":[{"href":"https:\/\/sgvaimudar.com.br\/index.php\/wp-json\/wp\/v2\/media?parent=19855"}],"wp:term":[{"taxonomy":"category","embeddable":true,"href":"https:\/\/sgvaimudar.com.br\/index.php\/wp-json\/wp\/v2\/categories?post=19855"},{"taxonomy":"post_tag","embeddable":true,"href":"https:\/\/sgvaimudar.com.br\/index.php\/wp-json\/wp\/v2\/tags?post=19855"}],"curies":[{"name":"wp","href":"https:\/\/api.w.org\/{rel}","templated":true}]}}