{"id":19849,"date":"2025-02-06T14:00:00","date_gmt":"2025-02-06T17:00:00","guid":{"rendered":"https:\/\/sgvaimudar.com.br\/?p=19849"},"modified":"2025-02-06T10:09:42","modified_gmt":"2025-02-06T13:09:42","slug":"prefeitura-promove-3-seminario-de-liberdade-religiosa","status":"publish","type":"post","link":"https:\/\/sgvaimudar.com.br\/index.php\/2025\/02\/06\/prefeitura-promove-3-seminario-de-liberdade-religiosa\/","title":{"rendered":"Prefeitura promove 3\u00b0 Semin\u00e1rio de Liberdade Religiosa\u00a0"},"content":{"rendered":"\n<p><em>Evento acontece no Centro Cultural Joaquim Lavoura<\/em><\/p>\n\n\n\n<p>O munic\u00edpio de S\u00e3o Gon\u00e7alo, nesta sexta-feira (7\/2), ser\u00e1 palco de uma importante iniciativa para promo\u00e7\u00e3o da liberdade religiosa, democracia e respeito \u00e0 diversidade cultural. O 3\u00b0 Semin\u00e1rio de Liberdade Religiosa, Democracia e Educa\u00e7\u00e3o vai acontecer junto com a Feira da Cultura, no Centro Cultural Joaquim Lavoura, trazendo uma rica programa\u00e7\u00e3o de debates, apresenta\u00e7\u00f5es culturais e oportunidades para o empreendedorismo local.<\/p>\n\n\n\n<figure class=\"wp-block-image size-large\"><img fetchpriority=\"high\" decoding=\"async\" width=\"819\" height=\"1024\" src=\"https:\/\/sgvaimudar.com.br\/wp-content\/uploads\/2025\/02\/unnamed-6-3-819x1024.jpg\" alt=\"\" class=\"wp-image-19850\" srcset=\"https:\/\/sgvaimudar.com.br\/wp-content\/uploads\/2025\/02\/unnamed-6-3-819x1024.jpg 819w, https:\/\/sgvaimudar.com.br\/wp-content\/uploads\/2025\/02\/unnamed-6-3-240x300.jpg 240w, https:\/\/sgvaimudar.com.br\/wp-content\/uploads\/2025\/02\/unnamed-6-3-768x960.jpg 768w, https:\/\/sgvaimudar.com.br\/wp-content\/uploads\/2025\/02\/unnamed-6-3.jpg 1080w\" sizes=\"(max-width: 819px) 100vw, 819px\" \/><\/figure>\n\n\n\n<p>O 3\u00b0 Semin\u00e1rio de Liberdade Religiosa, Democracia e Educa\u00e7\u00e3o, promovido pela Coordenadoria de Promo\u00e7\u00e3o e Igualdade Racial do Munic\u00edpio de S\u00e3o Gon\u00e7alo, em conformidade com o Conselho de Defesa dos Direitos do Negro e Promo\u00e7\u00e3o de Igualdade Racial e \u00c9tnica de S\u00e3o Gon\u00e7alo (Comirsg), tem com objetivo promover o conhecimento e gerar toler\u00e2ncia, respeito ao pluralismo religioso e \u00e9tnico, em conson\u00e2ncia com os princ\u00edpios estabelecidos pela Constitui\u00e7\u00e3o Brasileira.<\/p>\n\n\n\n<p>Durante o evento ser\u00e3o discutidas pr\u00e1ticas que combatem o racismo e o preconceito religioso, al\u00e9m de promover a inclus\u00e3o e o respeito pela liberdade de cren\u00e7a.<\/p>\n\n\n\n<p>A programa\u00e7\u00e3o inclui palestras de nomes como M\u00e3e M\u00e1rcia D\u2019Oxum, uma das mais importantes lideran\u00e7as religiosas do Candombl\u00e9; Negrogun Luiz Eduardo, ativista pelos direitos da popula\u00e7\u00e3o negra; e M\u00e3e Adriana de Bessem, Yalori\u1e63\u00e1 e jornalista. Al\u00e9m disso, o evento contar\u00e1 com uma apresenta\u00e7\u00e3o cultural de dan\u00e7a afro contempor\u00e2nea, com o grupo Filhos de Oya, e depoimentos de M\u00e3e Alba de Oxossi e Pastor Eduardo Gomes, entre outros.<\/p>\n\n\n\n<p>Simultaneamente ao semin\u00e1rio, a Feira da Cultura ser\u00e1 realizada em parceria com a Feira Aduke, que vai acontecer das 10h \u00e0s 17h. O evento tem se destacado por ser inclusivo, voltado para o empreendedorismo local, especialmente para as mulheres negras empreendedoras. A proposta da feira est\u00e1 em sintonia com as atividades que j\u00e1 v\u00eam sendo realizadas com sucesso no Centro Cultural Joaquim Lavoura. O evento proporcionar\u00e1 aos empreendedores a oportunidade de apresentar seus trabalhos artesanais e gastron\u00f4micos, destacando a riqueza da cultura local.<\/p>\n\n\n\n<p><strong>PROGRAMA\u00c7\u00c3O DO SEMIN\u00c1RIO:&nbsp;<\/strong><\/p>\n\n\n\n<p>-Abertura &#8211; 13h \u00e0s 13h15min:<\/p>\n\n\n\n<p>Daniele Gon\u00e7alves Fontoura \u2013 Professora de Hist\u00f3ria e Assistente Social da Coordenadora de Promo\u00e7\u00e3o e Igualdade Racial do Munic\u00edpio de S\u00e3o Gon\u00e7alo. Presidente do Conselho de Defesa e Direito do Negro e Promo\u00e7\u00e3o de Igualdade Racial e \u00c9tnica de S\u00e3o Gon\u00e7alo. Presidente do Projeto Dandaras para Sempre.<\/p>\n\n\n\n<p>Bianca Faria da Silva \u2013 Pedagoga, Professora de Letras e Literatura da UNINTER; Coordenadora do Projeto Cardume Afro Cultural e Conselheira e Vice-Presidente da Comirsg.<\/p>\n\n\n\n<p>-Apresenta\u00e7\u00e3o Cultural de Dan\u00e7a Afro Contempor\u00e2nea &#8211; 13h20min \u00e0s 13h40min:<\/p>\n\n\n\n<p>(Grupo de dan\u00e7a filhos de Oya)<\/p>\n\n\n\n<p>Professora: Auleon Maria<\/p>\n\n\n\n<p>-Semin\u00e1rio &#8211; 14h \u00e0s 15h30min:<\/p>\n\n\n\n<p>Tema: Pr\u00e1ticas que promovem o combate ao racismo e ao preconceito religioso&nbsp;<\/p>\n\n\n\n<p>Palestrantes:<\/p>\n\n\n\n<p>M\u00e3e M\u00e1rcia D\u2019Oxum &#8211; M\u00e3e M\u00e1rcia D&#8217;Oxum, nascida M\u00e1rcia D\u00f3ria Pereira em 1958, \u00e9 uma&nbsp;destacada Iyalorix\u00e1 e ativista cultural brasileira. Iniciada no Candombl\u00e9 aos nove anos por M\u00e3e Menininha do Gantois, em Salvador, ela lidera o terreiro Egbe Il\u00e8 Iy\u00e1 Omiday\u00ea \u00c0\u1e63e Obalay\u00f3, localizado em S\u00e3o Gon\u00e7alo.<\/p>\n\n\n\n<p>Negrogum Luiz Eduardo &#8211; Luiz Eduardo de Oliveira, mais conhecido como Negrogun, \u00e9 uma figura proeminente na luta pelos direitos da popula\u00e7\u00e3o negra no Rio de Janeiro. Atuando como presidente do Conselho Estadual de Direitos do Negro (Cedine), ele tem desempenhado um papel fundamental na organiza\u00e7\u00e3o de eventos e na promo\u00e7\u00e3o da consci\u00eancia negra.<\/p>\n\n\n\n<p>M\u00e3e Adriana de Bessem &#8211; Adriana Carla formada em Jornalismo e atua na \u00e1rea de rela\u00e7\u00f5es institucionais. Tamb\u00e9m conhecida como Yalori\u1e63\u00e1 Adriana de Bessen.&nbsp;<\/p>\n\n\n\n<p>Mediadoras: Daniele Gon\u00e7alves Fontoura e Yala\u1e63\u00e9 Bianca D&#8217; \u1e62ango<\/p>\n\n\n\n<p>-Depoimentos e Integra\u00e7\u00f5es &#8211; 16h \u00e0s 16h20min:<\/p>\n\n\n\n<p>M\u00e3e Alba de Oxossi e Pastor Eduardo Gomes<\/p>\n\n\n\n<p>-Encerramento &#8211; 16h30min.<\/p>\n\n\n\n<p><strong><em>S\u00e3o Gon\u00e7alo vai mudar: Not\u00edcias de S\u00e3o Gon\u00e7alo e toda regi\u00e3o.<\/em><\/strong><\/p>\n\n\n\n<figure class=\"wp-block-image size-full\"><img decoding=\"async\" width=\"317\" height=\"110\" src=\"https:\/\/sgvaimudar.com.br\/wp-content\/uploads\/2023\/08\/cropped-Logo-Provisoria-2-2.png\" alt=\"\" class=\"wp-image-2782\" srcset=\"https:\/\/sgvaimudar.com.br\/wp-content\/uploads\/2023\/08\/cropped-Logo-Provisoria-2-2.png 317w, https:\/\/sgvaimudar.com.br\/wp-content\/uploads\/2023\/08\/cropped-Logo-Provisoria-2-2-300x104.png 300w\" sizes=\"(max-width: 317px) 100vw, 317px\" \/><\/figure>\n","protected":false},"excerpt":{"rendered":"<p>Evento acontece no Centro Cultural Joaquim Lavoura O munic\u00edpio de S\u00e3o Gon\u00e7alo, nesta sexta-feira (7\/2), ser\u00e1 palco de uma importante&hellip;<\/p>\n","protected":false},"author":5,"featured_media":7852,"comment_status":"open","ping_status":"open","sticky":false,"template":"","format":"standard","meta":{"fifu_image_url":"","fifu_image_alt":"","footnotes":""},"categories":[3],"tags":[47,75],"class_list":["post-19849","post","type-post","status-publish","format-standard","has-post-thumbnail","hentry","category-sao-goncalo","tag-rj","tag-sao-goncalo"],"_links":{"self":[{"href":"https:\/\/sgvaimudar.com.br\/index.php\/wp-json\/wp\/v2\/posts\/19849","targetHints":{"allow":["GET"]}}],"collection":[{"href":"https:\/\/sgvaimudar.com.br\/index.php\/wp-json\/wp\/v2\/posts"}],"about":[{"href":"https:\/\/sgvaimudar.com.br\/index.php\/wp-json\/wp\/v2\/types\/post"}],"author":[{"embeddable":true,"href":"https:\/\/sgvaimudar.com.br\/index.php\/wp-json\/wp\/v2\/users\/5"}],"replies":[{"embeddable":true,"href":"https:\/\/sgvaimudar.com.br\/index.php\/wp-json\/wp\/v2\/comments?post=19849"}],"version-history":[{"count":1,"href":"https:\/\/sgvaimudar.com.br\/index.php\/wp-json\/wp\/v2\/posts\/19849\/revisions"}],"predecessor-version":[{"id":19851,"href":"https:\/\/sgvaimudar.com.br\/index.php\/wp-json\/wp\/v2\/posts\/19849\/revisions\/19851"}],"wp:featuredmedia":[{"embeddable":true,"href":"https:\/\/sgvaimudar.com.br\/index.php\/wp-json\/wp\/v2\/media\/7852"}],"wp:attachment":[{"href":"https:\/\/sgvaimudar.com.br\/index.php\/wp-json\/wp\/v2\/media?parent=19849"}],"wp:term":[{"taxonomy":"category","embeddable":true,"href":"https:\/\/sgvaimudar.com.br\/index.php\/wp-json\/wp\/v2\/categories?post=19849"},{"taxonomy":"post_tag","embeddable":true,"href":"https:\/\/sgvaimudar.com.br\/index.php\/wp-json\/wp\/v2\/tags?post=19849"}],"curies":[{"name":"wp","href":"https:\/\/api.w.org\/{rel}","templated":true}]}}