{"id":19791,"date":"2025-02-05T10:16:51","date_gmt":"2025-02-05T13:16:51","guid":{"rendered":"https:\/\/sgvaimudar.com.br\/?p=19791"},"modified":"2025-02-05T10:46:38","modified_gmt":"2025-02-05T13:46:38","slug":"ladrao-furta-portao-de-ferro-de-imovel-em-itaborai-e-e-preso-pelos-policiais-do-seguranca-presente","status":"publish","type":"post","link":"https:\/\/sgvaimudar.com.br\/index.php\/2025\/02\/05\/ladrao-furta-portao-de-ferro-de-imovel-em-itaborai-e-e-preso-pelos-policiais-do-seguranca-presente\/","title":{"rendered":"Ladr\u00e3o furta port\u00e3o de ferro de im\u00f3vel em Itabora\u00ed e \u00e9 preso pelos policiais do Seguran\u00e7a Presente"},"content":{"rendered":"\n<p><em>Acusado foi conduzido para a 71\u00aa DP e posteriormente para a 73\u00aa DP <\/em><\/p>\n\n\n\n<p>Um ladr\u00e3o de 41 anos, foi preso pelos policiais do Seguran\u00e7a Presente, no Centro de Itabora\u00ed, depois de furtar um port\u00e3o de ferro de uma resid\u00eancia na altura do n\u00famero 1443 da Rua Presidente Castelo Branco, na manh\u00e3 desta ter\u00e7a-feira (4\/02).<\/p>\n\n\n\n<p>Segundo a PM, uma guarni\u00e7\u00e3o do 35\u00baBPM (Itabora\u00ed) foi solicitada em apoio para condu\u00e7\u00e3o do acusado do roubo a resid\u00eancia e foi conduzido para a 71\u00aa DP e posteriormente para a 73\u00aa DP onde permaneceu preso pelo artigo 157.<\/p>\n\n\n\n<p><strong><em>S\u00e3o Gon\u00e7alo vai mudar: Not\u00edcias de S\u00e3o Gon\u00e7alo e toda regi\u00e3o.<\/em><\/strong><\/p>\n\n\n\n<figure class=\"wp-block-image size-full\"><img decoding=\"async\" width=\"317\" height=\"110\" src=\"https:\/\/sgvaimudar.com.br\/wp-content\/uploads\/2023\/08\/cropped-Logo-Provisoria-2-2.png\" alt=\"\" class=\"wp-image-2782\" srcset=\"https:\/\/sgvaimudar.com.br\/wp-content\/uploads\/2023\/08\/cropped-Logo-Provisoria-2-2.png 317w, https:\/\/sgvaimudar.com.br\/wp-content\/uploads\/2023\/08\/cropped-Logo-Provisoria-2-2-300x104.png 300w\" sizes=\"(max-width: 317px) 100vw, 317px\" \/><\/figure>\n\n\n\n<p><\/p>\n","protected":false},"excerpt":{"rendered":"<p>Acusado foi conduzido para a 71\u00aa DP e posteriormente para a 73\u00aa DP Um ladr\u00e3o de 41 anos, foi preso&hellip;<\/p>\n","protected":false},"author":5,"featured_media":19793,"comment_status":"open","ping_status":"open","sticky":false,"template":"","format":"standard","meta":{"fifu_image_url":"","fifu_image_alt":"","footnotes":""},"categories":[32],"tags":[47],"class_list":["post-19791","post","type-post","status-publish","format-standard","has-post-thumbnail","hentry","category-casos-de-policia","tag-rj"],"_links":{"self":[{"href":"https:\/\/sgvaimudar.com.br\/index.php\/wp-json\/wp\/v2\/posts\/19791","targetHints":{"allow":["GET"]}}],"collection":[{"href":"https:\/\/sgvaimudar.com.br\/index.php\/wp-json\/wp\/v2\/posts"}],"about":[{"href":"https:\/\/sgvaimudar.com.br\/index.php\/wp-json\/wp\/v2\/types\/post"}],"author":[{"embeddable":true,"href":"https:\/\/sgvaimudar.com.br\/index.php\/wp-json\/wp\/v2\/users\/5"}],"replies":[{"embeddable":true,"href":"https:\/\/sgvaimudar.com.br\/index.php\/wp-json\/wp\/v2\/comments?post=19791"}],"version-history":[{"count":2,"href":"https:\/\/sgvaimudar.com.br\/index.php\/wp-json\/wp\/v2\/posts\/19791\/revisions"}],"predecessor-version":[{"id":19808,"href":"https:\/\/sgvaimudar.com.br\/index.php\/wp-json\/wp\/v2\/posts\/19791\/revisions\/19808"}],"wp:featuredmedia":[{"embeddable":true,"href":"https:\/\/sgvaimudar.com.br\/index.php\/wp-json\/wp\/v2\/media\/19793"}],"wp:attachment":[{"href":"https:\/\/sgvaimudar.com.br\/index.php\/wp-json\/wp\/v2\/media?parent=19791"}],"wp:term":[{"taxonomy":"category","embeddable":true,"href":"https:\/\/sgvaimudar.com.br\/index.php\/wp-json\/wp\/v2\/categories?post=19791"},{"taxonomy":"post_tag","embeddable":true,"href":"https:\/\/sgvaimudar.com.br\/index.php\/wp-json\/wp\/v2\/tags?post=19791"}],"curies":[{"name":"wp","href":"https:\/\/api.w.org\/{rel}","templated":true}]}}