{"id":19786,"date":"2025-02-05T15:00:00","date_gmt":"2025-02-05T18:00:00","guid":{"rendered":"https:\/\/sgvaimudar.com.br\/?p=19786"},"modified":"2025-02-05T09:31:06","modified_gmt":"2025-02-05T12:31:06","slug":"tre-do-rio-absolve-chapa-de-claudio-castro-em-acao-por-gastos-em-2022","status":"publish","type":"post","link":"https:\/\/sgvaimudar.com.br\/index.php\/2025\/02\/05\/tre-do-rio-absolve-chapa-de-claudio-castro-em-acao-por-gastos-em-2022\/","title":{"rendered":"TRE do Rio absolve chapa de Cl\u00e1udio Castro em a\u00e7\u00e3o por gastos em 2022"},"content":{"rendered":"\n<p><em>Relator diz que n\u00e3o h\u00e1 provas de irregularidades na campanha eleitoral<\/em><\/p>\n\n\n\n<p>O Tribunal Regional Eleitoral (TRE-RJ), em sess\u00e3o plen\u00e1ria de julgamento, negou na tarde desta ter\u00e7a-feira (4), por 5 votos a 2, pedido de cassa\u00e7\u00e3o da chapa do governador Cl\u00e1udio Castro e do vice Thiago Pampolha, acusados de gastos il\u00edcitos na campanha eleitoral de 2022, com malversa\u00e7\u00e3o do dinheiro p\u00fablico. O Minist\u00e9rio P\u00fablico Eleitoral (MPE-RJ) apontou supostas irregularidades\u00a0no valor de R$10 milh\u00f5es na contrata\u00e7\u00e3o dos servi\u00e7os de fornecedores.<img decoding=\"async\" src=\"https:\/\/agenciabrasil.ebc.com.br\/ebc.png?id=1629124&amp;o=node\"><img decoding=\"async\" src=\"https:\/\/agenciabrasil.ebc.com.br\/ebc.gif?id=1629124&amp;o=node\"><\/p>\n\n\n\n<p>O relator do caso, desembargador Rafael Estrela, votou pela absolvi\u00e7\u00e3o da chapa Castro\/Pampolha com a argumenta\u00e7\u00e3o que o MP Eleitoral n\u00e3o conseguiu reunir provas sobre supostas irregularidades no uso da verba de campanha, no valor de R$ 19 milh\u00f5es. As desembargadoras Daniela Bandeira, Tathiana de Carvalho Costa, K\u00e1tia Junqueira e o presidente do TRE-RJ, desembargador Henrique Carlos de Andrade Figueira votaram acompanhando o voto do relator.&nbsp;&nbsp;<\/p>\n\n\n\n<p>J\u00e1 o desembargador Peterson Barroso Sim\u00e3o disse, em seu voto contra a prova\u00e7\u00e3o das contas, que as notas fiscais de campanha n\u00e3o traziam explica\u00e7\u00f5es sobre o servi\u00e7o prestado e que foram usados \u201claranjas\u201d para comprovar a presta\u00e7\u00e3o das contas de campanha.&nbsp;<\/p>\n\n\n\n<p>O desembargador Ricardo Perlingeiro tamb\u00e9m votou contra a aprova\u00e7\u00e3o das contas de campanha da chapa Castro\/Pampolha e foi favor\u00e1vel a cassa\u00e7\u00e3o dos diplomas \u201cpor recursos il\u00edcitos de campanha\u201d.<\/p>\n\n\n\n<p><strong><em>S\u00e3o Gon\u00e7alo vai mudar: Not\u00edcias de S\u00e3o Gon\u00e7alo e toda regi\u00e3o.<\/em><\/strong><\/p>\n\n\n\n<figure class=\"wp-block-image size-full\"><img decoding=\"async\" width=\"317\" height=\"110\" src=\"https:\/\/sgvaimudar.com.br\/wp-content\/uploads\/2023\/08\/cropped-Logo-Provisoria-2-2.png\" alt=\"\" class=\"wp-image-2782\" srcset=\"https:\/\/sgvaimudar.com.br\/wp-content\/uploads\/2023\/08\/cropped-Logo-Provisoria-2-2.png 317w, https:\/\/sgvaimudar.com.br\/wp-content\/uploads\/2023\/08\/cropped-Logo-Provisoria-2-2-300x104.png 300w\" sizes=\"(max-width: 317px) 100vw, 317px\" \/><\/figure>\n","protected":false},"excerpt":{"rendered":"<p>Relator diz que n\u00e3o h\u00e1 provas de irregularidades na campanha eleitoral O Tribunal Regional Eleitoral (TRE-RJ), em sess\u00e3o plen\u00e1ria de&hellip;<\/p>\n","protected":false},"author":5,"featured_media":8252,"comment_status":"open","ping_status":"open","sticky":false,"template":"","format":"standard","meta":{"fifu_image_url":"","fifu_image_alt":"","footnotes":""},"categories":[4],"tags":[47,73],"class_list":["post-19786","post","type-post","status-publish","format-standard","has-post-thumbnail","hentry","category-brasil","tag-rj","tag-votacao"],"_links":{"self":[{"href":"https:\/\/sgvaimudar.com.br\/index.php\/wp-json\/wp\/v2\/posts\/19786","targetHints":{"allow":["GET"]}}],"collection":[{"href":"https:\/\/sgvaimudar.com.br\/index.php\/wp-json\/wp\/v2\/posts"}],"about":[{"href":"https:\/\/sgvaimudar.com.br\/index.php\/wp-json\/wp\/v2\/types\/post"}],"author":[{"embeddable":true,"href":"https:\/\/sgvaimudar.com.br\/index.php\/wp-json\/wp\/v2\/users\/5"}],"replies":[{"embeddable":true,"href":"https:\/\/sgvaimudar.com.br\/index.php\/wp-json\/wp\/v2\/comments?post=19786"}],"version-history":[{"count":1,"href":"https:\/\/sgvaimudar.com.br\/index.php\/wp-json\/wp\/v2\/posts\/19786\/revisions"}],"predecessor-version":[{"id":19787,"href":"https:\/\/sgvaimudar.com.br\/index.php\/wp-json\/wp\/v2\/posts\/19786\/revisions\/19787"}],"wp:featuredmedia":[{"embeddable":true,"href":"https:\/\/sgvaimudar.com.br\/index.php\/wp-json\/wp\/v2\/media\/8252"}],"wp:attachment":[{"href":"https:\/\/sgvaimudar.com.br\/index.php\/wp-json\/wp\/v2\/media?parent=19786"}],"wp:term":[{"taxonomy":"category","embeddable":true,"href":"https:\/\/sgvaimudar.com.br\/index.php\/wp-json\/wp\/v2\/categories?post=19786"},{"taxonomy":"post_tag","embeddable":true,"href":"https:\/\/sgvaimudar.com.br\/index.php\/wp-json\/wp\/v2\/tags?post=19786"}],"curies":[{"name":"wp","href":"https:\/\/api.w.org\/{rel}","templated":true}]}}