{"id":19771,"date":"2025-02-05T12:00:00","date_gmt":"2025-02-05T15:00:00","guid":{"rendered":"https:\/\/sgvaimudar.com.br\/?p=19771"},"modified":"2025-02-05T09:02:50","modified_gmt":"2025-02-05T12:02:50","slug":"artesanato-de-sao-goncalo-marca-presenca-na-edicao-2025-do-casabloco","status":"publish","type":"post","link":"https:\/\/sgvaimudar.com.br\/index.php\/2025\/02\/05\/artesanato-de-sao-goncalo-marca-presenca-na-edicao-2025-do-casabloco\/","title":{"rendered":"Artesanato de S\u00e3o Gon\u00e7alo marca presen\u00e7a na edi\u00e7\u00e3o 2025 do CasaBloco"},"content":{"rendered":"\n<p><em>Artes\u00e3s mostram riqueza cultural da cidade em evento na G\u00e1vea<\/em><\/p>\n\n\n\n<p>O munic\u00edpio de S\u00e3o Gon\u00e7alo ter\u00e1 o privil\u00e9gio de levar seu artesanato \u00e0 sexta edi\u00e7\u00e3o do evento \u201cCasaBloco. \u00d4 abre alas, que eu quero passar\u201d, que ocorrer\u00e1 entre os dias 6 e 8 deste m\u00eas, no Jockey Club Brasileiro, na G\u00e1vea, no Rio de Janeiro. A participa\u00e7\u00e3o da cidade ser\u00e1 no primeiro dia do evento, 6 de fevereiro, com um stand exclusivo dedicado \u00e0 exibi\u00e7\u00e3o e comercializa\u00e7\u00e3o de pe\u00e7as de artesanato locais.<\/p>\n\n\n\n<p>Com o tema \u201cAmores, Cores e Carnavais\u201d, a CasaBloco se reinventa a cada ano e, nesta edi\u00e7\u00e3o, promete surpreender o p\u00fablico com novidades imperd\u00edveis. O evento, que surgiu em 2018, \u00e9 um espa\u00e7o plural que re\u00fane blocos, artistas e manifesta\u00e7\u00f5es culturais de diversas regi\u00f5es do Brasil, celebrando a diversidade e a riqueza do carnaval e da arte popular brasileira.<\/p>\n\n\n\n<p>Segundo a secret\u00e1ria de Turismo e Cultura da Prefeitura de S\u00e3o Gon\u00e7alo, Julia Sobreira, a participa\u00e7\u00e3o do Artesanato de S\u00e3o Gon\u00e7alo na CasaBloco 2025 \u00e9 uma oportunidade incr\u00edvel para valorizar e divulgar a nossa cultura. <\/p>\n\n\n\n<p>&#8220;Estamos orgulhosos de poder representar os talentosos artes\u00e3os da cidade, cujas pe\u00e7as s\u00e3o verdadeiras express\u00f5es da nossa identidade. O evento oferece uma visibilidade importante para o nosso trabalho, refor\u00e7ando o papel do artesanato como um dos pilares da cultura local e promovendo a economia criativa de S\u00e3o Gon\u00e7alo\u201d, explicou a secret\u00e1ria.\u00a0<\/p>\n\n\n\n<p>O stand de S\u00e3o Gon\u00e7alo ser\u00e1 uma oportunidade \u00fanica para os visitantes conhecerem e adquirirem obras que refletem a criatividade e o talento dos artes\u00e3os da cidade, consolidando a participa\u00e7\u00e3o do munic\u00edpio no cen\u00e1rio cultural do estado.<\/p>\n\n\n\n<p>Servi\u00e7o<\/p>\n\n\n\n<p>Local: Jockey Clube Brasileiro, Pra\u00e7a Santos Dumont, 31 \/ RJ<\/p>\n\n\n\n<p>Data: 06, 07 e 08 de fevereiro de 2025<\/p>\n\n\n\n<p>Hor\u00e1rios: Quinta-feira: 15h \u00e0s 21h<\/p>\n\n\n\n<p>Sexta-feira: 14h \u00e0s 22h<\/p>\n\n\n\n<p>S\u00e1bado: 10h \u00e0s 22h<\/p>\n\n\n\n<p><em>Foto: Julio Dini<\/em>z<\/p>\n\n\n\n<p><strong><em>S\u00e3o Gon\u00e7alo vai mudar: Not\u00edcias de S\u00e3o Gon\u00e7alo e toda regi\u00e3o.<\/em><\/strong><\/p>\n\n\n\n<figure class=\"wp-block-image size-full\"><img decoding=\"async\" width=\"317\" height=\"110\" src=\"https:\/\/sgvaimudar.com.br\/wp-content\/uploads\/2023\/08\/cropped-Logo-Provisoria-2-2.png\" alt=\"\" class=\"wp-image-2782\" srcset=\"https:\/\/sgvaimudar.com.br\/wp-content\/uploads\/2023\/08\/cropped-Logo-Provisoria-2-2.png 317w, https:\/\/sgvaimudar.com.br\/wp-content\/uploads\/2023\/08\/cropped-Logo-Provisoria-2-2-300x104.png 300w\" sizes=\"(max-width: 317px) 100vw, 317px\" \/><\/figure>\n","protected":false},"excerpt":{"rendered":"<p>Artes\u00e3s mostram riqueza cultural da cidade em evento na G\u00e1vea O munic\u00edpio de S\u00e3o Gon\u00e7alo ter\u00e1 o privil\u00e9gio de levar&hellip;<\/p>\n","protected":false},"author":5,"featured_media":19772,"comment_status":"open","ping_status":"open","sticky":false,"template":"","format":"standard","meta":{"fifu_image_url":"","fifu_image_alt":"","footnotes":""},"categories":[6],"tags":[47,75],"class_list":["post-19771","post","type-post","status-publish","format-standard","has-post-thumbnail","hentry","category-entretenimento","tag-rj","tag-sao-goncalo"],"_links":{"self":[{"href":"https:\/\/sgvaimudar.com.br\/index.php\/wp-json\/wp\/v2\/posts\/19771","targetHints":{"allow":["GET"]}}],"collection":[{"href":"https:\/\/sgvaimudar.com.br\/index.php\/wp-json\/wp\/v2\/posts"}],"about":[{"href":"https:\/\/sgvaimudar.com.br\/index.php\/wp-json\/wp\/v2\/types\/post"}],"author":[{"embeddable":true,"href":"https:\/\/sgvaimudar.com.br\/index.php\/wp-json\/wp\/v2\/users\/5"}],"replies":[{"embeddable":true,"href":"https:\/\/sgvaimudar.com.br\/index.php\/wp-json\/wp\/v2\/comments?post=19771"}],"version-history":[{"count":1,"href":"https:\/\/sgvaimudar.com.br\/index.php\/wp-json\/wp\/v2\/posts\/19771\/revisions"}],"predecessor-version":[{"id":19773,"href":"https:\/\/sgvaimudar.com.br\/index.php\/wp-json\/wp\/v2\/posts\/19771\/revisions\/19773"}],"wp:featuredmedia":[{"embeddable":true,"href":"https:\/\/sgvaimudar.com.br\/index.php\/wp-json\/wp\/v2\/media\/19772"}],"wp:attachment":[{"href":"https:\/\/sgvaimudar.com.br\/index.php\/wp-json\/wp\/v2\/media?parent=19771"}],"wp:term":[{"taxonomy":"category","embeddable":true,"href":"https:\/\/sgvaimudar.com.br\/index.php\/wp-json\/wp\/v2\/categories?post=19771"},{"taxonomy":"post_tag","embeddable":true,"href":"https:\/\/sgvaimudar.com.br\/index.php\/wp-json\/wp\/v2\/tags?post=19771"}],"curies":[{"name":"wp","href":"https:\/\/api.w.org\/{rel}","templated":true}]}}