{"id":19760,"date":"2025-02-05T10:00:00","date_gmt":"2025-02-05T13:00:00","guid":{"rendered":"https:\/\/sgvaimudar.com.br\/?p=19760"},"modified":"2025-02-05T08:31:46","modified_gmt":"2025-02-05T11:31:46","slug":"secretaria-de-conservacao-realiza-manutencao-em-praca-de-santa-catarina","status":"publish","type":"post","link":"https:\/\/sgvaimudar.com.br\/index.php\/2025\/02\/05\/secretaria-de-conservacao-realiza-manutencao-em-praca-de-santa-catarina\/","title":{"rendered":"Secretaria de Conserva\u00e7\u00e3o realiza manuten\u00e7\u00e3o em pra\u00e7a de Santa Catarina"},"content":{"rendered":"\n<p><em>Local passou por pinturas, novo paisagismo e melhorias na quadra<\/em><\/p>\n\n\n\n<p>Mais um espa\u00e7o de lazer e recrea\u00e7\u00e3o passou por melhorias em S\u00e3o Gon\u00e7alo. <\/p>\n\n\n\n<p>A Secretaria de Conserva\u00e7\u00e3o do munic\u00edpio de S\u00e3o Gon\u00e7alo concluiu a manuten\u00e7\u00e3o na Pra\u00e7a Sr. Jorge Rodrigues, conhecida como Pra\u00e7a do Gesso, no bairro de Santa Catarina. Segundo os moradores, o espa\u00e7o de lazer e recrea\u00e7\u00e3o precisava mesmo das melhorias. No local, foram instalados novos brinquedos e a pra\u00e7a ganhou nova pintura e paisagismo, al\u00e9m de melhorias no piso e na pintura da quadra.<\/p>\n\n\n\n<p>Segundo a Prefeitura, as manuten\u00e7\u00f5es nas pra\u00e7as s\u00e3o feitas rotineiramente &#8220;Anteriormente, reparos foram realizados na pra\u00e7a de Nova Cidade. Essas readequa\u00e7\u00f5es visam atender \u00e0s necessidades da popula\u00e7\u00e3o&#8221;, disse o poder p\u00fablico no texto.<\/p>\n\n\n\n<figure class=\"wp-block-image size-large\"><img fetchpriority=\"high\" decoding=\"async\" width=\"1024\" height=\"684\" src=\"https:\/\/sgvaimudar.com.br\/wp-content\/uploads\/2025\/02\/unnamed-3-3-1024x684.jpg\" alt=\"\" class=\"wp-image-19762\" srcset=\"https:\/\/sgvaimudar.com.br\/wp-content\/uploads\/2025\/02\/unnamed-3-3-1024x684.jpg 1024w, https:\/\/sgvaimudar.com.br\/wp-content\/uploads\/2025\/02\/unnamed-3-3-300x200.jpg 300w, https:\/\/sgvaimudar.com.br\/wp-content\/uploads\/2025\/02\/unnamed-3-3-768x513.jpg 768w, https:\/\/sgvaimudar.com.br\/wp-content\/uploads\/2025\/02\/unnamed-3-3-1536x1027.jpg 1536w, https:\/\/sgvaimudar.com.br\/wp-content\/uploads\/2025\/02\/unnamed-3-3.jpg 1616w\" sizes=\"(max-width: 1024px) 100vw, 1024px\" \/><\/figure>\n\n\n\n<p>O secret\u00e1rio de Conserva\u00e7\u00e3o, Edson Leal, destacou a import\u00e2ncia dessas manuten\u00e7\u00f5es.<\/p>\n\n\n\n<p>&#8220;A gente est\u00e1 reorganizando e realizando manuten\u00e7\u00f5es em algumas pra\u00e7as para que a popula\u00e7\u00e3o consiga aproveitar mais os espa\u00e7os de lazer gratuitos. O prefeito Capit\u00e3o Nelson sempre recomenda que a gente atue de forma a priorizar o mun\u00edcipe&#8221;, disse o secret\u00e1rio. <\/p>\n\n\n\n<p>Segundo ele, todos os dias, equipes atuam pelo munic\u00edpio, seja na poda das \u00e1rvores, na limpeza de \u00e1guas pluviais ou na coleta do lixo. &#8220;O nosso trabalho visa garantir uma melhor qualidade de vida para todos e as manuten\u00e7\u00f5es s\u00e3o parte disso. Por isso, pedimos que as pessoas cuidem desses espa\u00e7os, incluindo os brinquedos novos, por exemplo, para que eles tenha uma maior durabilidade&#8221;, disse Leal.<\/p>\n\n\n\n<p>O aposentado Jos\u00e9 Bezerra, de 84 anos, afirmou que a pra\u00e7a est\u00e1 melhor. &#8220;Essa pra\u00e7a estava precisando bastante dessa manuten\u00e7\u00e3o. Est\u00e1 bonita! Sei que hoje mesmo de manh\u00e3 havia mulheres fazendo gin\u00e1stica, \u00e0 tarde, as crian\u00e7as jogam na quadra e ela fica cheia. As pessoas podem aproveitar melhor, sem contar na pintura que est\u00e1 mais bonita. Para mim, as equipes da Prefeitura fizeram tudo direitinho aqui&#8221;, disse ele, que mora no bairro h\u00e1 mais de 20 anos.<\/p>\n\n\n\n<p>A Prefeitura disse ainda que realiza tamb\u00e9m o projeto Pra\u00e7a Renovada, que tem como objetivo entregar \u00e0 popula\u00e7\u00e3o \u00e1reas de lazer revitalizadas. &#8220;Nesse momento, o projeto est\u00e1 em andamento na Pra\u00e7a Prefeito Gilberto Afonso Pires, no Jardim Alc\u00e2ntara, que ser\u00e1 entregue para a popula\u00e7\u00e3o no pr\u00f3ximo s\u00e1bado, \u00e0s 16h. O projeto Pra\u00e7a Renovada j\u00e1 foi conclu\u00eddo em 16 espa\u00e7os de lazer&#8221;, concluiu o Executivo na nota.<\/p>\n\n\n\n<p><em>Fotos: Renan Otto\u00a0<\/em><\/p>\n\n\n\n<p><strong><em>S\u00e3o Gon\u00e7alo vai mudar: Not\u00edcias de S\u00e3o Gon\u00e7alo e toda regi\u00e3o.<\/em><\/strong><\/p>\n\n\n\n<figure class=\"wp-block-image size-full\"><img decoding=\"async\" width=\"317\" height=\"110\" src=\"https:\/\/sgvaimudar.com.br\/wp-content\/uploads\/2023\/08\/cropped-Logo-Provisoria-2-2.png\" alt=\"\" class=\"wp-image-2782\" srcset=\"https:\/\/sgvaimudar.com.br\/wp-content\/uploads\/2023\/08\/cropped-Logo-Provisoria-2-2.png 317w, https:\/\/sgvaimudar.com.br\/wp-content\/uploads\/2023\/08\/cropped-Logo-Provisoria-2-2-300x104.png 300w\" sizes=\"(max-width: 317px) 100vw, 317px\" \/><\/figure>\n","protected":false},"excerpt":{"rendered":"<p>Local passou por pinturas, novo paisagismo e melhorias na quadra Mais um espa\u00e7o de lazer e recrea\u00e7\u00e3o passou por melhorias&hellip;<\/p>\n","protected":false},"author":5,"featured_media":19761,"comment_status":"open","ping_status":"open","sticky":false,"template":"","format":"standard","meta":{"fifu_image_url":"","fifu_image_alt":"","footnotes":""},"categories":[3],"tags":[47,75],"class_list":["post-19760","post","type-post","status-publish","format-standard","has-post-thumbnail","hentry","category-sao-goncalo","tag-rj","tag-sao-goncalo"],"_links":{"self":[{"href":"https:\/\/sgvaimudar.com.br\/index.php\/wp-json\/wp\/v2\/posts\/19760","targetHints":{"allow":["GET"]}}],"collection":[{"href":"https:\/\/sgvaimudar.com.br\/index.php\/wp-json\/wp\/v2\/posts"}],"about":[{"href":"https:\/\/sgvaimudar.com.br\/index.php\/wp-json\/wp\/v2\/types\/post"}],"author":[{"embeddable":true,"href":"https:\/\/sgvaimudar.com.br\/index.php\/wp-json\/wp\/v2\/users\/5"}],"replies":[{"embeddable":true,"href":"https:\/\/sgvaimudar.com.br\/index.php\/wp-json\/wp\/v2\/comments?post=19760"}],"version-history":[{"count":1,"href":"https:\/\/sgvaimudar.com.br\/index.php\/wp-json\/wp\/v2\/posts\/19760\/revisions"}],"predecessor-version":[{"id":19763,"href":"https:\/\/sgvaimudar.com.br\/index.php\/wp-json\/wp\/v2\/posts\/19760\/revisions\/19763"}],"wp:featuredmedia":[{"embeddable":true,"href":"https:\/\/sgvaimudar.com.br\/index.php\/wp-json\/wp\/v2\/media\/19761"}],"wp:attachment":[{"href":"https:\/\/sgvaimudar.com.br\/index.php\/wp-json\/wp\/v2\/media?parent=19760"}],"wp:term":[{"taxonomy":"category","embeddable":true,"href":"https:\/\/sgvaimudar.com.br\/index.php\/wp-json\/wp\/v2\/categories?post=19760"},{"taxonomy":"post_tag","embeddable":true,"href":"https:\/\/sgvaimudar.com.br\/index.php\/wp-json\/wp\/v2\/tags?post=19760"}],"curies":[{"name":"wp","href":"https:\/\/api.w.org\/{rel}","templated":true}]}}